{"id":122,"date":"2008-02-07T13:23:35","date_gmt":"2008-02-07T12:23:35","guid":{"rendered":"http:\/\/deleet.dk\/?p=122"},"modified":"2008-02-07T13:23:35","modified_gmt":"2008-02-07T12:23:35","slug":"en-kristen-er","status":"publish","type":"post","link":"https:\/\/emilkirkegaard.dk\/da\/?p=122","title":{"rendered":"En kristen er&#8230;"},"content":{"rendered":"<h1><strong><br \/>\n<\/strong><\/h1>\n<p><em>Af Emil Kirkegaard &#8211; dedikeret til mini-me<br \/>\n<\/em><\/p>\n<p><strong>Abstrakt<\/strong><\/p>\n<p>Nogle mener, at man er kristen n\u00e5r man selv f\u00f8ler for det, eller selv synes det. Biblen er uenig, men det vil jeg ikke komme ind p\u00e5 her. Jeg vil vise at hvis man godtager at man er kristen fordi man synes det, s\u00e5 rammer man ind i nogle absurditeter.<\/p>\n<p><strong>Kategori og krav<\/strong><\/p>\n<p>Kristen er en kategori. Alle kategorier har nogle krav for at man kan v\u00e6re med i den kategori.  Hvis det omvendt set var s\u00e5dan, at man tilh\u00f8rte den kategori man havde lyst til at tilh\u00f8re, s\u00e5 tror jeg ikke at nogen mordere gad tilh\u00f8re kategorien &#8216;mordere&#8217;.<\/p>\n<p>Tilmed g\u00e5r det imod hele ideen om at have kategorier hvor kan kan systematisere tingene i. En kategori er jo netop til, for at man kan identificere f\u00e6llestr\u00e6k, s\u00e5dan at der opn\u00e5s et st\u00f8rre overblik. Hvis kristen bet\u00f8d dem, som synes at de er kristne, s\u00e5 har man blot oprettet en ny kategori der hedder &#8216;wannabe-kristne&#8217;, men den originale kategori er der stadig.<\/p>\n<p><strong>\u00c5rsagen<\/strong><\/p>\n<p>Grunden til at mange, og jeg selv f\u00f8r jeg \u00e6ndrede holdning, tilslutter sig denne holdning, er at det er den nemme udvej. Det er \u00e5benlyst sv\u00e6rt at definere kristen p\u00e5 en m\u00e5de, hvor Protestanter, Katolikker, Jehovas Vidner, Mormoner etc. skal ind under, HVIS de skal ind under. I det hele taget virker det som om, at begrundelsen hviler p\u00e5 subjektivitet. Religion er subjektivt og kristen betyder noget forskelligt for den enkelte person, men dette g\u00f8r begrebet totalt meningsl\u00f8st for andre mennesker, da ord er n\u00f8dt til at have en f\u00e6lles definition ellers er de ubrugelige.<\/p>\n","protected":false},"excerpt":{"rendered":"<p>Af Emil Kirkegaard &#8211; dedikeret til mini-me Abstrakt Nogle mener, at man er kristen n\u00e5r man selv f\u00f8ler for det, eller selv synes det. Biblen er uenig, men det vil jeg ikke komme ind p\u00e5 her. Jeg vil vise at hvis man godtager at man er kristen fordi man synes det, s\u00e5 rammer man ind [&hellip;]<\/p>\n","protected":false},"author":4,"featured_media":0,"comment_status":"open","ping_status":"open","sticky":false,"template":"","format":"standard","meta":{"footnotes":""},"categories":[8],"tags":[629,665],"class_list":["post-122","post","type-post","status-publish","format-standard","hentry","category-filosofi","tag-kategori","tag-kristen"],"_links":{"self":[{"href":"https:\/\/emilkirkegaard.dk\/da\/index.php?rest_route=\/wp\/v2\/posts\/122","targetHints":{"allow":["GET"]}}],"collection":[{"href":"https:\/\/emilkirkegaard.dk\/da\/index.php?rest_route=\/wp\/v2\/posts"}],"about":[{"href":"https:\/\/emilkirkegaard.dk\/da\/index.php?rest_route=\/wp\/v2\/types\/post"}],"author":[{"embeddable":true,"href":"https:\/\/emilkirkegaard.dk\/da\/index.php?rest_route=\/wp\/v2\/users\/4"}],"replies":[{"embeddable":true,"href":"https:\/\/emilkirkegaard.dk\/da\/index.php?rest_route=%2Fwp%2Fv2%2Fcomments&post=122"}],"version-history":[{"count":0,"href":"https:\/\/emilkirkegaard.dk\/da\/index.php?rest_route=\/wp\/v2\/posts\/122\/revisions"}],"wp:attachment":[{"href":"https:\/\/emilkirkegaard.dk\/da\/index.php?rest_route=%2Fwp%2Fv2%2Fmedia&parent=122"}],"wp:term":[{"taxonomy":"category","embeddable":true,"href":"https:\/\/emilkirkegaard.dk\/da\/index.php?rest_route=%2Fwp%2Fv2%2Fcategories&post=122"},{"taxonomy":"post_tag","embeddable":true,"href":"https:\/\/emilkirkegaard.dk\/da\/index.php?rest_route=%2Fwp%2Fv2%2Ftags&post=122"}],"curies":[{"name":"wp","href":"https:\/\/api.w.org\/{rel}","templated":true}]}}