{"id":1518,"date":"2009-07-26T18:27:23","date_gmt":"2009-07-26T16:27:23","guid":{"rendered":"http:\/\/deleet.dk\/?p=1518"},"modified":"2009-07-26T18:27:23","modified_gmt":"2009-07-26T16:27:23","slug":"anders-and-filosofi-det-synske-dovendyr","status":"publish","type":"post","link":"https:\/\/emilkirkegaard.dk\/da\/?p=1518","title":{"rendered":"Anders And filosofi: Det synske dovendyr"},"content":{"rendered":"<p><!-- \t\t@page { margin: 2cm } \t\tP { margin-bottom: 0.21cm; line-height: 150% } --><\/p>\n<p style=\"margin-bottom: 0cm; line-height: 100%;\"><a href=\"http:\/\/deleet.dk\/wp-content\/Det-synske-dovendyr.jpg\"><img loading=\"lazy\" decoding=\"async\" class=\"alignnone size-thumbnail wp-image-1519\" title=\"Det synske dovendyr\" src=\"http:\/\/deleet.dk\/wp-content\/Det-synske-dovendyr-150x150.jpg\" alt=\"Det synske dovendyr\" width=\"150\" height=\"150\" \/><\/a><\/p>\n<p style=\"margin-bottom: 0cm; line-height: 100%;\">Drengene er vist ikke helt s\u00e5 smarte, som de ofte g\u00f8res til. Hvorfor er de imponeret over at Joakim har fanget dovendyret? Det kan ses p\u00e5 billederne 3 og 4 at dyret smiler. Det var alts\u00e5 ikke noget uheld, at det blev fanget. Den vidste godt, at Joakim ville smide et net p\u00e5 den n\u00e5r den gik derhen men gjorde det alligevel. S\u00e5 hvorfor er det imponerende, at Joakim har fanget et dyr der gerne ville fanges? Det er det heller ikke.<\/p>\n","protected":false},"excerpt":{"rendered":"<p>Drengene er vist ikke helt s\u00e5 smarte, som de ofte g\u00f8res til. Hvorfor er de imponeret over at Joakim har fanget dovendyret? Det kan ses p\u00e5 billederne 3 og 4 at dyret smiler. Det var alts\u00e5 ikke noget uheld, at det blev fanget. Den vidste godt, at Joakim ville smide et net p\u00e5 den n\u00e5r [&hellip;]<\/p>\n","protected":false},"author":4,"featured_media":0,"comment_status":"open","ping_status":"closed","sticky":false,"template":"","format":"standard","meta":{"footnotes":""},"categories":[8],"tags":[93,297,900,1033,1071,1078,1244],"class_list":["post-1518","post","type-post","status-publish","format-standard","hentry","category-filosofi","tag-anders-and","tag-dovendyr","tag-onkel-joakim","tag-rap","tag-rip","tag-rup","tag-synsk"],"_links":{"self":[{"href":"https:\/\/emilkirkegaard.dk\/da\/index.php?rest_route=\/wp\/v2\/posts\/1518","targetHints":{"allow":["GET"]}}],"collection":[{"href":"https:\/\/emilkirkegaard.dk\/da\/index.php?rest_route=\/wp\/v2\/posts"}],"about":[{"href":"https:\/\/emilkirkegaard.dk\/da\/index.php?rest_route=\/wp\/v2\/types\/post"}],"author":[{"embeddable":true,"href":"https:\/\/emilkirkegaard.dk\/da\/index.php?rest_route=\/wp\/v2\/users\/4"}],"replies":[{"embeddable":true,"href":"https:\/\/emilkirkegaard.dk\/da\/index.php?rest_route=%2Fwp%2Fv2%2Fcomments&post=1518"}],"version-history":[{"count":0,"href":"https:\/\/emilkirkegaard.dk\/da\/index.php?rest_route=\/wp\/v2\/posts\/1518\/revisions"}],"wp:attachment":[{"href":"https:\/\/emilkirkegaard.dk\/da\/index.php?rest_route=%2Fwp%2Fv2%2Fmedia&parent=1518"}],"wp:term":[{"taxonomy":"category","embeddable":true,"href":"https:\/\/emilkirkegaard.dk\/da\/index.php?rest_route=%2Fwp%2Fv2%2Fcategories&post=1518"},{"taxonomy":"post_tag","embeddable":true,"href":"https:\/\/emilkirkegaard.dk\/da\/index.php?rest_route=%2Fwp%2Fv2%2Ftags&post=1518"}],"curies":[{"name":"wp","href":"https:\/\/api.w.org\/{rel}","templated":true}]}}