{"id":161,"date":"2008-02-22T08:18:07","date_gmt":"2008-02-22T07:18:07","guid":{"rendered":"http:\/\/deleet.dk\/?p=161"},"modified":"2008-02-22T08:18:07","modified_gmt":"2008-02-22T07:18:07","slug":"om-subjektiv-begrundelse-2","status":"publish","type":"post","link":"https:\/\/emilkirkegaard.dk\/da\/?p=161","title":{"rendered":"Om subjektiv begrundelse 2"},"content":{"rendered":"<p align=\"left\">I min tidligere artikel omtalte jeg, at visse ting (alle, ultimativt) ikke er objektivt begrundelige, da de hviler p\u00e5 pr\u00e6misser som kun kan &#8216;begrundes&#8217; subjektivt, eller slet ikke. En af disse ting er moral, som jeg forestiller mig, ligesom erkendelsesteori, bygger p\u00e5 nogle grunds\u00e6tninger eller aksiomer hvorved alle andre moralske udsagn kan udledes. S\u00e5danne etiske grundudsagn er kun begrundelige ved at henvise til et motiv, ligesom de erkendelsesteoretiske aksiomer. Et s\u00e5dant motiv kunne v\u00e6re, &#8216;jeg \u00f8nsker at forst\u00e5 verden&#8217;.<\/p>\n<p align=\"left\">&nbsp;<\/p>\n<p align=\"left\">Den ultimative konklusion er s\u00e5, som de fundamentalistiske relativister p\u00e5peger, at alle holdninger er subjektive. Uheldigvis er denne begrundelse afh\u00e6ngig af samme referenceramme som den siger er relativ, hvilket g\u00f8r den selv relativ, og dermed selvmodsigende, da den er fremsat som en absolut p\u00e5stand.<\/p>\n","protected":false},"excerpt":{"rendered":"<p>I min tidligere artikel omtalte jeg, at visse ting (alle, ultimativt) ikke er objektivt begrundelige, da de hviler p\u00e5 pr\u00e6misser som kun kan &#8216;begrundes&#8217; subjektivt, eller slet ikke. En af disse ting er moral, som jeg forestiller mig, ligesom erkendelsesteori, bygger p\u00e5 nogle grunds\u00e6tninger eller aksiomer hvorved alle andre moralske udsagn kan udledes. S\u00e5danne etiske [&hellip;]<\/p>\n","protected":false},"author":4,"featured_media":0,"comment_status":"open","ping_status":"open","sticky":false,"template":"","format":"standard","meta":{"footnotes":""},"categories":[27,29],"tags":[112,1228],"class_list":["post-161","post","type-post","status-publish","format-standard","hentry","category-epistemologi","category-etik-filosofi","tag-argumentation","tag-subjektiv"],"_links":{"self":[{"href":"https:\/\/emilkirkegaard.dk\/da\/index.php?rest_route=\/wp\/v2\/posts\/161","targetHints":{"allow":["GET"]}}],"collection":[{"href":"https:\/\/emilkirkegaard.dk\/da\/index.php?rest_route=\/wp\/v2\/posts"}],"about":[{"href":"https:\/\/emilkirkegaard.dk\/da\/index.php?rest_route=\/wp\/v2\/types\/post"}],"author":[{"embeddable":true,"href":"https:\/\/emilkirkegaard.dk\/da\/index.php?rest_route=\/wp\/v2\/users\/4"}],"replies":[{"embeddable":true,"href":"https:\/\/emilkirkegaard.dk\/da\/index.php?rest_route=%2Fwp%2Fv2%2Fcomments&post=161"}],"version-history":[{"count":0,"href":"https:\/\/emilkirkegaard.dk\/da\/index.php?rest_route=\/wp\/v2\/posts\/161\/revisions"}],"wp:attachment":[{"href":"https:\/\/emilkirkegaard.dk\/da\/index.php?rest_route=%2Fwp%2Fv2%2Fmedia&parent=161"}],"wp:term":[{"taxonomy":"category","embeddable":true,"href":"https:\/\/emilkirkegaard.dk\/da\/index.php?rest_route=%2Fwp%2Fv2%2Fcategories&post=161"},{"taxonomy":"post_tag","embeddable":true,"href":"https:\/\/emilkirkegaard.dk\/da\/index.php?rest_route=%2Fwp%2Fv2%2Ftags&post=161"}],"curies":[{"name":"wp","href":"https:\/\/api.w.org\/{rel}","templated":true}]}}