{"id":164,"date":"2008-02-25T08:55:58","date_gmt":"2008-02-25T07:55:58","guid":{"rendered":"http:\/\/deleet.dk\/?p=164"},"modified":"2008-02-25T08:55:58","modified_gmt":"2008-02-25T07:55:58","slug":"om-sandsynlig-og-materialisme","status":"publish","type":"post","link":"https:\/\/emilkirkegaard.dk\/da\/?p=164","title":{"rendered":"Om sandsynlig og materialisme"},"content":{"rendered":"<p>I min tidligere artikel om materialisme, n\u00e6vnte jeg et empirisk argument for materialisme:<\/p>\n<p>N\u00e5r man har observeret en stor del begivenheder, er der grund til at tro, at disse er repr\u00e6sentative for helheden. N\u00e6sten alt vi har observeret indtil videre har v\u00e6ret materielt, derfor er der grund til at tro, at alt er materielt.<sup><a href=\"http:\/\/deleet.dk\/wp-admin\/#sdfootnote1sym\" title=\"sdfootnote1anc\" name=\"sdfootnote1anc\"><sup>1<\/sup><\/a><\/sup><\/p>\n<p>Vigtigt er det at bem\u00e6rke, at jeg skrev n\u00e6sten, da vi har observeret nogle f\u00e6nomener som vi ikke er sikre p\u00e5 om er materielle eller immaterielle, hvis jeg havde skrevet &#8216;alt&#8217;, s\u00e5 ville jeg have antaget min konklusion og dermed beg\u00e5et en cirkelslutning.<sup><a href=\"http:\/\/deleet.dk\/wp-admin\/#sdfootnote2sym\" title=\"sdfootnote2anc\" name=\"sdfootnote2anc\"><sup>2<\/sup><\/a><\/sup><\/p>\n<p>For nyligt l\u00e6ste jeg en sag for det fysiske sind hvor han giver pr\u00e6cis det samme argument som jeg:<\/p>\n<p>There is a strong empirical case fir holding that concrete phenomena of many different kinds; chemical, biochemical, biological [&#8230;] Indeed there is a strong empirical case for holding that <em>all<\/em> concrete that aren&#8217;t mental phenomena or [partially mental phenomena] are physical [&#8230;].<\/p>\n<p>[&#8230;]<\/p>\n<p>The discovery that all nonmental phenomena are physical [&#8230;] is some evidence that <em>all <\/em>phenomena, are physical [&#8230;].<sup><a href=\"http:\/\/deleet.dk\/wp-admin\/#sdfootnote3sym\" title=\"sdfootnote3anc\" name=\"sdfootnote3anc\"><sup>3<\/sup><\/a><\/sup> (Italics are original)<\/p>\n<p>Hvorfor er det faktum at alle ikke-mentale f\u00e6nomener er fysiske, evidens for at alle f\u00e6nomener er fysiske? Det er det fordi, at det er positiv evidens<sup><a href=\"http:\/\/deleet.dk\/wp-admin\/#sdfootnote4sym\" title=\"sdfootnote4anc\" name=\"sdfootnote4anc\"><sup>4<\/sup><\/a><\/sup> for hypotesen om at alle f\u00e6nomener er fysiske.<\/p>\n<p>Selvom det blot er sandsynlighed og ikke en sikker konklusion, s\u00e5 taler det kraftigt p\u00e5 vegne af materialisme.<\/p>\n<p><a href=\"http:\/\/deleet.dk\/wp-admin\/#sdfootnote1anc\" title=\"sdfootnote1sym\" name=\"sdfootnote1sym\">1<\/a>Kirkegaard, \tE. <em>Tre argumenter \tfor materialisme<\/em><\/p>\n<p><a href=\"http:\/\/deleet.dk\/wp-admin\/#sdfootnote2anc\" title=\"sdfootnote2sym\" name=\"sdfootnote2sym\">2<\/a>Ogs\u00e5 \tkaldt &#8216;<em>begging the question<\/em>&#8216;<\/p>\n<p><a href=\"http:\/\/deleet.dk\/wp-admin\/#sdfootnote3anc\" title=\"sdfootnote3sym\" name=\"sdfootnote3sym\">3<\/a>Melnyj, \tAndrew. <em>A case for physicalism about the human mind. <\/em><\/p>\n<p class=\"sdfootnote\"><span style=\"font-style: normal\"><a href=\"http:\/\/www.infidels.org\/library\/modern\/andrew_melnyk\/physicalism.html\">http:\/\/www.infidels.org\/library\/modern\/andrew_melnyk\/physicalism.html<\/a> <\/span><\/p>\n<p><a href=\"http:\/\/deleet.dk\/wp-admin\/#sdfootnote4anc\" title=\"sdfootnote4sym\" name=\"sdfootnote4sym\">4<\/a>Positiv \tevidens bekr\u00e6fter en hypotese\/teori, negativ evidens afkr\u00e6fter \ten hypotese\/teori.<\/p>\n","protected":false},"excerpt":{"rendered":"<p>I min tidligere artikel om materialisme, n\u00e6vnte jeg et empirisk argument for materialisme: N\u00e5r man har observeret en stor del begivenheder, er der grund til at tro, at disse er repr\u00e6sentative for helheden. N\u00e6sten alt vi har observeret indtil videre har v\u00e6ret materielt, derfor er der grund til at tro, at alt er materielt.1 Vigtigt [&hellip;]<\/p>\n","protected":false},"author":4,"featured_media":0,"comment_status":"open","ping_status":"open","sticky":false,"template":"","format":"standard","meta":{"footnotes":""},"categories":[27,8],"tags":[749,1101],"class_list":["post-164","post","type-post","status-publish","format-standard","hentry","category-epistemologi","category-filosofi","tag-materialisme","tag-sandsynlighed"],"_links":{"self":[{"href":"https:\/\/emilkirkegaard.dk\/da\/index.php?rest_route=\/wp\/v2\/posts\/164","targetHints":{"allow":["GET"]}}],"collection":[{"href":"https:\/\/emilkirkegaard.dk\/da\/index.php?rest_route=\/wp\/v2\/posts"}],"about":[{"href":"https:\/\/emilkirkegaard.dk\/da\/index.php?rest_route=\/wp\/v2\/types\/post"}],"author":[{"embeddable":true,"href":"https:\/\/emilkirkegaard.dk\/da\/index.php?rest_route=\/wp\/v2\/users\/4"}],"replies":[{"embeddable":true,"href":"https:\/\/emilkirkegaard.dk\/da\/index.php?rest_route=%2Fwp%2Fv2%2Fcomments&post=164"}],"version-history":[{"count":0,"href":"https:\/\/emilkirkegaard.dk\/da\/index.php?rest_route=\/wp\/v2\/posts\/164\/revisions"}],"wp:attachment":[{"href":"https:\/\/emilkirkegaard.dk\/da\/index.php?rest_route=%2Fwp%2Fv2%2Fmedia&parent=164"}],"wp:term":[{"taxonomy":"category","embeddable":true,"href":"https:\/\/emilkirkegaard.dk\/da\/index.php?rest_route=%2Fwp%2Fv2%2Fcategories&post=164"},{"taxonomy":"post_tag","embeddable":true,"href":"https:\/\/emilkirkegaard.dk\/da\/index.php?rest_route=%2Fwp%2Fv2%2Ftags&post=164"}],"curies":[{"name":"wp","href":"https:\/\/api.w.org\/{rel}","templated":true}]}}