{"id":1982,"date":"2010-03-09T04:46:10","date_gmt":"2010-03-09T03:46:10","guid":{"rendered":"http:\/\/emilkirkegaard.dk\/da\/?p=1982"},"modified":"2010-06-09T14:30:34","modified_gmt":"2010-06-09T13:30:34","slug":"mere-sk%c3%b8r-feminisme-pa-vej-i-arhus","status":"publish","type":"post","link":"https:\/\/emilkirkegaard.dk\/da\/?p=1982","title":{"rendered":"Mere sk\u00f8r feminisme p\u00e5 vej i \u00c5rhus"},"content":{"rendered":"<p><a href=\"http:\/\/www.dr.dk\/Nyheder\/Penge\/2010\/03\/08\/135346.htm?rss=true\">Politiker indf\u00f8rer k\u00f8nskvoter<\/a><\/p>\n<p>&#8212;<\/p>\n<p>Man b\u00f8r v\u00e6lge ledere efter evner, ikke efter k\u00f8n. Hvis det er tilf\u00e6ldet, at ingen eller f\u00e5 kvinder har de efters\u00f8gte evner, s\u00e5 fred v\u00e6re med det. Er der ingen gr\u00e6nse for ligestillings-vanviddet? \u00c5benbart ikke endnu. Pudsigt nok viste <a href=\"http:\/\/www.dr.dk\/Nyheder\/Indland\/2010\/03\/08\/131800.htm?rss=true\">en unders\u00f8gelse fornyligt<\/a>, at danskerne generelt er enige om, at manglen p\u00e5 kvinder p\u00e5 topposterne ikke skyldes diskrimination men andre \u00e5rsager. Forskellen p\u00e5 hvad m\u00e6nd og kvinder mente om dette var forbavsende lille. M\u00e5ske fordi at det kun er et verbalt f\u00e5tal af kvinder der whiner?<\/p>\n<p>I \u00f8vrigt er der en <a href=\"http:\/\/www.180grader.dk\/Politik\/feministerne-og-fars-dygtige-piger\">sp\u00e6ndende og underholdende kronik<\/a> og eliltefeminismen, som det \u00e5benbart hedder, her. Se ogs\u00e5 kommentarsektionen hvor der er et par gode indl\u00e6g.<\/p>\n","protected":false},"excerpt":{"rendered":"<p>Politiker indf\u00f8rer k\u00f8nskvoter &#8212; Man b\u00f8r v\u00e6lge ledere efter evner, ikke efter k\u00f8n. Hvis det er tilf\u00e6ldet, at ingen eller f\u00e5 kvinder har de efters\u00f8gte evner, s\u00e5 fred v\u00e6re med det. Er der ingen gr\u00e6nse for ligestillings-vanviddet? \u00c5benbart ikke endnu. Pudsigt nok viste en unders\u00f8gelse fornyligt, at danskerne generelt er enige om, at manglen p\u00e5 [&hellip;]<\/p>\n","protected":false},"author":4,"featured_media":0,"comment_status":"open","ping_status":"open","sticky":false,"template":"","format":"standard","meta":{"footnotes":""},"categories":[1542],"tags":[1502,1501],"class_list":["post-1982","post","type-post","status-publish","format-standard","hentry","category-ligestillingfeminisme","tag-feminisme","tag-ligestilling"],"_links":{"self":[{"href":"https:\/\/emilkirkegaard.dk\/da\/index.php?rest_route=\/wp\/v2\/posts\/1982","targetHints":{"allow":["GET"]}}],"collection":[{"href":"https:\/\/emilkirkegaard.dk\/da\/index.php?rest_route=\/wp\/v2\/posts"}],"about":[{"href":"https:\/\/emilkirkegaard.dk\/da\/index.php?rest_route=\/wp\/v2\/types\/post"}],"author":[{"embeddable":true,"href":"https:\/\/emilkirkegaard.dk\/da\/index.php?rest_route=\/wp\/v2\/users\/4"}],"replies":[{"embeddable":true,"href":"https:\/\/emilkirkegaard.dk\/da\/index.php?rest_route=%2Fwp%2Fv2%2Fcomments&post=1982"}],"version-history":[{"count":5,"href":"https:\/\/emilkirkegaard.dk\/da\/index.php?rest_route=\/wp\/v2\/posts\/1982\/revisions"}],"predecessor-version":[{"id":2045,"href":"https:\/\/emilkirkegaard.dk\/da\/index.php?rest_route=\/wp\/v2\/posts\/1982\/revisions\/2045"}],"wp:attachment":[{"href":"https:\/\/emilkirkegaard.dk\/da\/index.php?rest_route=%2Fwp%2Fv2%2Fmedia&parent=1982"}],"wp:term":[{"taxonomy":"category","embeddable":true,"href":"https:\/\/emilkirkegaard.dk\/da\/index.php?rest_route=%2Fwp%2Fv2%2Fcategories&post=1982"},{"taxonomy":"post_tag","embeddable":true,"href":"https:\/\/emilkirkegaard.dk\/da\/index.php?rest_route=%2Fwp%2Fv2%2Ftags&post=1982"}],"curies":[{"name":"wp","href":"https:\/\/api.w.org\/{rel}","templated":true}]}}