{"id":2000,"date":"2010-04-07T14:00:28","date_gmt":"2010-04-07T13:00:28","guid":{"rendered":"http:\/\/emilkirkegaard.dk\/da\/?p=2000"},"modified":"2010-04-07T14:00:28","modified_gmt":"2010-04-07T13:00:28","slug":"sprog%c3%a6ndringer-fejl-eller-unormal","status":"publish","type":"post","link":"https:\/\/emilkirkegaard.dk\/da\/?p=2000","title":{"rendered":"Sprog\u00e6ndringer: &#8220;&#8221;fejl&#8221;&#8221; eller &#8220;unormal&#8221;"},"content":{"rendered":"<p>Som jeg tidligere <a href=\"http:\/\/emilkirkegaard.dk\/da\/?p=1987\">har v\u00e6ret inde p\u00e5<\/a>, s\u00e5 er jeg modstander af at kalde kalde alle afvigelser fra det normale for fejl eller &#8220;fejl&#8221;. I bogen <em>Nordens sprog med r\u00f8dder og f\u00f8dder<\/em> som jeg <a href=\"http:\/\/emilkirkegaard.dk\/da\/?p=1998\">linkede til tidligere<\/a> finder man en tekstrubrik hvor det tydeligt kan ses, at det er uhensigtsm\u00e6ssigt at bruge ordene &#8220;fejl&#8221;, &#8220;korrekt&#8221; etc.<strong> <\/strong>Det er for upraktisk at citere direkte fra dokumentet, da formatterigen s\u00e5ledes fucker totalt op, s\u00e5 tog jeg et screenshot. Se den tidligere n\u00e6vnte bog side 28.<\/p>\n<p><a href=\"http:\/\/emilkirkegaard.dk\/da\/wp-content\/uploads\/ScreenHunter_01-Apr.-07-14.58.jpg\"><img loading=\"lazy\" decoding=\"async\" class=\"alignnone size-full wp-image-2001\" title=\"ScreenHunter_01 Apr. 07 14.58\" src=\"http:\/\/emilkirkegaard.dk\/da\/wp-content\/uploads\/ScreenHunter_01-Apr.-07-14.58.jpg\" alt=\"ScreenHunter_01 Apr. 07 14.58\" width=\"501\" height=\"716\" srcset=\"https:\/\/emilkirkegaard.dk\/da\/wp-content\/uploads\/ScreenHunter_01-Apr.-07-14.58.jpg 501w, https:\/\/emilkirkegaard.dk\/da\/wp-content\/uploads\/ScreenHunter_01-Apr.-07-14.58-209x300.jpg 209w\" sizes=\"auto, (max-width: 501px) 100vw, 501px\" \/><\/a><\/p>\n<p style=\"padding-left: 30px;\">\n","protected":false},"excerpt":{"rendered":"<p>Som jeg tidligere har v\u00e6ret inde p\u00e5, s\u00e5 er jeg modstander af at kalde kalde alle afvigelser fra det normale for fejl eller &#8220;fejl&#8221;. I bogen Nordens sprog med r\u00f8dder og f\u00f8dder som jeg linkede til tidligere finder man en tekstrubrik hvor det tydeligt kan ses, at det er uhensigtsm\u00e6ssigt at bruge ordene &#8220;fejl&#8221;, &#8220;korrekt&#8221; [&hellip;]<\/p>\n","protected":false},"author":4,"featured_media":0,"comment_status":"open","ping_status":"open","sticky":false,"template":"","format":"standard","meta":{"footnotes":""},"categories":[22,1424],"tags":[391,1503,1496,1497],"class_list":["post-2000","post","type-post","status-publish","format-standard","hentry","category-sprog-filosofi","category-sprog","tag-fejl","tag-korrekt","tag-normal","tag-unormal"],"_links":{"self":[{"href":"https:\/\/emilkirkegaard.dk\/da\/index.php?rest_route=\/wp\/v2\/posts\/2000","targetHints":{"allow":["GET"]}}],"collection":[{"href":"https:\/\/emilkirkegaard.dk\/da\/index.php?rest_route=\/wp\/v2\/posts"}],"about":[{"href":"https:\/\/emilkirkegaard.dk\/da\/index.php?rest_route=\/wp\/v2\/types\/post"}],"author":[{"embeddable":true,"href":"https:\/\/emilkirkegaard.dk\/da\/index.php?rest_route=\/wp\/v2\/users\/4"}],"replies":[{"embeddable":true,"href":"https:\/\/emilkirkegaard.dk\/da\/index.php?rest_route=%2Fwp%2Fv2%2Fcomments&post=2000"}],"version-history":[{"count":1,"href":"https:\/\/emilkirkegaard.dk\/da\/index.php?rest_route=\/wp\/v2\/posts\/2000\/revisions"}],"predecessor-version":[{"id":2002,"href":"https:\/\/emilkirkegaard.dk\/da\/index.php?rest_route=\/wp\/v2\/posts\/2000\/revisions\/2002"}],"wp:attachment":[{"href":"https:\/\/emilkirkegaard.dk\/da\/index.php?rest_route=%2Fwp%2Fv2%2Fmedia&parent=2000"}],"wp:term":[{"taxonomy":"category","embeddable":true,"href":"https:\/\/emilkirkegaard.dk\/da\/index.php?rest_route=%2Fwp%2Fv2%2Fcategories&post=2000"},{"taxonomy":"post_tag","embeddable":true,"href":"https:\/\/emilkirkegaard.dk\/da\/index.php?rest_route=%2Fwp%2Fv2%2Ftags&post=2000"}],"curies":[{"name":"wp","href":"https:\/\/api.w.org\/{rel}","templated":true}]}}