{"id":2019,"date":"2010-05-05T16:58:03","date_gmt":"2010-05-05T15:58:03","guid":{"rendered":"http:\/\/emilkirkegaard.dk\/da\/?p=2019"},"modified":"2010-05-05T16:58:03","modified_gmt":"2010-05-05T15:58:03","slug":"bbc-reform-spells-change-for-portugal","status":"publish","type":"post","link":"https:\/\/emilkirkegaard.dk\/da\/?p=2019","title":{"rendered":"BBC &#8220;Reform spells change for Portugal&#8221;"},"content":{"rendered":"<p><a href=\"http:\/\/news.bbc.co.uk\/2\/hi\/europe\/7405985.stm\">http:\/\/news.bbc.co.uk\/2\/hi\/europe\/7405985.stm<\/a><\/p>\n<p>Det kan alts\u00e5 godt lade sig g\u00f8re at s\u00e6tte en reformation af et st\u00f8rre europ\u00e6isk sprog i gang.<\/p>\n","protected":false},"excerpt":{"rendered":"<p>http:\/\/news.bbc.co.uk\/2\/hi\/europe\/7405985.stm Det kan alts\u00e5 godt lade sig g\u00f8re at s\u00e6tte en reformation af et st\u00f8rre europ\u00e6isk sprog i gang.<\/p>\n","protected":false},"author":4,"featured_media":0,"comment_status":"open","ping_status":"open","sticky":false,"template":"","format":"standard","meta":{"footnotes":""},"categories":[1526],"tags":[1527,1474,1769],"class_list":["post-2019","post","type-post","status-publish","format-standard","hentry","category-reform-sprog-generelt","tag-portugisisk","tag-reform","tag-sprog-filosofi"],"_links":{"self":[{"href":"https:\/\/emilkirkegaard.dk\/da\/index.php?rest_route=\/wp\/v2\/posts\/2019","targetHints":{"allow":["GET"]}}],"collection":[{"href":"https:\/\/emilkirkegaard.dk\/da\/index.php?rest_route=\/wp\/v2\/posts"}],"about":[{"href":"https:\/\/emilkirkegaard.dk\/da\/index.php?rest_route=\/wp\/v2\/types\/post"}],"author":[{"embeddable":true,"href":"https:\/\/emilkirkegaard.dk\/da\/index.php?rest_route=\/wp\/v2\/users\/4"}],"replies":[{"embeddable":true,"href":"https:\/\/emilkirkegaard.dk\/da\/index.php?rest_route=%2Fwp%2Fv2%2Fcomments&post=2019"}],"version-history":[{"count":1,"href":"https:\/\/emilkirkegaard.dk\/da\/index.php?rest_route=\/wp\/v2\/posts\/2019\/revisions"}],"predecessor-version":[{"id":2020,"href":"https:\/\/emilkirkegaard.dk\/da\/index.php?rest_route=\/wp\/v2\/posts\/2019\/revisions\/2020"}],"wp:attachment":[{"href":"https:\/\/emilkirkegaard.dk\/da\/index.php?rest_route=%2Fwp%2Fv2%2Fmedia&parent=2019"}],"wp:term":[{"taxonomy":"category","embeddable":true,"href":"https:\/\/emilkirkegaard.dk\/da\/index.php?rest_route=%2Fwp%2Fv2%2Fcategories&post=2019"},{"taxonomy":"post_tag","embeddable":true,"href":"https:\/\/emilkirkegaard.dk\/da\/index.php?rest_route=%2Fwp%2Fv2%2Ftags&post=2019"}],"curies":[{"name":"wp","href":"https:\/\/api.w.org\/{rel}","templated":true}]}}