{"id":2021,"date":"2010-05-17T01:57:59","date_gmt":"2010-05-17T00:57:59","guid":{"rendered":"http:\/\/emilkirkegaard.dk\/da\/?p=2021"},"modified":"2010-05-17T02:00:00","modified_gmt":"2010-05-17T01:00:00","slug":"anmeldelse-anita-jervelund-sadan-staver-vi-2007","status":"publish","type":"post","link":"https:\/\/emilkirkegaard.dk\/da\/?p=2021","title":{"rendered":"Anmeldelse: Anita Jervelund, S\u00e5dan Staver Vi, 2007"},"content":{"rendered":"<p>Jeg har lige f\u00e6rdigl\u00e6st bogen og jeg er temmelig glad for den. Den gennemg\u00e5r forskellige principper som man kan stave ord efter. Derefter gennemg\u00e5r den hvordan man faktisk staver danske ord. Derefter gennemg\u00e5r den forskellige unders\u00f8gelser af hvilke stavefejl og andre fejl der bliver lavet p\u00e5 dansk. Derefter gennemg\u00e5r den et par reformforslag til dansk. Alt sammen p\u00e5 under 100 sider! Kan klart anbefales! Kan l\u00e5nes p\u00e5 <a href=\"http:\/\/bibliotek.dk\/vis.php?origin=sogning&amp;field4=forfatter&amp;term4=Anita+Jervelund&amp;term2=&amp;field2=titel&amp;term3=&amp;field3=emne&amp;field1=fritekst&amp;term1=&amp;mat_text=%22%22&amp;mat_ccl=&amp;term_mat[]=&amp;field_sprog=&amp;term_sprog[]=&amp;field_aar=year_eq&amp;term_aar[]=\">biblioteket<\/a>.<\/p>\n","protected":false},"excerpt":{"rendered":"<p>Jeg har lige f\u00e6rdigl\u00e6st bogen og jeg er temmelig glad for den. Den gennemg\u00e5r forskellige principper som man kan stave ord efter. Derefter gennemg\u00e5r den hvordan man faktisk staver danske ord. Derefter gennemg\u00e5r den forskellige unders\u00f8gelser af hvilke stavefejl og andre fejl der bliver lavet p\u00e5 dansk. Derefter gennemg\u00e5r den et par reformforslag til dansk. [&hellip;]<\/p>\n","protected":false},"author":4,"featured_media":0,"comment_status":"open","ping_status":"open","sticky":false,"template":"","format":"standard","meta":{"footnotes":""},"categories":[1526,1424],"tags":[1528,1529],"class_list":["post-2021","post","type-post","status-publish","format-standard","hentry","category-reform-sprog-generelt","category-sprog","tag-anita-jervelund","tag-sadan-staver-vi"],"_links":{"self":[{"href":"https:\/\/emilkirkegaard.dk\/da\/index.php?rest_route=\/wp\/v2\/posts\/2021","targetHints":{"allow":["GET"]}}],"collection":[{"href":"https:\/\/emilkirkegaard.dk\/da\/index.php?rest_route=\/wp\/v2\/posts"}],"about":[{"href":"https:\/\/emilkirkegaard.dk\/da\/index.php?rest_route=\/wp\/v2\/types\/post"}],"author":[{"embeddable":true,"href":"https:\/\/emilkirkegaard.dk\/da\/index.php?rest_route=\/wp\/v2\/users\/4"}],"replies":[{"embeddable":true,"href":"https:\/\/emilkirkegaard.dk\/da\/index.php?rest_route=%2Fwp%2Fv2%2Fcomments&post=2021"}],"version-history":[{"count":2,"href":"https:\/\/emilkirkegaard.dk\/da\/index.php?rest_route=\/wp\/v2\/posts\/2021\/revisions"}],"predecessor-version":[{"id":2023,"href":"https:\/\/emilkirkegaard.dk\/da\/index.php?rest_route=\/wp\/v2\/posts\/2021\/revisions\/2023"}],"wp:attachment":[{"href":"https:\/\/emilkirkegaard.dk\/da\/index.php?rest_route=%2Fwp%2Fv2%2Fmedia&parent=2021"}],"wp:term":[{"taxonomy":"category","embeddable":true,"href":"https:\/\/emilkirkegaard.dk\/da\/index.php?rest_route=%2Fwp%2Fv2%2Fcategories&post=2021"},{"taxonomy":"post_tag","embeddable":true,"href":"https:\/\/emilkirkegaard.dk\/da\/index.php?rest_route=%2Fwp%2Fv2%2Ftags&post=2021"}],"curies":[{"name":"wp","href":"https:\/\/api.w.org\/{rel}","templated":true}]}}