{"id":2068,"date":"2010-06-25T15:24:05","date_gmt":"2010-06-25T14:24:05","guid":{"rendered":"http:\/\/emilkirkegaard.dk\/da\/?p=2068"},"modified":"2010-06-25T15:24:05","modified_gmt":"2010-06-25T14:24:05","slug":"kvantitativ-unders%c3%b8gelse-af-sammenh%c3%a6ngen-mellem-stavemade-og-vokal-i-dansk-retskrivning","status":"publish","type":"post","link":"https:\/\/emilkirkegaard.dk\/da\/?p=2068","title":{"rendered":"Kvantitativ unders\u00f8gelse af sammenh\u00e6ngen mellem stavem\u00e5de og vokal i dansk retskrivning"},"content":{"rendered":"<p>Pga. for mange illustrationer er den i .pdf format.<\/p>\n<p><a href=\"http:\/\/emilkirkegaard.dk\/da\/wp-content\/uploads\/Kvantitativ-unders\u00f8gelse-af-sammenh\u00e6ngen-mellem-stavem\u00e5de-og-vokal-i-dansk-retskrivning.pdf\">Kvantitativ unders\u00f8gelse af sammenh\u00e6ngen mellem stavem\u00e5de og vokal i dansk retskrivning<\/a><\/p>\n<p>Bilag:<\/p>\n<p><a href=\"http:\/\/emilkirkegaard.dk\/da\/wp-content\/uploads\/Studie-af-udtalen-af-A.ods\">Studie af udtalen af A<\/a><\/p>\n<p><a href=\"http:\/\/emilkirkegaard.dk\/da\/wp-content\/uploads\/Studie-af-udtalen-af-E.ods\">Studie af udtalen af E<\/a><\/p>\n<p><a href=\"http:\/\/emilkirkegaard.dk\/da\/wp-content\/uploads\/Studie-af-udtalen-af-I.ods\">Studie af udtalen af I<\/a><\/p>\n<p><a href=\"http:\/\/emilkirkegaard.dk\/da\/wp-content\/uploads\/Studie-af-udtalen-af-O.ods\">Studie af udtalen af O<\/a><\/p>\n<p><a href=\"http:\/\/emilkirkegaard.dk\/da\/wp-content\/uploads\/Studie-af-udtalen-af-U.ods\">Studie af udtalen af U<\/a><\/p>\n<p><a href=\"http:\/\/emilkirkegaard.dk\/da\/wp-content\/uploads\/Studie-af-udtalen-af-Y.ods\">Studie af udtalen af Y<\/a><\/p>\n<p><a href=\"http:\/\/emilkirkegaard.dk\/da\/wp-content\/uploads\/Studie-af-udtalen-af-\u00c6.ods\">Studie af udtalen af \u00c6<\/a><\/p>\n<p><a href=\"http:\/\/emilkirkegaard.dk\/da\/wp-content\/uploads\/Studie-af-udtalen-af-\u00d8.ods\">Studie af udtalen af \u00d8<\/a><\/p>\n<p><a href=\"http:\/\/emilkirkegaard.dk\/da\/wp-content\/uploads\/Studie-af-udtalen-af-\u00c5.ods\">Studie af udtalen af \u00c5<\/a><\/p>\n","protected":false},"excerpt":{"rendered":"<p>Pga. for mange illustrationer er den i .pdf format. Kvantitativ unders\u00f8gelse af sammenh\u00e6ngen mellem stavem\u00e5de og vokal i dansk retskrivning Bilag: Studie af udtalen af A Studie af udtalen af E Studie af udtalen af I Studie af udtalen af O Studie af udtalen af U Studie af udtalen af Y Studie af udtalen af [&hellip;]<\/p>\n","protected":false},"author":4,"featured_media":0,"comment_status":"open","ping_status":"open","sticky":false,"template":"","format":"standard","meta":{"footnotes":""},"categories":[1546],"tags":[1548,1339],"class_list":["post-2068","post","type-post","status-publish","format-standard","hentry","category-sprog-videnskab-og-lign","tag-kvantitativ","tag-undersgelse"],"_links":{"self":[{"href":"https:\/\/emilkirkegaard.dk\/da\/index.php?rest_route=\/wp\/v2\/posts\/2068","targetHints":{"allow":["GET"]}}],"collection":[{"href":"https:\/\/emilkirkegaard.dk\/da\/index.php?rest_route=\/wp\/v2\/posts"}],"about":[{"href":"https:\/\/emilkirkegaard.dk\/da\/index.php?rest_route=\/wp\/v2\/types\/post"}],"author":[{"embeddable":true,"href":"https:\/\/emilkirkegaard.dk\/da\/index.php?rest_route=\/wp\/v2\/users\/4"}],"replies":[{"embeddable":true,"href":"https:\/\/emilkirkegaard.dk\/da\/index.php?rest_route=%2Fwp%2Fv2%2Fcomments&post=2068"}],"version-history":[{"count":1,"href":"https:\/\/emilkirkegaard.dk\/da\/index.php?rest_route=\/wp\/v2\/posts\/2068\/revisions"}],"predecessor-version":[{"id":2080,"href":"https:\/\/emilkirkegaard.dk\/da\/index.php?rest_route=\/wp\/v2\/posts\/2068\/revisions\/2080"}],"wp:attachment":[{"href":"https:\/\/emilkirkegaard.dk\/da\/index.php?rest_route=%2Fwp%2Fv2%2Fmedia&parent=2068"}],"wp:term":[{"taxonomy":"category","embeddable":true,"href":"https:\/\/emilkirkegaard.dk\/da\/index.php?rest_route=%2Fwp%2Fv2%2Fcategories&post=2068"},{"taxonomy":"post_tag","embeddable":true,"href":"https:\/\/emilkirkegaard.dk\/da\/index.php?rest_route=%2Fwp%2Fv2%2Ftags&post=2068"}],"curies":[{"name":"wp","href":"https:\/\/api.w.org\/{rel}","templated":true}]}}