{"id":211,"date":"2008-03-21T18:09:47","date_gmt":"2008-03-21T17:09:47","guid":{"rendered":"http:\/\/deleet.dk\/?p=211"},"modified":"2008-03-21T18:09:47","modified_gmt":"2008-03-21T17:09:47","slug":"psykologi-og-motiv-t%c3%a6nkning-dur-ikke","status":"publish","type":"post","link":"https:\/\/emilkirkegaard.dk\/da\/?p=211","title":{"rendered":"Psykologi og motiv-t\u00e6nkning dur ikke"},"content":{"rendered":"<p><meta http-equiv=\"CONTENT-TYPE\" content=\"text\/html; charset=utf-8\" \/><title><\/title><meta name=\"GENERATOR\" content=\"OpenOffice.org 2.3  (Win32)\" \/><\/p>\n<style type=\"text\/css\"> \t \t<\/style>\n<p><em>Debatt\u00f8ren, kap 2<\/em><\/p>\n<p>v1 Sandelig siger jeg jer, t\u00e6nk ikke over hvilke motiver jeres moddebatt\u00f8rer har i sinde, thi i en debat skal man diskutere emnet, ikke deltagerens motiver.<\/p>\n<p>Med andre ord; Man g\u00f8r sig selv skyldig i Ignoratio elenchi el. fallacy of relevance<a href=\"http:\/\/deleet.dk\/wp-admin\/#sdfootnote1sym\" title=\"sdfootnote1anc\" name=\"sdfootnote1anc\"><sup>1<\/sup><\/a>, hvis man skifter fokus fra emnet til moddebatt\u00f8rens motiver. Dette g\u00e6lder ogs\u00e5 psykologiske forklaring p\u00e5, hvad den anden debatt\u00f8r siger.<\/p>\n<p><a href=\"http:\/\/deleet.dk\/wp-admin\/#sdfootnote1anc\" title=\"sdfootnote1sym\" name=\"sdfootnote1sym\">1<\/a><a href=\"http:\/\/en.wikipedia.org\/wiki\/Fallacy_of_relevance\">http:\/\/en.wikipedia.org\/wiki\/Fallacy_of_relevance<\/a><\/p>\n","protected":false},"excerpt":{"rendered":"<p>Debatt\u00f8ren, kap 2 v1 Sandelig siger jeg jer, t\u00e6nk ikke over hvilke motiver jeres moddebatt\u00f8rer har i sinde, thi i en debat skal man diskutere emnet, ikke deltagerens motiver. Med andre ord; Man g\u00f8r sig selv skyldig i Ignoratio elenchi el. fallacy of relevance1, hvis man skifter fokus fra emnet til moddebatt\u00f8rens motiver. Dette g\u00e6lder [&hellip;]<\/p>\n","protected":false},"author":4,"featured_media":0,"comment_status":"open","ping_status":"open","sticky":false,"template":"","format":"standard","meta":{"footnotes":""},"categories":[3,33],"tags":[182,251],"class_list":["post-211","post","type-post","status-publish","format-standard","hentry","category-andet","category-psykologi","tag-bud","tag-debattren"],"_links":{"self":[{"href":"https:\/\/emilkirkegaard.dk\/da\/index.php?rest_route=\/wp\/v2\/posts\/211","targetHints":{"allow":["GET"]}}],"collection":[{"href":"https:\/\/emilkirkegaard.dk\/da\/index.php?rest_route=\/wp\/v2\/posts"}],"about":[{"href":"https:\/\/emilkirkegaard.dk\/da\/index.php?rest_route=\/wp\/v2\/types\/post"}],"author":[{"embeddable":true,"href":"https:\/\/emilkirkegaard.dk\/da\/index.php?rest_route=\/wp\/v2\/users\/4"}],"replies":[{"embeddable":true,"href":"https:\/\/emilkirkegaard.dk\/da\/index.php?rest_route=%2Fwp%2Fv2%2Fcomments&post=211"}],"version-history":[{"count":0,"href":"https:\/\/emilkirkegaard.dk\/da\/index.php?rest_route=\/wp\/v2\/posts\/211\/revisions"}],"wp:attachment":[{"href":"https:\/\/emilkirkegaard.dk\/da\/index.php?rest_route=%2Fwp%2Fv2%2Fmedia&parent=211"}],"wp:term":[{"taxonomy":"category","embeddable":true,"href":"https:\/\/emilkirkegaard.dk\/da\/index.php?rest_route=%2Fwp%2Fv2%2Fcategories&post=211"},{"taxonomy":"post_tag","embeddable":true,"href":"https:\/\/emilkirkegaard.dk\/da\/index.php?rest_route=%2Fwp%2Fv2%2Ftags&post=211"}],"curies":[{"name":"wp","href":"https:\/\/api.w.org\/{rel}","templated":true}]}}