{"id":2119,"date":"2010-08-19T13:46:20","date_gmt":"2010-08-19T12:46:20","guid":{"rendered":"http:\/\/emilkirkegaard.dk\/da\/?p=2119"},"modified":"2010-08-19T13:46:20","modified_gmt":"2010-08-19T12:46:20","slug":"interessant-l%c3%a6sning-om-danskernes-holdninger-til-f%c3%a6ngselsstraffe-m-m","status":"publish","type":"post","link":"https:\/\/emilkirkegaard.dk\/da\/?p=2119","title":{"rendered":"Interessant l\u00e6sning om danskernes holdninger til f\u00e6ngselsstraffe m.m."},"content":{"rendered":"<p>Politiken har <a href=\"http:\/\/politiken.dk\/indland\/article1039585.ece\">bragt en artikel<\/a> om en nyere unders\u00f8gelse. Dog uden at linke til unders\u00f8gelsen, hvilket er irriterende. Jeg har derfor kontaktet journalisten og f\u00e5et et link til unders\u00f8gelsen. Det er en relativ interessant unders\u00f8gelse. L\u00e6s evt. blot de f\u00f8rste par sider som fint opsummerer resultaterne.<\/p>\n<p><a href=\"http:\/\/www.justitsministeriet.dk\/fileadmin\/filer\/forskning\/Retsbevidsthed.pdf\">Danskernes retsf\u00f8lelse og retsfornuft &#8211; et forspil<\/a><\/p>\n","protected":false},"excerpt":{"rendered":"<p>Politiken har bragt en artikel om en nyere unders\u00f8gelse. Dog uden at linke til unders\u00f8gelsen, hvilket er irriterende. Jeg har derfor kontaktet journalisten og f\u00e5et et link til unders\u00f8gelsen. Det er en relativ interessant unders\u00f8gelse. L\u00e6s evt. blot de f\u00f8rste par sider som fint opsummerer resultaterne. Danskernes retsf\u00f8lelse og retsfornuft &#8211; et forspil<\/p>\n","protected":false},"author":4,"featured_media":0,"comment_status":"open","ping_status":"open","sticky":false,"template":"","format":"standard","meta":{"footnotes":""},"categories":[1558],"tags":[],"class_list":["post-2119","post","type-post","status-publish","format-standard","hentry","category-straf"],"_links":{"self":[{"href":"https:\/\/emilkirkegaard.dk\/da\/index.php?rest_route=\/wp\/v2\/posts\/2119","targetHints":{"allow":["GET"]}}],"collection":[{"href":"https:\/\/emilkirkegaard.dk\/da\/index.php?rest_route=\/wp\/v2\/posts"}],"about":[{"href":"https:\/\/emilkirkegaard.dk\/da\/index.php?rest_route=\/wp\/v2\/types\/post"}],"author":[{"embeddable":true,"href":"https:\/\/emilkirkegaard.dk\/da\/index.php?rest_route=\/wp\/v2\/users\/4"}],"replies":[{"embeddable":true,"href":"https:\/\/emilkirkegaard.dk\/da\/index.php?rest_route=%2Fwp%2Fv2%2Fcomments&post=2119"}],"version-history":[{"count":1,"href":"https:\/\/emilkirkegaard.dk\/da\/index.php?rest_route=\/wp\/v2\/posts\/2119\/revisions"}],"predecessor-version":[{"id":2120,"href":"https:\/\/emilkirkegaard.dk\/da\/index.php?rest_route=\/wp\/v2\/posts\/2119\/revisions\/2120"}],"wp:attachment":[{"href":"https:\/\/emilkirkegaard.dk\/da\/index.php?rest_route=%2Fwp%2Fv2%2Fmedia&parent=2119"}],"wp:term":[{"taxonomy":"category","embeddable":true,"href":"https:\/\/emilkirkegaard.dk\/da\/index.php?rest_route=%2Fwp%2Fv2%2Fcategories&post=2119"},{"taxonomy":"post_tag","embeddable":true,"href":"https:\/\/emilkirkegaard.dk\/da\/index.php?rest_route=%2Fwp%2Fv2%2Ftags&post=2119"}],"curies":[{"name":"wp","href":"https:\/\/api.w.org\/{rel}","templated":true}]}}