{"id":2158,"date":"2010-11-23T12:47:30","date_gmt":"2010-11-23T11:47:30","guid":{"rendered":"http:\/\/emilkirkegaard.dk\/da\/?p=2158"},"modified":"2010-11-23T12:47:30","modified_gmt":"2010-11-23T11:47:30","slug":"uddannelse-og-intelligens","status":"publish","type":"post","link":"https:\/\/emilkirkegaard.dk\/da\/?p=2158","title":{"rendered":"Uddannelse og intelligens"},"content":{"rendered":"<p>L\u00e6s: <a href=\"http:\/\/www.dr.dk\/Nyheder\/Indland\/2010\/11\/16\/101356.htm?rss=true\">Dr.dk &#8211; Drengene ryger p\u00e5 gulvet<\/a><\/p>\n<p>Hvis man vil forklare elevernes karakterer ud fra intelligens, s\u00e5 er disse resultater<em> pr\u00e6cis<\/em> hvad man ville forvente at se. Jeg snakker naturligvis om at variationen i hank\u00f8ns intelligens er noget st\u00f8rre end den i hunk\u00f8ns hos mennesket. Hvis karakterer og intelligens korrelerer, og det g\u00f8r de, s\u00e5 ville man forvente at drengenes karakterer l\u00e5 mere spredte mens at pigernes ligger mere omkring midten, muligvis i den gode ende (pga. at piger brugere mere tid p\u00e5 skolen). Dette er pr\u00e6cis hvad man finder. Naturligvis ville jeg gerne se dataene selv fra OECD, men ud fra hvad der er n\u00e6vnt i artiklen kunne man ikke \u00f8nske sig en bedre bekr\u00e6ftelse af teorien.<\/p>\n","protected":false},"excerpt":{"rendered":"<p>L\u00e6s: Dr.dk &#8211; Drengene ryger p\u00e5 gulvet Hvis man vil forklare elevernes karakterer ud fra intelligens, s\u00e5 er disse resultater pr\u00e6cis hvad man ville forvente at se. Jeg snakker naturligvis om at variationen i hank\u00f8ns intelligens er noget st\u00f8rre end den i hunk\u00f8ns hos mennesket. Hvis karakterer og intelligens korrelerer, og det g\u00f8r de, s\u00e5 [&hellip;]<\/p>\n","protected":false},"author":4,"featured_media":0,"comment_status":"open","ping_status":"open","sticky":false,"template":"","format":"standard","meta":{"footnotes":""},"categories":[33],"tags":[581,1569,1570,1328,1571],"class_list":["post-2158","post","type-post","status-publish","format-standard","hentry","category-psykologi","tag-intelligens","tag-karakterer","tag-skole","tag-uddannelse","tag-variation"],"_links":{"self":[{"href":"https:\/\/emilkirkegaard.dk\/da\/index.php?rest_route=\/wp\/v2\/posts\/2158","targetHints":{"allow":["GET"]}}],"collection":[{"href":"https:\/\/emilkirkegaard.dk\/da\/index.php?rest_route=\/wp\/v2\/posts"}],"about":[{"href":"https:\/\/emilkirkegaard.dk\/da\/index.php?rest_route=\/wp\/v2\/types\/post"}],"author":[{"embeddable":true,"href":"https:\/\/emilkirkegaard.dk\/da\/index.php?rest_route=\/wp\/v2\/users\/4"}],"replies":[{"embeddable":true,"href":"https:\/\/emilkirkegaard.dk\/da\/index.php?rest_route=%2Fwp%2Fv2%2Fcomments&post=2158"}],"version-history":[{"count":1,"href":"https:\/\/emilkirkegaard.dk\/da\/index.php?rest_route=\/wp\/v2\/posts\/2158\/revisions"}],"predecessor-version":[{"id":2160,"href":"https:\/\/emilkirkegaard.dk\/da\/index.php?rest_route=\/wp\/v2\/posts\/2158\/revisions\/2160"}],"wp:attachment":[{"href":"https:\/\/emilkirkegaard.dk\/da\/index.php?rest_route=%2Fwp%2Fv2%2Fmedia&parent=2158"}],"wp:term":[{"taxonomy":"category","embeddable":true,"href":"https:\/\/emilkirkegaard.dk\/da\/index.php?rest_route=%2Fwp%2Fv2%2Fcategories&post=2158"},{"taxonomy":"post_tag","embeddable":true,"href":"https:\/\/emilkirkegaard.dk\/da\/index.php?rest_route=%2Fwp%2Fv2%2Ftags&post=2158"}],"curies":[{"name":"wp","href":"https:\/\/api.w.org\/{rel}","templated":true}]}}