{"id":2226,"date":"2011-05-18T05:46:24","date_gmt":"2011-05-18T04:46:24","guid":{"rendered":"http:\/\/emilkirkegaard.dk\/da\/?p=2226"},"modified":"2011-05-20T07:58:56","modified_gmt":"2011-05-20T06:58:56","slug":"2226","status":"publish","type":"post","link":"https:\/\/emilkirkegaard.dk\/da\/?p=2226","title":{"rendered":"Opgave"},"content":{"rendered":"<p style=\"padding-left: 30px;\"><span style=\"font-size: medium;\">SKRIVE\u00d8VELSE\/EKSAMENSESSAY 3. ERKENDELSES- OG VIDENSKABSTEORI<\/span><\/p>\n<p style=\"padding-left: 30px;\">&nbsp;<\/p>\n<p style=\"padding-left: 30px;\"><span style=\"font-size: medium;\">Besvar et af f\u00f8lgende 3 sp\u00f8rgsm\u00e5l. Maksimalt 5 sider. <\/span><span style=\"font-size: medium;\"><em><strong>Aflevering 31. maj kl. 12 i POSTKASSEN p\u00e5 Sekretariatsgangen bygn 1467, 6. sal (for enden af gangen)<\/strong><\/em><\/span><span style=\"font-size: medium;\">.<\/span><\/p>\n<p style=\"padding-left: 30px;\">&nbsp;<\/p>\n<ol style=\"padding-left: 30px;\">\n<li><span style=\"font-size: medium;\">Fremstil ligheder og \tforskelle mellem kausale og intentionelle forklaringer hos Jan Faye.<\/span><\/li>\n<li><span style=\"font-size: medium;\">Fremstil og diskuter \thorisontbegrebet hos Gadamer.<\/span><\/li>\n<li><span style=\"font-size: medium;\">Redeg\u00f8r for \tforholdet mellem \u201dteorier\u201d og \u201dkort\u201d hos John Ziman.<\/span><\/li>\n<\/ol>\n<p style=\"padding-left: 30px;\"><span style=\"font-family: Segoe Script,sans-serif;\"><span style=\"font-size: medium;\">17. maj 2011, Henning H\u00f8gh Laursen<\/span><\/span><\/p>\n<p>&nbsp;<\/p>\n<p>Nogen gode id\u00e9er? Umiddelbart (1). De andre lyder forf\u00e6rdeligt.<\/p>\n","protected":false},"excerpt":{"rendered":"<p>SKRIVE\u00d8VELSE\/EKSAMENSESSAY 3. ERKENDELSES- OG VIDENSKABSTEORI &nbsp; Besvar et af f\u00f8lgende 3 sp\u00f8rgsm\u00e5l. Maksimalt 5 sider. Aflevering 31. maj kl. 12 i POSTKASSEN p\u00e5 Sekretariatsgangen bygn 1467, 6. sal (for enden af gangen). &nbsp; Fremstil ligheder og forskelle mellem kausale og intentionelle forklaringer hos Jan Faye. Fremstil og diskuter horisontbegrebet hos Gadamer. Redeg\u00f8r for forholdet mellem [&hellip;]<\/p>\n","protected":false},"author":4,"featured_media":0,"comment_status":"open","ping_status":"open","sticky":false,"template":"","format":"standard","meta":{"footnotes":""},"categories":[1],"tags":[],"class_list":["post-2226","post","type-post","status-publish","format-standard","hentry","category-uncategorized"],"_links":{"self":[{"href":"https:\/\/emilkirkegaard.dk\/da\/index.php?rest_route=\/wp\/v2\/posts\/2226","targetHints":{"allow":["GET"]}}],"collection":[{"href":"https:\/\/emilkirkegaard.dk\/da\/index.php?rest_route=\/wp\/v2\/posts"}],"about":[{"href":"https:\/\/emilkirkegaard.dk\/da\/index.php?rest_route=\/wp\/v2\/types\/post"}],"author":[{"embeddable":true,"href":"https:\/\/emilkirkegaard.dk\/da\/index.php?rest_route=\/wp\/v2\/users\/4"}],"replies":[{"embeddable":true,"href":"https:\/\/emilkirkegaard.dk\/da\/index.php?rest_route=%2Fwp%2Fv2%2Fcomments&post=2226"}],"version-history":[{"count":3,"href":"https:\/\/emilkirkegaard.dk\/da\/index.php?rest_route=\/wp\/v2\/posts\/2226\/revisions"}],"predecessor-version":[{"id":2230,"href":"https:\/\/emilkirkegaard.dk\/da\/index.php?rest_route=\/wp\/v2\/posts\/2226\/revisions\/2230"}],"wp:attachment":[{"href":"https:\/\/emilkirkegaard.dk\/da\/index.php?rest_route=%2Fwp%2Fv2%2Fmedia&parent=2226"}],"wp:term":[{"taxonomy":"category","embeddable":true,"href":"https:\/\/emilkirkegaard.dk\/da\/index.php?rest_route=%2Fwp%2Fv2%2Fcategories&post=2226"},{"taxonomy":"post_tag","embeddable":true,"href":"https:\/\/emilkirkegaard.dk\/da\/index.php?rest_route=%2Fwp%2Fv2%2Ftags&post=2226"}],"curies":[{"name":"wp","href":"https:\/\/api.w.org\/{rel}","templated":true}]}}