{"id":2260,"date":"2011-06-20T10:33:10","date_gmt":"2011-06-20T09:33:10","guid":{"rendered":"http:\/\/emilkirkegaard.dk\/da\/?p=2260"},"modified":"2011-06-20T10:33:10","modified_gmt":"2011-06-20T09:33:10","slug":"politiken-dansk-talesprog-driller-smab%c3%b8rn","status":"publish","type":"post","link":"https:\/\/emilkirkegaard.dk\/da\/?p=2260","title":{"rendered":"Politiken: Dansk talesprog driller sm\u00e5b\u00f8rn"},"content":{"rendered":"<p><a href=\"http:\/\/politiken.dk\/kultur\/ECE1312314\/dansk-talesprog-driller-smaaboern\/\">L\u00e6s.<\/a><\/p>\n<p>Jaj har osse skr\u00e6vet tel en a forskerne bag \u00e5nders\u00f8gelsen for at f\u00e5 fat i s\u00e6lve rapporten. Avisen har, majet typisk, ekke lengket tel \u00e5nders\u00f8gelsen \u00e6ller bare universitetets side \u00e6ller forskerens side.<\/p>\n","protected":false},"excerpt":{"rendered":"<p>L\u00e6s. Jaj har osse skr\u00e6vet tel en a forskerne bag \u00e5nders\u00f8gelsen for at f\u00e5 fat i s\u00e6lve rapporten. Avisen har, majet typisk, ekke lengket tel \u00e5nders\u00f8gelsen \u00e6ller bare universitetets side \u00e6ller forskerens side.<\/p>\n","protected":false},"author":4,"featured_media":0,"comment_status":"open","ping_status":"open","sticky":false,"template":"","format":"standard","meta":{"footnotes":""},"categories":[1546],"tags":[190,239,1568,1549],"class_list":["post-2260","post","type-post","status-publish","format-standard","hentry","category-sprog-videnskab-og-lign","tag-brn","tag-dansk","tag-lre","tag-vokal"],"_links":{"self":[{"href":"https:\/\/emilkirkegaard.dk\/da\/index.php?rest_route=\/wp\/v2\/posts\/2260","targetHints":{"allow":["GET"]}}],"collection":[{"href":"https:\/\/emilkirkegaard.dk\/da\/index.php?rest_route=\/wp\/v2\/posts"}],"about":[{"href":"https:\/\/emilkirkegaard.dk\/da\/index.php?rest_route=\/wp\/v2\/types\/post"}],"author":[{"embeddable":true,"href":"https:\/\/emilkirkegaard.dk\/da\/index.php?rest_route=\/wp\/v2\/users\/4"}],"replies":[{"embeddable":true,"href":"https:\/\/emilkirkegaard.dk\/da\/index.php?rest_route=%2Fwp%2Fv2%2Fcomments&post=2260"}],"version-history":[{"count":1,"href":"https:\/\/emilkirkegaard.dk\/da\/index.php?rest_route=\/wp\/v2\/posts\/2260\/revisions"}],"predecessor-version":[{"id":2261,"href":"https:\/\/emilkirkegaard.dk\/da\/index.php?rest_route=\/wp\/v2\/posts\/2260\/revisions\/2261"}],"wp:attachment":[{"href":"https:\/\/emilkirkegaard.dk\/da\/index.php?rest_route=%2Fwp%2Fv2%2Fmedia&parent=2260"}],"wp:term":[{"taxonomy":"category","embeddable":true,"href":"https:\/\/emilkirkegaard.dk\/da\/index.php?rest_route=%2Fwp%2Fv2%2Fcategories&post=2260"},{"taxonomy":"post_tag","embeddable":true,"href":"https:\/\/emilkirkegaard.dk\/da\/index.php?rest_route=%2Fwp%2Fv2%2Ftags&post=2260"}],"curies":[{"name":"wp","href":"https:\/\/api.w.org\/{rel}","templated":true}]}}