{"id":2262,"date":"2011-06-20T11:26:01","date_gmt":"2011-06-20T10:26:01","guid":{"rendered":"http:\/\/emilkirkegaard.dk\/da\/?p=2262"},"modified":"2011-06-20T11:26:01","modified_gmt":"2011-06-20T10:26:01","slug":"politiken-danske-b%c3%b8rn-skal-maske-laere-engelsk-allerede-i-1-klasse","status":"publish","type":"post","link":"https:\/\/emilkirkegaard.dk\/da\/?p=2262","title":{"rendered":"Politiken: Danske b\u00f8rn skal m\u00e5ske l\u00e6re engelsk allerede i 1. klasse"},"content":{"rendered":"<p><a href=\"http:\/\/politiken.dk\/uddannelse\/ECE1276486\/danske-boern-skal-maaske-laere-engelsk-allerede-i-1-klasse\/\">Lengk.<\/a><\/p>\n<p>Jaj er ledt sent ude m\u00e6d at poste et lengk tel d\u00e6nne artikel, men fandt alligev\u00e6l at de var de v\u00e6rd. Jaj ville dog v\u00e6re ledt mere glad ves d\u00e6r var andre mulige spr\u00e5g at l\u00e6re end tysk og fransk, is\u00e6r fransk da dette ekke er voldsomt brugbart. Tysk har en begr\u00e6nset brugbarhed ifht. gr\u00e6nsehandel, m\u00e6n dette bliver mendre \u00e6ftersom at tyskere osse bliver b\u00e6dre tel engelsk. De ville v\u00e6re majet enterssant ves b\u00f8rn fx kunne l\u00e6re esperanto. Nu kunne man \u00e5ndre saj: vorfor esperanto? A flere gr\u00e5nde. 1) De er motherfucking cool. 2) Folk som har l\u00e6rt esperanto l\u00e6rer hurtigere andre spr\u00e5g. L\u00e6s <a href=\"http:\/\/en.wikipedia.org\/wiki\/Esperanto\">Wikipedia om Esperanto<\/a>, is\u00e6r avsnittet &#8220;Education&#8221;. S\u00e6rlig enteressant er \u00e5nders\u00f8gelsen m\u00e6d at man bliver b\u00e6dre tel fransk ved at bruge et \u00e5r p\u00e5 esperanto og d\u00e6r\u00e6fter 3 \u00e5r p\u00e5 fransk end p\u00e5 at bruge 4 \u00e5r p\u00e5 fransk. 3) De er godt at kunne assosiere saj m\u00e6d folk som kan esperanto da disse er p\u00e5 et n\u00e5get h\u00f8jere nivo i snit. Vad f\u00e5r maj tel at tro de? Antallet a artikler p\u00e5 hhv. dansk Wikipedia (ca. 151k) og esperanto Wikipedia (ca. 147k), alts\u00e5, di har ca. lige majet endhold m\u00e5lt i antal artikler. M\u00e6n t\u00e6ngk d\u00e6r\u00e6fter p\u00e5 vor f\u00e5 m\u00e6nnesker som snakker esperanto (is\u00e6r som 1. spr\u00e5g) samt at d\u00e6r ekke er et offisi\u00e6lt esperanto land, s\u00e5 man kan ekke bare skrive artikler om teng som sm\u00e5 landsbyer og lign. (<a href=\"http:\/\/da.wikipedia.org\/wiki\/Almind_Sogn_%28Viborg_Kommune%29\">eks.<\/a>).<\/p>\n","protected":false},"excerpt":{"rendered":"<p>Lengk. Jaj er ledt sent ude m\u00e6d at poste et lengk tel d\u00e6nne artikel, men fandt alligev\u00e6l at de var de v\u00e6rd. Jaj ville dog v\u00e6re ledt mere glad ves d\u00e6r var andre mulige spr\u00e5g at l\u00e6re end tysk og fransk, is\u00e6r fransk da dette ekke er voldsomt brugbart. Tysk har en begr\u00e6nset brugbarhed ifht. [&hellip;]<\/p>\n","protected":false},"author":4,"featured_media":0,"comment_status":"open","ping_status":"open","sticky":false,"template":"","format":"standard","meta":{"footnotes":""},"categories":[1546,1424],"tags":[1607,239,336,353,1606,1568],"class_list":["post-2262","post","type-post","status-publish","format-standard","hentry","category-sprog-videnskab-og-lign","category-sprog","tag-1-klasse","tag-dansk","tag-engelsk","tag-esperanto","tag-fransk","tag-lre"],"_links":{"self":[{"href":"https:\/\/emilkirkegaard.dk\/da\/index.php?rest_route=\/wp\/v2\/posts\/2262","targetHints":{"allow":["GET"]}}],"collection":[{"href":"https:\/\/emilkirkegaard.dk\/da\/index.php?rest_route=\/wp\/v2\/posts"}],"about":[{"href":"https:\/\/emilkirkegaard.dk\/da\/index.php?rest_route=\/wp\/v2\/types\/post"}],"author":[{"embeddable":true,"href":"https:\/\/emilkirkegaard.dk\/da\/index.php?rest_route=\/wp\/v2\/users\/4"}],"replies":[{"embeddable":true,"href":"https:\/\/emilkirkegaard.dk\/da\/index.php?rest_route=%2Fwp%2Fv2%2Fcomments&post=2262"}],"version-history":[{"count":1,"href":"https:\/\/emilkirkegaard.dk\/da\/index.php?rest_route=\/wp\/v2\/posts\/2262\/revisions"}],"predecessor-version":[{"id":2263,"href":"https:\/\/emilkirkegaard.dk\/da\/index.php?rest_route=\/wp\/v2\/posts\/2262\/revisions\/2263"}],"wp:attachment":[{"href":"https:\/\/emilkirkegaard.dk\/da\/index.php?rest_route=%2Fwp%2Fv2%2Fmedia&parent=2262"}],"wp:term":[{"taxonomy":"category","embeddable":true,"href":"https:\/\/emilkirkegaard.dk\/da\/index.php?rest_route=%2Fwp%2Fv2%2Fcategories&post=2262"},{"taxonomy":"post_tag","embeddable":true,"href":"https:\/\/emilkirkegaard.dk\/da\/index.php?rest_route=%2Fwp%2Fv2%2Ftags&post=2262"}],"curies":[{"name":"wp","href":"https:\/\/api.w.org\/{rel}","templated":true}]}}