{"id":2264,"date":"2011-06-20T12:10:30","date_gmt":"2011-06-20T11:10:30","guid":{"rendered":"http:\/\/emilkirkegaard.dk\/da\/?p=2264"},"modified":"2011-06-20T12:10:30","modified_gmt":"2011-06-20T11:10:30","slug":"politiken-greenpeace-%c2%bbaktivisterne-ud%c3%b8vede-deres-demokratiske-ret%c2%ab","status":"publish","type":"post","link":"https:\/\/emilkirkegaard.dk\/da\/?p=2264","title":{"rendered":"Politiken: Greenpeace: \u00bbAktivisterne ud\u00f8vede deres demokratiske ret\u00ab"},"content":{"rendered":"<p><a href=\"http:\/\/politiken.dk\/indland\/ECE1312554\/greenpeace-aktivisterne-udoevede-deres-demokratiske-ret\/\">Lengk.<\/a><\/p>\n<p>De lyder m\u00e5ske ekke umiddelbart enteressant m\u00e6n de er de. Aktivisterne sigtes n\u00e6mlig for &#8216;majest\u00e6tsforn\u00e6rmelse&#8217; aka. &#8216;husfredskr\u00e6nkelser mod Dronningen&#8217;. Jaj anede ekke at vi hade en s\u00e5 stupid lov. Wtf.<\/p>\n","protected":false},"excerpt":{"rendered":"<p>Lengk. De lyder m\u00e5ske ekke umiddelbart enteressant m\u00e6n de er de. Aktivisterne sigtes n\u00e6mlig for &#8216;majest\u00e6tsforn\u00e6rmelse&#8217; aka. &#8216;husfredskr\u00e6nkelser mod Dronningen&#8217;. Jaj anede ekke at vi hade en s\u00e5 stupid lov. Wtf.<\/p>\n","protected":false},"author":4,"featured_media":0,"comment_status":"open","ping_status":"open","sticky":false,"template":"","format":"standard","meta":{"footnotes":""},"categories":[1608,1558],"tags":[1609,1610],"class_list":["post-2264","post","type-post","status-publish","format-standard","hentry","category-monarki","category-straf","tag-greenepeace","tag-majestaetsfornaermelse"],"_links":{"self":[{"href":"https:\/\/emilkirkegaard.dk\/da\/index.php?rest_route=\/wp\/v2\/posts\/2264","targetHints":{"allow":["GET"]}}],"collection":[{"href":"https:\/\/emilkirkegaard.dk\/da\/index.php?rest_route=\/wp\/v2\/posts"}],"about":[{"href":"https:\/\/emilkirkegaard.dk\/da\/index.php?rest_route=\/wp\/v2\/types\/post"}],"author":[{"embeddable":true,"href":"https:\/\/emilkirkegaard.dk\/da\/index.php?rest_route=\/wp\/v2\/users\/4"}],"replies":[{"embeddable":true,"href":"https:\/\/emilkirkegaard.dk\/da\/index.php?rest_route=%2Fwp%2Fv2%2Fcomments&post=2264"}],"version-history":[{"count":1,"href":"https:\/\/emilkirkegaard.dk\/da\/index.php?rest_route=\/wp\/v2\/posts\/2264\/revisions"}],"predecessor-version":[{"id":2265,"href":"https:\/\/emilkirkegaard.dk\/da\/index.php?rest_route=\/wp\/v2\/posts\/2264\/revisions\/2265"}],"wp:attachment":[{"href":"https:\/\/emilkirkegaard.dk\/da\/index.php?rest_route=%2Fwp%2Fv2%2Fmedia&parent=2264"}],"wp:term":[{"taxonomy":"category","embeddable":true,"href":"https:\/\/emilkirkegaard.dk\/da\/index.php?rest_route=%2Fwp%2Fv2%2Fcategories&post=2264"},{"taxonomy":"post_tag","embeddable":true,"href":"https:\/\/emilkirkegaard.dk\/da\/index.php?rest_route=%2Fwp%2Fv2%2Ftags&post=2264"}],"curies":[{"name":"wp","href":"https:\/\/api.w.org\/{rel}","templated":true}]}}