{"id":2272,"date":"2011-08-09T06:48:15","date_gmt":"2011-08-09T05:48:15","guid":{"rendered":"http:\/\/emilkirkegaard.dk\/da\/?p=2272"},"modified":"2011-08-09T06:48:15","modified_gmt":"2011-08-09T05:48:15","slug":"politiken-df-og-konservative-elever-i-indskolingen-skal-have-karakterer","status":"publish","type":"post","link":"https:\/\/emilkirkegaard.dk\/da\/?p=2272","title":{"rendered":"Politiken: &#8220;DF og Konservative: Elever i indskolingen skal have karakterer&#8221;"},"content":{"rendered":"<p><a href=\"http:\/\/politiken.dk\/uddannelse\/ECE1356183\/df-og-konservative-elever-i-indskolingen-skal-have-karakterer\/\">Link.<\/a><\/p>\n<div>\n<div>Er d\u00e6r nogen som k\u00e6nder tel n\u00e5get forskneng  mht. dette? Jaj g\u00e6tter p\u00e5 at nogen allerede har \u00e5nders\u00f8gt om  karaktergivneng g\u00f8r en forsk\u00e6l. Siden at C tror, at de g\u00f8r en forsk\u00e6l,  s\u00e5 g\u00e6tter jaj p\u00e5 at forskneng viser, at de ekke g\u00f8r en forsk\u00e6l.<\/div>\n<\/div>\n","protected":false},"excerpt":{"rendered":"<p>Link. Er d\u00e6r nogen som k\u00e6nder tel n\u00e5get forskneng mht. dette? Jaj g\u00e6tter p\u00e5 at nogen allerede har \u00e5nders\u00f8gt om karaktergivneng g\u00f8r en forsk\u00e6l. Siden at C tror, at de g\u00f8r en forsk\u00e6l, s\u00e5 g\u00e6tter jaj p\u00e5 at forskneng viser, at de ekke g\u00f8r en forsk\u00e6l.<\/p>\n","protected":false},"author":4,"featured_media":0,"comment_status":"open","ping_status":"open","sticky":false,"template":"","format":"standard","meta":{"footnotes":""},"categories":[17,1424],"tags":[1615,1613,1614,1570],"class_list":["post-2272","post","type-post","status-publish","format-standard","hentry","category-politik","category-sprog","tag-folkeskole","tag-karakter","tag-karaktergivning","tag-skole"],"_links":{"self":[{"href":"https:\/\/emilkirkegaard.dk\/da\/index.php?rest_route=\/wp\/v2\/posts\/2272","targetHints":{"allow":["GET"]}}],"collection":[{"href":"https:\/\/emilkirkegaard.dk\/da\/index.php?rest_route=\/wp\/v2\/posts"}],"about":[{"href":"https:\/\/emilkirkegaard.dk\/da\/index.php?rest_route=\/wp\/v2\/types\/post"}],"author":[{"embeddable":true,"href":"https:\/\/emilkirkegaard.dk\/da\/index.php?rest_route=\/wp\/v2\/users\/4"}],"replies":[{"embeddable":true,"href":"https:\/\/emilkirkegaard.dk\/da\/index.php?rest_route=%2Fwp%2Fv2%2Fcomments&post=2272"}],"version-history":[{"count":1,"href":"https:\/\/emilkirkegaard.dk\/da\/index.php?rest_route=\/wp\/v2\/posts\/2272\/revisions"}],"predecessor-version":[{"id":2273,"href":"https:\/\/emilkirkegaard.dk\/da\/index.php?rest_route=\/wp\/v2\/posts\/2272\/revisions\/2273"}],"wp:attachment":[{"href":"https:\/\/emilkirkegaard.dk\/da\/index.php?rest_route=%2Fwp%2Fv2%2Fmedia&parent=2272"}],"wp:term":[{"taxonomy":"category","embeddable":true,"href":"https:\/\/emilkirkegaard.dk\/da\/index.php?rest_route=%2Fwp%2Fv2%2Fcategories&post=2272"},{"taxonomy":"post_tag","embeddable":true,"href":"https:\/\/emilkirkegaard.dk\/da\/index.php?rest_route=%2Fwp%2Fv2%2Ftags&post=2272"}],"curies":[{"name":"wp","href":"https:\/\/api.w.org\/{rel}","templated":true}]}}