{"id":2282,"date":"2011-08-31T05:33:48","date_gmt":"2011-08-31T04:33:48","guid":{"rendered":"http:\/\/emilkirkegaard.dk\/da\/?p=2282"},"modified":"2011-08-31T05:33:48","modified_gmt":"2011-08-31T04:33:48","slug":"politiken-pia-k-taget-i-faktasjusk-to-gange-pa-et-d%c3%b8gn","status":"publish","type":"post","link":"https:\/\/emilkirkegaard.dk\/da\/?p=2282","title":{"rendered":"Politiken: Pia K. taget i faktasjusk to gange p\u00e5 et d\u00f8gn"},"content":{"rendered":"<p><a href=\"http:\/\/politiken.dk\/politik\/ECE1376486\/pia-k-taget-i-faktasjusk-to-gange-paa-et-doegn\/\">Politiken: Pia K. taget i faktasjusk to gange p\u00e5 et d\u00f8gn<\/a><\/p>\n<p>D\u00e6n \u00e5benlyse l\u00f8sneng er v\u00e6l at politiske debatter skal foreg\u00e5 p\u00e5 en m\u00e5de s\u00e5ledes, at politikerne kan n\u00e5 at tj\u00e6kke deres sager ig\u00e6nnem&#8230; dvs. p\u00e5 skr\u00e6ft, og s\u00e5 slepper man osse for en del retoriske tr\u00e6cks som kun virker verbalt. M\u00e6n s\u00e5 ig\u00e6n, not gonna happen. \/sadface<\/p>\n<p>S\u00e5 ville nogen m\u00e5ske sige: vordan skal folk som er for d\u00e5mme \u00e6ller for d\u00e5rlige tel at l\u00e6se, m\u00f8lje m\u00e6d i diskusjonerne og v\u00e6lje et parti at st\u00e6mme p\u00e5? Well, they shudnt.<\/p>\n","protected":false},"excerpt":{"rendered":"<p>Politiken: Pia K. taget i faktasjusk to gange p\u00e5 et d\u00f8gn D\u00e6n \u00e5benlyse l\u00f8sneng er v\u00e6l at politiske debatter skal foreg\u00e5 p\u00e5 en m\u00e5de s\u00e5ledes, at politikerne kan n\u00e5 at tj\u00e6kke deres sager ig\u00e6nnem&#8230; dvs. p\u00e5 skr\u00e6ft, og s\u00e5 slepper man osse for en del retoriske tr\u00e6cks som kun virker verbalt. M\u00e6n s\u00e5 ig\u00e6n, not [&hellip;]<\/p>\n","protected":false},"author":4,"featured_media":0,"comment_status":"open","ping_status":"open","sticky":false,"template":"","format":"standard","meta":{"footnotes":""},"categories":[1577],"tags":[261,1617,1618],"class_list":["post-2282","post","type-post","status-publish","format-standard","hentry","category-meritokrati","tag-demokrati","tag-pia-k","tag-verbal-debat"],"_links":{"self":[{"href":"https:\/\/emilkirkegaard.dk\/da\/index.php?rest_route=\/wp\/v2\/posts\/2282","targetHints":{"allow":["GET"]}}],"collection":[{"href":"https:\/\/emilkirkegaard.dk\/da\/index.php?rest_route=\/wp\/v2\/posts"}],"about":[{"href":"https:\/\/emilkirkegaard.dk\/da\/index.php?rest_route=\/wp\/v2\/types\/post"}],"author":[{"embeddable":true,"href":"https:\/\/emilkirkegaard.dk\/da\/index.php?rest_route=\/wp\/v2\/users\/4"}],"replies":[{"embeddable":true,"href":"https:\/\/emilkirkegaard.dk\/da\/index.php?rest_route=%2Fwp%2Fv2%2Fcomments&post=2282"}],"version-history":[{"count":1,"href":"https:\/\/emilkirkegaard.dk\/da\/index.php?rest_route=\/wp\/v2\/posts\/2282\/revisions"}],"predecessor-version":[{"id":2283,"href":"https:\/\/emilkirkegaard.dk\/da\/index.php?rest_route=\/wp\/v2\/posts\/2282\/revisions\/2283"}],"wp:attachment":[{"href":"https:\/\/emilkirkegaard.dk\/da\/index.php?rest_route=%2Fwp%2Fv2%2Fmedia&parent=2282"}],"wp:term":[{"taxonomy":"category","embeddable":true,"href":"https:\/\/emilkirkegaard.dk\/da\/index.php?rest_route=%2Fwp%2Fv2%2Fcategories&post=2282"},{"taxonomy":"post_tag","embeddable":true,"href":"https:\/\/emilkirkegaard.dk\/da\/index.php?rest_route=%2Fwp%2Fv2%2Ftags&post=2282"}],"curies":[{"name":"wp","href":"https:\/\/api.w.org\/{rel}","templated":true}]}}