{"id":229,"date":"2008-04-01T15:12:47","date_gmt":"2008-04-01T14:12:47","guid":{"rendered":"http:\/\/deleet.dk\/?p=229"},"modified":"2008-04-01T15:12:47","modified_gmt":"2008-04-01T14:12:47","slug":"kausalitet-og-det-mentale-rige","status":"publish","type":"post","link":"https:\/\/emilkirkegaard.dk\/da\/?p=229","title":{"rendered":"Kausalitet og det &quot;mentale rige&quot;"},"content":{"rendered":"<p><meta http-equiv=\"CONTENT-TYPE\" content=\"text\/html; charset=utf-8\" \/><title><\/title><meta name=\"GENERATOR\" content=\"OpenOffice.org 2.3  (Win32)\" \/><\/p>\n<style type=\"text\/css\"> \t \t<\/style>\n<p>Kausalitet er en sjov ting. Det er let at v\u00e6re enig om, at et slag med en hammer p\u00e5 et \u00e6g vil f\u00e5 det til at g\u00e5 itu. Langt mere besv\u00e6rligt bliver det n\u00e5r man fors\u00f8ger at tale om kausalitet i det &#8216;mentale rige&#8217;. Det mentale rige er det sted hvor vores ideer, motiver, lyster, begrundelse etc. residerer.<\/p>\n<p>Lad os tage et eksempel:<\/p>\n<p>S\u00f8ren g\u00e5r i gymnasium. Han synes at hans l\u00e6rer er flot. L\u00e6rerens udseende for\u00e5rsagede S\u00f8ren til at synes dette.<\/p>\n<p>Havde S\u00f8ren en fri vilje? Kunne S\u00f8ren ikke have t\u00e6nkt at l\u00e6reren var flot, hvis han s\u00e5 hende en anden gang? Giver det overhovedet mening at tale om kausalitet i det mentale rige og sidst men ikke mindst, findes det mentale rige? Eller er det bare nogle koncepter som vi bruger til at forklare verden?<\/p>\n<p>Jeg indr\u00f8mmer ikke at have nogen (gode) svar lige nu, men det er bestemt noget jeg vil t\u00e6nke mere over i fremtiden.<\/p>\n","protected":false},"excerpt":{"rendered":"<p>Kausalitet er en sjov ting. Det er let at v\u00e6re enig om, at et slag med en hammer p\u00e5 et \u00e6g vil f\u00e5 det til at g\u00e5 itu. Langt mere besv\u00e6rligt bliver det n\u00e5r man fors\u00f8ger at tale om kausalitet i det &#8216;mentale rige&#8217;. Det mentale rige er det sted hvor vores ideer, motiver, lyster, [&hellip;]<\/p>\n","protected":false},"author":4,"featured_media":0,"comment_status":"open","ping_status":"open","sticky":false,"template":"","format":"standard","meta":{"footnotes":""},"categories":[8],"tags":[766,1069,20],"class_list":["post-229","post","type-post","status-publish","format-standard","hentry","category-filosofi","tag-mental","tag-rige","tag-sind-filosofi"],"_links":{"self":[{"href":"https:\/\/emilkirkegaard.dk\/da\/index.php?rest_route=\/wp\/v2\/posts\/229","targetHints":{"allow":["GET"]}}],"collection":[{"href":"https:\/\/emilkirkegaard.dk\/da\/index.php?rest_route=\/wp\/v2\/posts"}],"about":[{"href":"https:\/\/emilkirkegaard.dk\/da\/index.php?rest_route=\/wp\/v2\/types\/post"}],"author":[{"embeddable":true,"href":"https:\/\/emilkirkegaard.dk\/da\/index.php?rest_route=\/wp\/v2\/users\/4"}],"replies":[{"embeddable":true,"href":"https:\/\/emilkirkegaard.dk\/da\/index.php?rest_route=%2Fwp%2Fv2%2Fcomments&post=229"}],"version-history":[{"count":0,"href":"https:\/\/emilkirkegaard.dk\/da\/index.php?rest_route=\/wp\/v2\/posts\/229\/revisions"}],"wp:attachment":[{"href":"https:\/\/emilkirkegaard.dk\/da\/index.php?rest_route=%2Fwp%2Fv2%2Fmedia&parent=229"}],"wp:term":[{"taxonomy":"category","embeddable":true,"href":"https:\/\/emilkirkegaard.dk\/da\/index.php?rest_route=%2Fwp%2Fv2%2Fcategories&post=229"},{"taxonomy":"post_tag","embeddable":true,"href":"https:\/\/emilkirkegaard.dk\/da\/index.php?rest_route=%2Fwp%2Fv2%2Ftags&post=229"}],"curies":[{"name":"wp","href":"https:\/\/api.w.org\/{rel}","templated":true}]}}