{"id":2318,"date":"2011-10-19T17:13:37","date_gmt":"2011-10-19T16:13:37","guid":{"rendered":"http:\/\/emilkirkegaard.dk\/da\/?p=2318"},"modified":"2011-10-19T17:13:37","modified_gmt":"2011-10-19T16:13:37","slug":"mht-kvenders-sygedage","status":"publish","type":"post","link":"https:\/\/emilkirkegaard.dk\/da\/?p=2318","title":{"rendered":"Mht. kvenders sygedage"},"content":{"rendered":"<p>Politiken: <a href=\"http:\/\/politiken.dk\/indland\/ECE857194\/kvinder-er-dobbelt-saa-syge-som-maend\/\">Kvinder er dobbelt s\u00e5 syge som m\u00e6nd<\/a><\/p>\n<p lang=\"da-DK\">Rapporten: <a href=\"http:\/\/www.bm.dk\/Beskaeftigelsesomraadet\/Arbejdsret\/%7E\/media\/BEM\/Files\/Dokumenter\/Pressemeddelelser\/2009\/Kvinder%20og%20maend%20paa%20arbejdsmarkedet%202009.ashx\">Kvinder Og M\u00e6nd P\u00e5 Arbejdsmarkedet 2009<\/a> (<a href=\"http:\/\/emilkirkegaard.dk\/da\/wp-content\/uploads\/Kvinder-og-maend-paa-arbejdsmarkedet-2009.pdf\">alternativ<\/a>)<\/p>\n<p lang=\"da-DK\">Bem\u00e6rk lige tel at starte m\u00e6d, at sjurnalisten EKKE form\u00e5ede at lengke tel rapporten. Vor sv\u00e6rt kan de fucking v\u00e6re?<\/p>\n<p lang=\"da-DK\">Jaj har lige s\u00e6ndt d\u00e6nne email tel besk\u00e6ftigelsesministeriet (BM):<\/p>\n<p style=\"padding-left: 30px;\" lang=\"da-DK\">\u201d [Bem\u00e6rk, denne email er skrevet p\u00e5 <a href=\"..\/..\/..\/..\/..\/..\/lyddansk\/\">lyddansk<\/a>]<\/p>\n<p>Ves man ser p\u00e5 en statistik s\u00e5som X om forsk\u00e6llen p\u00e5 m\u00e6nd og kvenders sygefrav\u00e6r, s\u00e5 er kvender v\u00e6sentligt mere frav\u00e6rende end m\u00e6nd. En ofte anv\u00e6ndt <a href=\"http:\/\/nyhederne-dyn.tv2.dk\/article.php\/id-27260351:derfor-er-kvinder-oftere-sygemeldt.html\">begr\u00e5ndelse<\/a> a disse kvender og en v\u00e6sentlig forklarengsmod\u00e6l, er at kvenderne lider a m\u00e6nstruasjonssmerter og andre \u00e5nderlivsproblemer. D\u00e6r er en mulighed for at t\u00e6ste d\u00e6nne hypotese, n\u00e6mlig ved at se p\u00e5 sygefrav\u00e6ret blandt kvender som ekke har m\u00e6nstruasjonssmerter, dvs. is\u00e6r menopavsale kvender. Jaj t\u00e6ngker is\u00e6r p\u00e5 aldersgruppen &gt;50 \u00e5r. Fendes d\u00e6r nogle tal som sammenligner m\u00e6nd &gt;50 \u00e5r m\u00e6d kvender &gt;50 \u00e5r mht. sygefrav\u00e6r?\u201d<\/p>\n<p lang=\"da-DK\">Bem\u00e6rk fra Politikens artikel:<\/p>\n<p style=\"padding-left: 30px;\" lang=\"da-DK\">\u201d\u00bbVi kender godt m\u00f8nstret. <strong>Det er typisk kvinderne, der tager b\u00f8rnenes sygedage.<\/strong> En anden oplagt grund er stress som f\u00f8lge af krisen og strukturreformen\u00ab, siger Anette Borchorst, professor ved Institut for Historie, Internationale Studier og Samfundsforhold ved Aalborg Universitet, der har arbejdsmarkedets k\u00f8nsopdeling og ligestilling som speciale.\u201d (min markereng)<\/p>\n<p lang=\"da-DK\">og betragt f\u00f8rste paragraf fra 8.1 i rapporten:<\/p>\n<p style=\"padding-left: 30px;\" lang=\"da-DK\">\u201dKvinder har generelt et h\u00f8jere sygefrav\u00e6r end m\u00e6nd. I den statslige og private sektor har kvinder i gennemsnit ca. 40 pct. mere  frav\u00e6r end m\u00e6nd, mens det i den kommunale sektor er ca. 45 pct. mere, jf. figur 8.1.<\/p>\n<p style=\"padding-left: 30px;\" lang=\"da-DK\">Eksempelvis havde en kvindelig l\u00f8nmodtager ansat i en kommune i gennemsnit godt 14 sygefrav\u00e6rsdage i 2007, mens en mandlig l\u00f8nmodtager i den kommunale sektor havde knap 10 sygefrav\u00e6rsdage. <strong>Heri indg\u00e5r ikke frav\u00e6r som f\u00f8lge af b\u00f8rns sygdom.<\/strong> Det h\u00f8jere frav\u00e6r for kvinder h\u00e6nger bl.a. sammen med kvinders arbejdsfunktioner samt de sektorer og brancher, som kvinder typisk arbejder i.\u201d<\/p>\n<p lang=\"da-DK\">og fra Politkens artikel:<\/p>\n<p style=\"padding-left: 30px;\" lang=\"da-DK\">\u201dFrav\u00e6r ved barns f\u00f8rste sygedag \u2013 eller hvor mange dage man nu har ret til at blive hjemme hos sine syge b\u00f8rn \u2013 er ikke regnet med i frav\u00e6rsdagene.\u201d<\/p>\n<p lang=\"da-DK\">Virker tel at prof\u00e6ssoren lige burde have l\u00e6st b\u00e6dre \u00e6fter, right?<\/p>\n<p lang=\"da-DK\">Og &#8216;d\u00e6n gode prof\u00e6ssor&#8217; tellader saj at forts\u00e6tte:<\/p>\n<p style=\"padding-left: 30px;\" lang=\"da-DK\">\u201dAnette Borchorst mener, at ligestillingen \u00bbhalter forf\u00e6rdeligt bagefter\u00ab i vores skarpt k\u00f8nsopdelte arbejdsmarked. <strong>Hun fremh\u00e6ver blandt andet l\u00f8ngabet mellem kvinder og m\u00e6nd.<\/strong>\u201d (min markereng)<\/p>\n<p lang=\"da-DK\">en mande\u00e6lsker kunne liges\u00e5 godt fremh\u00e6ve at kvender blive mere syge, arbajder kortere tid, etc.<\/p>\n<p lang=\"da-DK\">De jaj skr\u00e6v i mailen tel BM om, at m\u00e6nstruasjonssmerter er en v\u00e6sentlig forklarengsmod\u00e6l har jaj fra TV2 Nyhederne: <a href=\"http:\/\/nyhederne-dyn.tv2.dk\/article.php\/id-27260351:derfor-er-kvinder-oftere-sygemeldt.html\">Derfor er kvinder oftere sygemeldt<\/a>.<\/p>\n<p style=\"padding-left: 30px;\" lang=\"da-DK\">\u201d&#8221;Kvinder tager en til to sygedage om m\u00e5neden p\u00e5 grund af menstruationssmer\u00adter og under\u00adlivsproblemer, men det n\u00e6vner man al\u00addrig, n\u00e5r der kommer nye tal, der vis\u00ader, at kvinder har mere sygefrav\u00e6r end m\u00e6nd. Det er tabuiseret at tale om, men der er alts\u00e5 nogle biologiske forskelle, uanset om vi vil det eller ej&#8221;, siger Merete Labriola.\u201d<\/p>\n","protected":false},"excerpt":{"rendered":"<p>Politiken: Kvinder er dobbelt s\u00e5 syge som m\u00e6nd Rapporten: Kvinder Og M\u00e6nd P\u00e5 Arbejdsmarkedet 2009 (alternativ) Bem\u00e6rk lige tel at starte m\u00e6d, at sjurnalisten EKKE form\u00e5ede at lengke tel rapporten. Vor sv\u00e6rt kan de fucking v\u00e6re? Jaj har lige s\u00e6ndt d\u00e6nne email tel besk\u00e6ftigelsesministeriet (BM): \u201d [Bem\u00e6rk, denne email er skrevet p\u00e5 lyddansk] Ves man [&hellip;]<\/p>\n","protected":false},"author":4,"featured_media":0,"comment_status":"open","ping_status":"open","sticky":false,"template":"","format":"standard","meta":{"footnotes":""},"categories":[1542],"tags":[1502,677,1501,1631],"class_list":["post-2318","post","type-post","status-publish","format-standard","hentry","category-ligestillingfeminisme","tag-feminisme","tag-kvinder","tag-ligestilling","tag-sygedage"],"_links":{"self":[{"href":"https:\/\/emilkirkegaard.dk\/da\/index.php?rest_route=\/wp\/v2\/posts\/2318","targetHints":{"allow":["GET"]}}],"collection":[{"href":"https:\/\/emilkirkegaard.dk\/da\/index.php?rest_route=\/wp\/v2\/posts"}],"about":[{"href":"https:\/\/emilkirkegaard.dk\/da\/index.php?rest_route=\/wp\/v2\/types\/post"}],"author":[{"embeddable":true,"href":"https:\/\/emilkirkegaard.dk\/da\/index.php?rest_route=\/wp\/v2\/users\/4"}],"replies":[{"embeddable":true,"href":"https:\/\/emilkirkegaard.dk\/da\/index.php?rest_route=%2Fwp%2Fv2%2Fcomments&post=2318"}],"version-history":[{"count":1,"href":"https:\/\/emilkirkegaard.dk\/da\/index.php?rest_route=\/wp\/v2\/posts\/2318\/revisions"}],"predecessor-version":[{"id":2321,"href":"https:\/\/emilkirkegaard.dk\/da\/index.php?rest_route=\/wp\/v2\/posts\/2318\/revisions\/2321"}],"wp:attachment":[{"href":"https:\/\/emilkirkegaard.dk\/da\/index.php?rest_route=%2Fwp%2Fv2%2Fmedia&parent=2318"}],"wp:term":[{"taxonomy":"category","embeddable":true,"href":"https:\/\/emilkirkegaard.dk\/da\/index.php?rest_route=%2Fwp%2Fv2%2Fcategories&post=2318"},{"taxonomy":"post_tag","embeddable":true,"href":"https:\/\/emilkirkegaard.dk\/da\/index.php?rest_route=%2Fwp%2Fv2%2Ftags&post=2318"}],"curies":[{"name":"wp","href":"https:\/\/api.w.org\/{rel}","templated":true}]}}