{"id":2341,"date":"2011-12-13T10:41:46","date_gmt":"2011-12-13T09:41:46","guid":{"rendered":"http:\/\/emilkirkegaard.dk\/da\/?p=2341"},"modified":"2011-12-13T10:41:46","modified_gmt":"2011-12-13T09:41:46","slug":"dansk-esperanto-keyboard-layout-windows","status":"publish","type":"post","link":"https:\/\/emilkirkegaard.dk\/da\/?p=2341","title":{"rendered":"Dansk Esperanto keyboard layout windows"},"content":{"rendered":"<p>De normale danske keyboard layout tel Windows kan ekke skrive di spesj\u00e6lle tajn som fendes i Esperanto: \u0108\u0109, \u0134\u0135, \u015c\u015d, \u011c\u011d og \u0124\u0125.<\/p>\n<p>Ved j\u00e6lp a et program Microsoft har lagt ud p\u00e5 n\u00e6ttet, har jaj laver et dansk keyboard layout bare m\u00e6d Esperanto tajnene osse. Man skriver tajnene lissom man skriver andre tajn m\u00e6d ^. S\u00e5 vidt jaj ved, s\u00e5 skal man g\u00e6nstarte kompjuteren for at f\u00e5 de tel at virke.<\/p>\n<p><a href=\"http:\/\/www.microsoft.com\/download\/en\/confirmation.aspx?id=22339\">http:\/\/www.microsoft.com\/download\/en\/confirmation.aspx?id=22339<\/a><\/p>\n<p><a href=\"http:\/\/emilkirkegaard.dk\/da\/wp-content\/uploads\/da_eo.zip\">da_eo<\/a><\/p>\n","protected":false},"excerpt":{"rendered":"<p>De normale danske keyboard layout tel Windows kan ekke skrive di spesj\u00e6lle tajn som fendes i Esperanto: \u0108\u0109, \u0134\u0135, \u015c\u015d, \u011c\u011d og \u0124\u0125. Ved j\u00e6lp a et program Microsoft har lagt ud p\u00e5 n\u00e6ttet, har jaj laver et dansk keyboard layout bare m\u00e6d Esperanto tajnene osse. Man skriver tajnene lissom man skriver andre tajn m\u00e6d [&hellip;]<\/p>\n","protected":false},"author":4,"featured_media":0,"comment_status":"open","ping_status":"open","sticky":false,"template":"","format":"standard","meta":{"footnotes":""},"categories":[1424],"tags":[1645,1644,353,1646,1402],"class_list":["post-2341","post","type-post","status-publish","format-standard","hentry","category-sprog","tag-dansk-layout","tag-eo","tag-esperanto","tag-keyboard","tag-windows"],"_links":{"self":[{"href":"https:\/\/emilkirkegaard.dk\/da\/index.php?rest_route=\/wp\/v2\/posts\/2341","targetHints":{"allow":["GET"]}}],"collection":[{"href":"https:\/\/emilkirkegaard.dk\/da\/index.php?rest_route=\/wp\/v2\/posts"}],"about":[{"href":"https:\/\/emilkirkegaard.dk\/da\/index.php?rest_route=\/wp\/v2\/types\/post"}],"author":[{"embeddable":true,"href":"https:\/\/emilkirkegaard.dk\/da\/index.php?rest_route=\/wp\/v2\/users\/4"}],"replies":[{"embeddable":true,"href":"https:\/\/emilkirkegaard.dk\/da\/index.php?rest_route=%2Fwp%2Fv2%2Fcomments&post=2341"}],"version-history":[{"count":1,"href":"https:\/\/emilkirkegaard.dk\/da\/index.php?rest_route=\/wp\/v2\/posts\/2341\/revisions"}],"predecessor-version":[{"id":2343,"href":"https:\/\/emilkirkegaard.dk\/da\/index.php?rest_route=\/wp\/v2\/posts\/2341\/revisions\/2343"}],"wp:attachment":[{"href":"https:\/\/emilkirkegaard.dk\/da\/index.php?rest_route=%2Fwp%2Fv2%2Fmedia&parent=2341"}],"wp:term":[{"taxonomy":"category","embeddable":true,"href":"https:\/\/emilkirkegaard.dk\/da\/index.php?rest_route=%2Fwp%2Fv2%2Fcategories&post=2341"},{"taxonomy":"post_tag","embeddable":true,"href":"https:\/\/emilkirkegaard.dk\/da\/index.php?rest_route=%2Fwp%2Fv2%2Ftags&post=2341"}],"curies":[{"name":"wp","href":"https:\/\/api.w.org\/{rel}","templated":true}]}}