{"id":2344,"date":"2011-12-22T19:11:42","date_gmt":"2011-12-22T18:11:42","guid":{"rendered":"http:\/\/emilkirkegaard.dk\/da\/?p=2344"},"modified":"2011-12-22T19:11:42","modified_gmt":"2011-12-22T18:11:42","slug":"tv2-fastholder-folkekirkens-saerstatus","status":"publish","type":"post","link":"https:\/\/emilkirkegaard.dk\/da\/?p=2344","title":{"rendered":"TV2: Fastholder folkekirkens s\u00e6rstatus"},"content":{"rendered":"<p><a href=\"http:\/\/nyhederne.tv2.dk\/article.php\/id-46942644:fastholder-folkekirkens-s%C3%A6rstatus.html?rss\">http:\/\/nyhederne.tv2.dk\/article.php\/id-46942644:fastholder-folkekirkens-s%C3%A6rstatus.html?rss<\/a><\/p>\n<p style=\"padding-left: 30px;\">&#8220;Der er ingen grund til at anf\u00e6gte folkekirkens s\u00e6rstatus i grundloven, bare fordi medlemstallet nu er dykket lige under 80 procent af befolkningen.<\/p>\n<p>Det siger kirkeminister Manu Sareen (R) til, at religionssociologer sp\u00f8rger, hvorn\u00e5r en stadigt faldende medlemsandel i folkekirken n\u00e5r et punkt, hvor det er udemokratisk at give den evangelisk-lutherske kirke fortrin frem for andre religioner.<\/p>\n<p>&#8220;Det sp\u00f8rgsm\u00e5l er ikke relevant. Det er ikke et problem, at andelen nu er lidt under 80 procent. Det er stadigv\u00e6k en k\u00e6mpesucces, at over 4,4 millioner danskere er medlem af folkekirken,&#8221; siger kirkeministeren.&#8221;<\/p>\n<p>K\u00e6mpesyks\u00e9?! Fyr idioten.<\/p>\n<p style=\"padding-left: 30px;\">&#8220;&#8221;Den evangelisk-lutherske kirke er en del af Danmark kulturarv. Det  er engagementet i folkekirken, som er afg\u00f8rende, og en grundlovs\u00e6ndring  ligger ikke lige om hj\u00f8rnet &#8211; det er jo ganske omfattende,&#8221; siger Manu  Sareen.&#8221;<\/p>\n<p>Flot. Pr\u00f8v lige at f\u00e5 disse to teng tel at h\u00e6nge sammen:<\/p>\n<p style=\"padding-left: 30px;\">&#8220;Det  er engagementet i folkekirken, som er afg\u00f8rende&#8221;<\/p>\n<p style=\"padding-left: 30px;\">&#8220;Det sp\u00f8rgsm\u00e5l er ikke relevant. Det er ikke et problem, at andelen nu er lidt under 80 procent.&#8221;<\/p>\n<p>wtf is this shit.jpg<\/p>\n","protected":false},"excerpt":{"rendered":"<p>http:\/\/nyhederne.tv2.dk\/article.php\/id-46942644:fastholder-folkekirkens-s%C3%A6rstatus.html?rss &#8220;Der er ingen grund til at anf\u00e6gte folkekirkens s\u00e6rstatus i grundloven, bare fordi medlemstallet nu er dykket lige under 80 procent af befolkningen. Det siger kirkeminister Manu Sareen (R) til, at religionssociologer sp\u00f8rger, hvorn\u00e5r en stadigt faldende medlemsandel i folkekirken n\u00e5r et punkt, hvor det er udemokratisk at give den evangelisk-lutherske kirke fortrin frem [&hellip;]<\/p>\n","protected":false},"author":4,"featured_media":0,"comment_status":"open","ping_status":"open","sticky":false,"template":"","format":"standard","meta":{"footnotes":""},"categories":[1647],"tags":[],"class_list":["post-2344","post","type-post","status-publish","format-standard","hentry","category-statkirke"],"_links":{"self":[{"href":"https:\/\/emilkirkegaard.dk\/da\/index.php?rest_route=\/wp\/v2\/posts\/2344","targetHints":{"allow":["GET"]}}],"collection":[{"href":"https:\/\/emilkirkegaard.dk\/da\/index.php?rest_route=\/wp\/v2\/posts"}],"about":[{"href":"https:\/\/emilkirkegaard.dk\/da\/index.php?rest_route=\/wp\/v2\/types\/post"}],"author":[{"embeddable":true,"href":"https:\/\/emilkirkegaard.dk\/da\/index.php?rest_route=\/wp\/v2\/users\/4"}],"replies":[{"embeddable":true,"href":"https:\/\/emilkirkegaard.dk\/da\/index.php?rest_route=%2Fwp%2Fv2%2Fcomments&post=2344"}],"version-history":[{"count":1,"href":"https:\/\/emilkirkegaard.dk\/da\/index.php?rest_route=\/wp\/v2\/posts\/2344\/revisions"}],"predecessor-version":[{"id":2346,"href":"https:\/\/emilkirkegaard.dk\/da\/index.php?rest_route=\/wp\/v2\/posts\/2344\/revisions\/2346"}],"wp:attachment":[{"href":"https:\/\/emilkirkegaard.dk\/da\/index.php?rest_route=%2Fwp%2Fv2%2Fmedia&parent=2344"}],"wp:term":[{"taxonomy":"category","embeddable":true,"href":"https:\/\/emilkirkegaard.dk\/da\/index.php?rest_route=%2Fwp%2Fv2%2Fcategories&post=2344"},{"taxonomy":"post_tag","embeddable":true,"href":"https:\/\/emilkirkegaard.dk\/da\/index.php?rest_route=%2Fwp%2Fv2%2Ftags&post=2344"}],"curies":[{"name":"wp","href":"https:\/\/api.w.org\/{rel}","templated":true}]}}