{"id":2347,"date":"2011-12-22T19:42:36","date_gmt":"2011-12-22T18:42:36","guid":{"rendered":"http:\/\/emilkirkegaard.dk\/da\/?p=2347"},"modified":"2011-12-22T19:42:36","modified_gmt":"2011-12-22T18:42:36","slug":"dr-dk-faerre-b%c3%b8rn-i-folkeskolen","status":"publish","type":"post","link":"https:\/\/emilkirkegaard.dk\/da\/?p=2347","title":{"rendered":"Dr.dk: F\u00e6rre b\u00f8rn i folkeskolen"},"content":{"rendered":"<p><a href=\"http:\/\/www.dr.dk\/Nyheder\/Indland\/2011\/12\/22\/165359.htm?rss=true\">http:\/\/www.dr.dk\/Nyheder\/Indland\/2011\/12\/22\/165359.htm?rss=true<\/a><\/p>\n<p>Har di korrigeret tallene for st\u00f8rrelsen p\u00e5 d\u00e6n nye \u00e5rgang? Ves d\u00e6n nye \u00e5rgang er ledt mendre, fx. 2%, s\u00e5 &#8216;siger&#8217; disse tal at d\u00e6r engenteng er sket.<\/p>\n<p>S\u00e5 lad os lige se \u00e6fter. DST h\u00e6nviser en tel: <a href=\"http:\/\/www.statistikbanken.dk\/U192\">http:\/\/www.statistikbanken.dk\/U192<\/a><\/p>\n<p><em>Tab\u00e6l 1 &#8211; Elever i grundskolen, forel\u00f8bige tal efter klassetrin,<\/em><br \/>\n<em> udd.institutionens beliggenh., institutionstype og tid + min analyse<\/em><\/p>\n<table border=\"0\" cellspacing=\"0\" frame=\"VOID\" rules=\"NONE\">\n<colgroup>\n<col width=\"142\"><\/col>\n<col width=\"86\"><\/col>\n<col width=\"86\"><\/col>\n<\/colgroup>\n<tbody>\n<tr>\n<td width=\"142\" height=\"18\" align=\"LEFT\"><strong>Vor<\/strong><\/td>\n<td width=\"86\" align=\"RIGHT\"><strong>2010<\/strong><\/td>\n<td width=\"86\" align=\"RIGHT\"><strong>2011<\/strong><\/td>\n<\/tr>\n<tr>\n<td height=\"18\" align=\"LEFT\">I alt<\/td>\n<td align=\"RIGHT\">715314<\/td>\n<td align=\"RIGHT\">711827<\/td>\n<\/tr>\n<tr>\n<td height=\"18\" align=\"LEFT\">Folkeskoler<\/td>\n<td align=\"RIGHT\">574351<\/td>\n<td align=\"RIGHT\">567564<\/td>\n<\/tr>\n<tr>\n<td height=\"18\" align=\"LEFT\">Friskoler<\/td>\n<td align=\"RIGHT\">96973<\/td>\n<td align=\"RIGHT\">101478<\/td>\n<\/tr>\n<tr>\n<td height=\"18\" align=\"LEFT\">Efterskoler<\/td>\n<td align=\"RIGHT\">27116<\/td>\n<td align=\"RIGHT\">26410<\/td>\n<\/tr>\n<tr>\n<td height=\"18\" align=\"LEFT\">Andre<\/td>\n<td align=\"RIGHT\">16874<\/td>\n<td align=\"RIGHT\">16375<\/td>\n<\/tr>\n<tr>\n<td height=\"18\" align=\"LEFT\"><\/td>\n<td align=\"LEFT\"><\/td>\n<td align=\"LEFT\"><\/td>\n<\/tr>\n<tr>\n<td height=\"18\" align=\"LEFT\">forsk\u00e6l<\/td>\n<td align=\"RIGHT\">-3487<\/td>\n<td align=\"LEFT\"><\/td>\n<\/tr>\n<tr>\n<td height=\"18\" align=\"LEFT\">%forsk\u00e6l<\/td>\n<td align=\"RIGHT\">-0.49%<\/td>\n<td align=\"LEFT\"><\/td>\n<\/tr>\n<tr>\n<td height=\"18\" align=\"LEFT\"><\/td>\n<td align=\"LEFT\"><\/td>\n<td align=\"LEFT\"><\/td>\n<\/tr>\n<tr>\n<td height=\"18\" align=\"LEFT\">forsk\u00e6l i folkeskole<\/td>\n<td align=\"RIGHT\">-6787<\/td>\n<td align=\"LEFT\"><\/td>\n<\/tr>\n<tr>\n<td height=\"18\" align=\"LEFT\">%forsk\u00e6l i folkeskole<\/td>\n<td align=\"RIGHT\">-1.18%<\/td>\n<td align=\"LEFT\"><\/td>\n<\/tr>\n<\/tbody>\n<\/table>\n<p>Og lad os sammenligne m\u00e6d tallene for st\u00f8rrelsen p\u00e5 di relevante \u00e5rgange. Ig\u00e6n tages tal fra DST: <a href=\"http:\/\/www.statistikbanken.dk\/statbank5a\/default.asp?w=1920\">http:\/\/www.statistikbanken.dk\/statbank5a\/default.asp?w=1920<\/a><\/p>\n<p><em>Tab\u00e6l 2 &#8211; Folketal efter statsborgerskab, oprindelsesland, omr\u00e5de, alder (6-17) og tid + min analyse<\/em><\/p>\n<table border=\"0\" cellspacing=\"0\" frame=\"VOID\" rules=\"NONE\">\n<colgroup>\n<col width=\"86\"><\/col>\n<col width=\"86\"><\/col>\n<col width=\"86\"><\/col>\n<\/colgroup>\n<tbody>\n<tr>\n<td width=\"86\" height=\"18\" align=\"LEFT\"><strong>Alder<\/strong><\/td>\n<td width=\"86\" align=\"LEFT\"><strong>2010M10 <\/strong><\/td>\n<td width=\"86\" align=\"LEFT\"><strong>2011M10 <\/strong><\/td>\n<\/tr>\n<tr>\n<td height=\"18\" align=\"LEFT\">6 \u00e5r<\/td>\n<td align=\"RIGHT\">58940<\/td>\n<td align=\"RIGHT\">59297<\/td>\n<\/tr>\n<tr>\n<td height=\"18\" align=\"LEFT\">7 \u00e5r<\/td>\n<td align=\"RIGHT\">58290<\/td>\n<td align=\"RIGHT\">58949<\/td>\n<\/tr>\n<tr>\n<td height=\"18\" align=\"LEFT\">8 \u00e5r<\/td>\n<td align=\"RIGHT\">58151<\/td>\n<td align=\"RIGHT\">58283<\/td>\n<\/tr>\n<tr>\n<td height=\"18\" align=\"LEFT\">9 \u00e5r<\/td>\n<td align=\"RIGHT\">59684<\/td>\n<td align=\"RIGHT\">58149<\/td>\n<\/tr>\n<tr>\n<td height=\"18\" align=\"LEFT\">10 \u00e5r<\/td>\n<td align=\"RIGHT\">59924<\/td>\n<td align=\"RIGHT\">59701<\/td>\n<\/tr>\n<tr>\n<td height=\"18\" align=\"LEFT\">11 \u00e5r<\/td>\n<td align=\"RIGHT\">60586<\/td>\n<td align=\"RIGHT\">60002<\/td>\n<\/tr>\n<tr>\n<td height=\"18\" align=\"LEFT\">12 \u00e5r<\/td>\n<td align=\"RIGHT\">60252<\/td>\n<td align=\"RIGHT\">60610<\/td>\n<\/tr>\n<tr>\n<td height=\"18\" align=\"LEFT\">13 \u00e5r<\/td>\n<td align=\"RIGHT\">62945<\/td>\n<td align=\"RIGHT\">60304<\/td>\n<\/tr>\n<tr>\n<td height=\"18\" align=\"LEFT\">14 \u00e5r<\/td>\n<td align=\"RIGHT\">62209<\/td>\n<td align=\"RIGHT\">63022<\/td>\n<\/tr>\n<tr>\n<td height=\"18\" align=\"LEFT\">15 \u00e5r<\/td>\n<td align=\"RIGHT\">66018<\/td>\n<td align=\"RIGHT\">62345<\/td>\n<\/tr>\n<tr>\n<td height=\"18\" align=\"LEFT\">16 \u00e5r<\/td>\n<td align=\"RIGHT\">63840<\/td>\n<td align=\"RIGHT\">66150<\/td>\n<\/tr>\n<tr>\n<td height=\"18\" align=\"LEFT\">17 \u00e5r<\/td>\n<td align=\"RIGHT\">63665<\/td>\n<td align=\"RIGHT\">63795<\/td>\n<\/tr>\n<tr>\n<td height=\"18\" align=\"LEFT\"><\/td>\n<td align=\"LEFT\"><\/td>\n<td align=\"LEFT\"><\/td>\n<\/tr>\n<tr>\n<td height=\"18\" align=\"LEFT\">s\u00e5m<\/td>\n<td align=\"RIGHT\">734504<\/td>\n<td align=\"RIGHT\">730607<\/td>\n<\/tr>\n<tr>\n<td height=\"18\" align=\"LEFT\">forsk\u00e6l<\/td>\n<td align=\"RIGHT\">-3897<\/td>\n<td align=\"LEFT\"><\/td>\n<\/tr>\n<tr>\n<td height=\"18\" align=\"LEFT\">%forsk\u00e6l<\/td>\n<td align=\"RIGHT\">-0.53%<\/td>\n<td align=\"LEFT\"><\/td>\n<\/tr>\n<\/tbody>\n<\/table>\n<p>S\u00e5, d\u00e6n ser ud tel at v\u00e6re god nok: Faldet i antal elever i folkeskolen er st\u00f8rre end vad man skulle forv\u00e6ntet ifht. st\u00f8rrelsen p\u00e5 \u00e5rgangen.<\/p>\n","protected":false},"excerpt":{"rendered":"<p>http:\/\/www.dr.dk\/Nyheder\/Indland\/2011\/12\/22\/165359.htm?rss=true Har di korrigeret tallene for st\u00f8rrelsen p\u00e5 d\u00e6n nye \u00e5rgang? Ves d\u00e6n nye \u00e5rgang er ledt mendre, fx. 2%, s\u00e5 &#8216;siger&#8217; disse tal at d\u00e6r engenteng er sket. S\u00e5 lad os lige se \u00e6fter. DST h\u00e6nviser en tel: http:\/\/www.statistikbanken.dk\/U192 Tab\u00e6l 1 &#8211; Elever i grundskolen, forel\u00f8bige tal efter klassetrin, udd.institutionens beliggenh., institutionstype og tid [&hellip;]<\/p>\n","protected":false},"author":4,"featured_media":0,"comment_status":"open","ping_status":"open","sticky":false,"template":"","format":"standard","meta":{"footnotes":""},"categories":[1648],"tags":[98,1615,1570,1203],"class_list":["post-2347","post","type-post","status-publish","format-standard","hentry","category-demografi","tag-antal","tag-folkeskole","tag-skole","tag-statistik"],"_links":{"self":[{"href":"https:\/\/emilkirkegaard.dk\/da\/index.php?rest_route=\/wp\/v2\/posts\/2347","targetHints":{"allow":["GET"]}}],"collection":[{"href":"https:\/\/emilkirkegaard.dk\/da\/index.php?rest_route=\/wp\/v2\/posts"}],"about":[{"href":"https:\/\/emilkirkegaard.dk\/da\/index.php?rest_route=\/wp\/v2\/types\/post"}],"author":[{"embeddable":true,"href":"https:\/\/emilkirkegaard.dk\/da\/index.php?rest_route=\/wp\/v2\/users\/4"}],"replies":[{"embeddable":true,"href":"https:\/\/emilkirkegaard.dk\/da\/index.php?rest_route=%2Fwp%2Fv2%2Fcomments&post=2347"}],"version-history":[{"count":1,"href":"https:\/\/emilkirkegaard.dk\/da\/index.php?rest_route=\/wp\/v2\/posts\/2347\/revisions"}],"predecessor-version":[{"id":2348,"href":"https:\/\/emilkirkegaard.dk\/da\/index.php?rest_route=\/wp\/v2\/posts\/2347\/revisions\/2348"}],"wp:attachment":[{"href":"https:\/\/emilkirkegaard.dk\/da\/index.php?rest_route=%2Fwp%2Fv2%2Fmedia&parent=2347"}],"wp:term":[{"taxonomy":"category","embeddable":true,"href":"https:\/\/emilkirkegaard.dk\/da\/index.php?rest_route=%2Fwp%2Fv2%2Fcategories&post=2347"},{"taxonomy":"post_tag","embeddable":true,"href":"https:\/\/emilkirkegaard.dk\/da\/index.php?rest_route=%2Fwp%2Fv2%2Ftags&post=2347"}],"curies":[{"name":"wp","href":"https:\/\/api.w.org\/{rel}","templated":true}]}}