{"id":2349,"date":"2011-12-22T19:59:40","date_gmt":"2011-12-22T18:59:40","guid":{"rendered":"http:\/\/emilkirkegaard.dk\/da\/?p=2349"},"modified":"2011-12-22T19:59:40","modified_gmt":"2011-12-22T18:59:40","slug":"dr-dk-konservative-nar-et-lavpunkt","status":"publish","type":"post","link":"https:\/\/emilkirkegaard.dk\/da\/?p=2349","title":{"rendered":"DR.dk: Konservative n\u00e5r et lavpunkt"},"content":{"rendered":"<p><a href=\"http:\/\/www.dr.dk\/Nyheder\/Politik\/2011\/12\/22\/175212.htm?rss=true\">http:\/\/www.dr.dk\/Nyheder\/Politik\/2011\/12\/22\/175212.htm?rss=true<\/a><\/p>\n<p style=\"padding-left: 30px;\">&#8220;Vesthimmerlands borgmester, den konservative Knud Kristensen kalder v\u00e6lgertilslutningen katastrofal:<\/p>\n<p style=\"padding-left: 30px;\">&#8211; Det m\u00e5 give et signal til Folketingsgruppen, at den politik, de  f\u00f8rer, den er jo i orden, men de mangler at komme ud over rampen og  fort\u00e6lle lidt om, hvad man arbejder med, og hvorledes fremtiden skal  designes.&#8221;<\/p>\n<p>En \u00e5nderlig forvirret kommentar. M\u00e5ske er han blevet uh\u00e6ldigt siteret.<\/p>\n<p>M\u00e6n givet at han ekke er, tror han s\u00e5 virkelig at en lav v\u00e6ljertelslutneng giver et signal om at d\u00e6n politik man f\u00f8rer er iorden?<\/p>\n<p>De er \u00e6llers t\u00e6mmelig sv\u00e6rt at kongkludere n\u00e5get om vor gods ens politik er ifht. vad menengsm\u00e5lengerne siger om vor mange st\u00e6mmer man f\u00e5r. Mange gode forslag ville f\u00e5 en r\u00e6nge telslutneng ves man spurgte v\u00e6ljerne. No surprise ther. Folk er t\u00e5ber. M\u00e6n ig\u00e6n, t\u00e6ngk p\u00e5 de Dick Taverne skr\u00e6v:<\/p>\n<p style=\"text-align: left; padding-left: 30px;\">&#8220;However, even when full account is taken of misrepresentation through the media, pandering to prejudice, emphasis on personality and all the less attractive features of election campaigns, issues raised in elections are generally, in a very rough and ready way, judged by voters on evidence.&#8221; p. 255, <a href=\"http:\/\/emilkirkegaard.dk\/da\/wp-content\/uploads\/0192804855.Oxford.University.Press_.USA_.The_.March.of_.Unreason.Science.Democracy.and_.the_.New_.Fundamentalism.May_.2005.pdf\">The March of Unreason<\/a><em><\/em>.<\/p>\n<p style=\"text-align: left;\">Jo mere jaj t\u00e6ngker p\u00e5 d\u00e6n b\u00e5g, jo mere kan jaj lide d\u00e6n. Kan klart anbefales. Is\u00e6r kapitlet <em>Reason and Democracy<\/em>.<\/p>\n","protected":false},"excerpt":{"rendered":"<p>http:\/\/www.dr.dk\/Nyheder\/Politik\/2011\/12\/22\/175212.htm?rss=true &#8220;Vesthimmerlands borgmester, den konservative Knud Kristensen kalder v\u00e6lgertilslutningen katastrofal: &#8211; Det m\u00e5 give et signal til Folketingsgruppen, at den politik, de f\u00f8rer, den er jo i orden, men de mangler at komme ud over rampen og fort\u00e6lle lidt om, hvad man arbejder med, og hvorledes fremtiden skal designes.&#8221; En \u00e5nderlig forvirret kommentar. M\u00e5ske er [&hellip;]<\/p>\n","protected":false},"author":4,"featured_media":0,"comment_status":"open","ping_status":"open","sticky":false,"template":"","format":"standard","meta":{"footnotes":""},"categories":[1543],"tags":[],"class_list":["post-2349","post","type-post","status-publish","format-standard","hentry","category-demokrati-politik"],"_links":{"self":[{"href":"https:\/\/emilkirkegaard.dk\/da\/index.php?rest_route=\/wp\/v2\/posts\/2349","targetHints":{"allow":["GET"]}}],"collection":[{"href":"https:\/\/emilkirkegaard.dk\/da\/index.php?rest_route=\/wp\/v2\/posts"}],"about":[{"href":"https:\/\/emilkirkegaard.dk\/da\/index.php?rest_route=\/wp\/v2\/types\/post"}],"author":[{"embeddable":true,"href":"https:\/\/emilkirkegaard.dk\/da\/index.php?rest_route=\/wp\/v2\/users\/4"}],"replies":[{"embeddable":true,"href":"https:\/\/emilkirkegaard.dk\/da\/index.php?rest_route=%2Fwp%2Fv2%2Fcomments&post=2349"}],"version-history":[{"count":1,"href":"https:\/\/emilkirkegaard.dk\/da\/index.php?rest_route=\/wp\/v2\/posts\/2349\/revisions"}],"predecessor-version":[{"id":2351,"href":"https:\/\/emilkirkegaard.dk\/da\/index.php?rest_route=\/wp\/v2\/posts\/2349\/revisions\/2351"}],"wp:attachment":[{"href":"https:\/\/emilkirkegaard.dk\/da\/index.php?rest_route=%2Fwp%2Fv2%2Fmedia&parent=2349"}],"wp:term":[{"taxonomy":"category","embeddable":true,"href":"https:\/\/emilkirkegaard.dk\/da\/index.php?rest_route=%2Fwp%2Fv2%2Fcategories&post=2349"},{"taxonomy":"post_tag","embeddable":true,"href":"https:\/\/emilkirkegaard.dk\/da\/index.php?rest_route=%2Fwp%2Fv2%2Ftags&post=2349"}],"curies":[{"name":"wp","href":"https:\/\/api.w.org\/{rel}","templated":true}]}}