{"id":2352,"date":"2011-12-30T06:26:18","date_gmt":"2011-12-30T05:26:18","guid":{"rendered":"http:\/\/emilkirkegaard.dk\/da\/?p=2352"},"modified":"2011-12-30T06:26:18","modified_gmt":"2011-12-30T05:26:18","slug":"politiken-dk-gymnasieelev-hvor-er-jeg-dog-traet-af-at-skulle-vaere-laekker","status":"publish","type":"post","link":"https:\/\/emilkirkegaard.dk\/da\/?p=2352","title":{"rendered":"Politiken.dk: Gymnasieelev: Hvor er jeg dog tr\u00e6t af at skulle v\u00e6re l\u00e6kker"},"content":{"rendered":"<p><a href=\"http:\/\/politiken.dk\/debat\/ECE1225369\/hvor-er-jeg-dog-traet-af-at-skulle-vaere-laekker\/\">http:\/\/politiken.dk\/debat\/ECE1225369\/hvor-er-jeg-dog-traet-af-at-skulle-vaere-laekker\/<\/a><\/p>\n<p>TL;DR. Trajedy of the komons [tragedy of the commons] g\u00e6lder osse for m\u00e6nnesker ov vordan di ser ud. De ville v\u00e6re godt for kvender som helhed ves di stoppede m\u00e6d deres make-up (som giver et boost tel deres udseende). M\u00e6n ves alle stoppede, s\u00e5 ville en given person kunne opn\u00e5 en fordel ved at g\u00f8re de. Situasjonen er ustabil og vel avtomatisk f\u00f8re tel, at di fleste kvender bruger make-up, velket f\u00f8rer tel en masse spildte penge og tid.<\/p>\n<p><a href=\"http:\/\/en.wikipedia.org\/wiki\/Tragedy_of_the_commons\">http:\/\/en.wikipedia.org\/wiki\/Tragedy_of_the_commons<\/a><\/p>\n","protected":false},"excerpt":{"rendered":"<p>http:\/\/politiken.dk\/debat\/ECE1225369\/hvor-er-jeg-dog-traet-af-at-skulle-vaere-laekker\/ TL;DR. Trajedy of the komons [tragedy of the commons] g\u00e6lder osse for m\u00e6nnesker ov vordan di ser ud. De ville v\u00e6re godt for kvender som helhed ves di stoppede m\u00e6d deres make-up (som giver et boost tel deres udseende). M\u00e6n ves alle stoppede, s\u00e5 ville en given person kunne opn\u00e5 en fordel ved at [&hellip;]<\/p>\n","protected":false},"author":4,"featured_media":0,"comment_status":"open","ping_status":"open","sticky":false,"template":"","format":"standard","meta":{"footnotes":""},"categories":[33],"tags":[677,740,1649],"class_list":["post-2352","post","type-post","status-publish","format-standard","hentry","category-psykologi","tag-kvinder","tag-make-up","tag-tragedy-of-the-commons"],"_links":{"self":[{"href":"https:\/\/emilkirkegaard.dk\/da\/index.php?rest_route=\/wp\/v2\/posts\/2352","targetHints":{"allow":["GET"]}}],"collection":[{"href":"https:\/\/emilkirkegaard.dk\/da\/index.php?rest_route=\/wp\/v2\/posts"}],"about":[{"href":"https:\/\/emilkirkegaard.dk\/da\/index.php?rest_route=\/wp\/v2\/types\/post"}],"author":[{"embeddable":true,"href":"https:\/\/emilkirkegaard.dk\/da\/index.php?rest_route=\/wp\/v2\/users\/4"}],"replies":[{"embeddable":true,"href":"https:\/\/emilkirkegaard.dk\/da\/index.php?rest_route=%2Fwp%2Fv2%2Fcomments&post=2352"}],"version-history":[{"count":1,"href":"https:\/\/emilkirkegaard.dk\/da\/index.php?rest_route=\/wp\/v2\/posts\/2352\/revisions"}],"predecessor-version":[{"id":2354,"href":"https:\/\/emilkirkegaard.dk\/da\/index.php?rest_route=\/wp\/v2\/posts\/2352\/revisions\/2354"}],"wp:attachment":[{"href":"https:\/\/emilkirkegaard.dk\/da\/index.php?rest_route=%2Fwp%2Fv2%2Fmedia&parent=2352"}],"wp:term":[{"taxonomy":"category","embeddable":true,"href":"https:\/\/emilkirkegaard.dk\/da\/index.php?rest_route=%2Fwp%2Fv2%2Fcategories&post=2352"},{"taxonomy":"post_tag","embeddable":true,"href":"https:\/\/emilkirkegaard.dk\/da\/index.php?rest_route=%2Fwp%2Fv2%2Ftags&post=2352"}],"curies":[{"name":"wp","href":"https:\/\/api.w.org\/{rel}","templated":true}]}}