{"id":2371,"date":"2012-01-07T18:35:11","date_gmt":"2012-01-07T17:35:11","guid":{"rendered":"http:\/\/emilkirkegaard.dk\/da\/?p=2371"},"modified":"2012-01-07T18:35:19","modified_gmt":"2012-01-07T17:35:19","slug":"dr-dk-nultolerance-presser-fanger-til-d%c3%b8dsnarko","status":"publish","type":"post","link":"https:\/\/emilkirkegaard.dk\/da\/?p=2371","title":{"rendered":"DR.dk: Nultolerance presser fanger til d\u00f8dsnarko"},"content":{"rendered":"<p><a href=\"http:\/\/www.dr.dk\/Nyheder\/Indland\/2012\/01\/07\/153358.htm\">www.dr.dk\/Nyheder\/Indland\/2012\/01\/07\/153358.htm<\/a><\/p>\n<p>Ret \u00e5benlyst d\u00e5mt. Situasjonen er naturligvis s\u00e5ledes fordi at de er um\u00e5deligt kedeligt at v\u00e6re i f\u00e6ngsel. Stoffer g\u00f8r de ledt mere entresant. Ves vi frigav stofferne, s\u00e5 ville senariet v\u00e6re dette: Nogle m\u00e6nnesker er i f\u00e6ngsel. Disse m\u00e6nnesker keder saj. Disse m\u00e6nnesker k\u00f8ber nogle stoffer ov bruger\/tager d\u00e6m. Samf\u00e5ndet tj\u00e6ner ledt penge p\u00e5 salget a stoffer (pga. skat\/avgifter), ov disse m\u00e6nnesker keder saj mendre. Telm\u00e6d s\u00e5 sparer vi en masse penge p\u00e5 at fors\u00f8ge at opdage ov straffe folk for at tage stoffer. Dette betyder osse at di ekke sedder l\u00e6ngere tid i f\u00e6ngslet end n\u00f8dv\u00e6ndigt.<\/p>\n<p>D\u00e6r er engen spesj\u00e6l gr\u00e5nd tel at folk i f\u00e6ngsel ekke m\u00e5 have de sjovt, \u00e6ller at vi skal fors\u00f8ge at g\u00f8re livet s\u00e5 surt for d\u00e6m som muligt. Frihedsber\u00f8velsen er straf nok i saj s\u00e6l. Id\u00e9en m\u00e6d f\u00e6ngsler er <a href=\"http:\/\/en.wikipedia.org\/wiki\/Punishment#Incapacitation_and_societal_protection\">at holde folk som er farlige\/skadelige (bred betydneng) for andre folk v\u00e6k fra andre folk<\/a>, samt at virke som <a href=\"http:\/\/en.wikipedia.org\/wiki\/Deterrence_%28legal%29\">avskr\u00e6knengsmiddel<\/a>.<\/p>\n","protected":false},"excerpt":{"rendered":"<p>www.dr.dk\/Nyheder\/Indland\/2012\/01\/07\/153358.htm Ret \u00e5benlyst d\u00e5mt. Situasjonen er naturligvis s\u00e5ledes fordi at de er um\u00e5deligt kedeligt at v\u00e6re i f\u00e6ngsel. Stoffer g\u00f8r de ledt mere entresant. Ves vi frigav stofferne, s\u00e5 ville senariet v\u00e6re dette: Nogle m\u00e6nnesker er i f\u00e6ngsel. Disse m\u00e6nnesker keder saj. Disse m\u00e6nnesker k\u00f8ber nogle stoffer ov bruger\/tager d\u00e6m. Samf\u00e5ndet tj\u00e6ner ledt penge p\u00e5 [&hellip;]<\/p>\n","protected":false},"author":4,"featured_media":0,"comment_status":"open","ping_status":"open","sticky":false,"template":"","format":"standard","meta":{"footnotes":""},"categories":[29,1540,1558],"tags":[1658,1213,1640],"class_list":["post-2371","post","type-post","status-publish","format-standard","hentry","category-etik-filosofi","category-stoffer-paternalisme-politik","category-straf","tag-faengsel","tag-stoffer","tag-straf-2"],"_links":{"self":[{"href":"https:\/\/emilkirkegaard.dk\/da\/index.php?rest_route=\/wp\/v2\/posts\/2371","targetHints":{"allow":["GET"]}}],"collection":[{"href":"https:\/\/emilkirkegaard.dk\/da\/index.php?rest_route=\/wp\/v2\/posts"}],"about":[{"href":"https:\/\/emilkirkegaard.dk\/da\/index.php?rest_route=\/wp\/v2\/types\/post"}],"author":[{"embeddable":true,"href":"https:\/\/emilkirkegaard.dk\/da\/index.php?rest_route=\/wp\/v2\/users\/4"}],"replies":[{"embeddable":true,"href":"https:\/\/emilkirkegaard.dk\/da\/index.php?rest_route=%2Fwp%2Fv2%2Fcomments&post=2371"}],"version-history":[{"count":2,"href":"https:\/\/emilkirkegaard.dk\/da\/index.php?rest_route=\/wp\/v2\/posts\/2371\/revisions"}],"predecessor-version":[{"id":2373,"href":"https:\/\/emilkirkegaard.dk\/da\/index.php?rest_route=\/wp\/v2\/posts\/2371\/revisions\/2373"}],"wp:attachment":[{"href":"https:\/\/emilkirkegaard.dk\/da\/index.php?rest_route=%2Fwp%2Fv2%2Fmedia&parent=2371"}],"wp:term":[{"taxonomy":"category","embeddable":true,"href":"https:\/\/emilkirkegaard.dk\/da\/index.php?rest_route=%2Fwp%2Fv2%2Fcategories&post=2371"},{"taxonomy":"post_tag","embeddable":true,"href":"https:\/\/emilkirkegaard.dk\/da\/index.php?rest_route=%2Fwp%2Fv2%2Ftags&post=2371"}],"curies":[{"name":"wp","href":"https:\/\/api.w.org\/{rel}","templated":true}]}}