{"id":2385,"date":"2012-01-09T10:21:56","date_gmt":"2012-01-09T09:21:56","guid":{"rendered":"http:\/\/emilkirkegaard.dk\/da\/?p=2385"},"modified":"2012-01-09T10:21:56","modified_gmt":"2012-01-09T09:21:56","slug":"politiken-dk-forening-hvor-sma-b%c3%b8rn-skal-vi-redde","status":"publish","type":"post","link":"https:\/\/emilkirkegaard.dk\/da\/?p=2385","title":{"rendered":"Politiken.dk: Forening: Hvor sm\u00e5 b\u00f8rn skal vi redde?"},"content":{"rendered":"<p><a href=\"http:\/\/politiken.dk\/indland\/ECE1502321\/forening-hvor-smaa-boern-skal-vi-redde\/\">http:\/\/politiken.dk\/indland\/ECE1502321\/forening-hvor-smaa-boern-skal-vi-redde\/<\/a><\/p>\n<p><a href=\"http:\/\/www.b.dk\/nationalt\/saa-mange-for-tidligt-foedte-faar-men\">http:\/\/www.b.dk\/nationalt\/saa-mange-for-tidligt-foedte-faar-men<\/a><\/p>\n<p><a href=\"http:\/\/www.dr.dk\/Nyheder\/Indland\/2012\/01\/09\/003137.htm\">http:\/\/www.dr.dk\/Nyheder\/Indland\/2012\/01\/09\/003137.htm<\/a><\/p>\n<p><a href=\"http:\/\/nyhederne.tv2.dk\/article.php\/id-47313963:forening-hvor-sm%C3%A5-b%C3%B8rn-skal-vi-redde.html\">http:\/\/nyhederne.tv2.dk\/article.php\/id-47313963:forening-hvor-sm\u00e5-b\u00f8rn-skal-vi-redde.html<\/a><\/p>\n<p><a href=\"http:\/\/www.bt.dk\/danmark\/saa-mange-for-tidligt-foedte-faar-men\">http:\/\/www.bt.dk\/danmark\/saa-mange-for-tidligt-foedte-faar-men<\/a><\/p>\n<p>m.fl (m\u00e6n d\u00e6r st\u00e5r ca. de samme i)<\/p>\n<p>De er t\u00e6knisk set ekke \u00f8vgenik, da de formentlig ekke er d\u00e5rliges geners skyld at disse b\u00f8rn bliver a d\u00e5rligere kvalitet end normal b\u00f8rn (=<sub>df<\/sub> \u00acfor tidligt f\u00f8dte), m\u00e6n de er ca. samme slags overvajelse. B\u00f8r staten lave en gr\u00e6nse for vor d\u00e5rlig kvalitet b\u00f8rn folk m\u00e5 s\u00e6tte i verden (genetisk set \u00e6ller aj)? Som de kan l\u00e6ses i de 2. lenk overover, s\u00e5 giver de en r\u00e6kke problemer at b\u00f8rnene f\u00f8des for tidligt. Jaj lavede en majet hurtig Google-s\u00f8gneng ov fandt d\u00e6nne samleng ov opsummereng a \u00e5nders\u00f8gelser:<\/p>\n<p><a href=\"http:\/\/www.prematurity.org\/research\/not-catchingup2.html\">http:\/\/www.prematurity.org\/research\/not-catchingup2.html<\/a><\/p>\n<p>N\u00e5r man har l\u00e6st de, s\u00e5 virker de sv\u00e6rt ekke at g\u00e5 end for at staten b\u00f8r s\u00e6tte en gr\u00e6nse et \u00e6ller andet st\u00e6d. De er alt for dyrt for samf\u00e5ndet ekke at g\u00f8re de. S\u00e5 m\u00e5 for\u00e6ldrene pr\u00f8ve ig\u00e6n ves di stadig \u00f8nsker et barn.<\/p>\n","protected":false},"excerpt":{"rendered":"<p>http:\/\/politiken.dk\/indland\/ECE1502321\/forening-hvor-smaa-boern-skal-vi-redde\/ http:\/\/www.b.dk\/nationalt\/saa-mange-for-tidligt-foedte-faar-men http:\/\/www.dr.dk\/Nyheder\/Indland\/2012\/01\/09\/003137.htm http:\/\/nyhederne.tv2.dk\/article.php\/id-47313963:forening-hvor-sm\u00e5-b\u00f8rn-skal-vi-redde.html http:\/\/www.bt.dk\/danmark\/saa-mange-for-tidligt-foedte-faar-men m.fl (m\u00e6n d\u00e6r st\u00e5r ca. de samme i) De er t\u00e6knisk set ekke \u00f8vgenik, da de formentlig ekke er d\u00e5rliges geners skyld at disse b\u00f8rn bliver a d\u00e5rligere kvalitet end normal b\u00f8rn (=df \u00acfor tidligt f\u00f8dte), m\u00e6n de er ca. samme slags overvajelse. B\u00f8r staten lave en gr\u00e6nse for vor [&hellip;]<\/p>\n","protected":false},"author":4,"featured_media":0,"comment_status":"open","ping_status":"open","sticky":false,"template":"","format":"standard","meta":{"footnotes":""},"categories":[1598],"tags":[1772,1660],"class_list":["post-2385","post","type-post","status-publish","format-standard","hentry","category-medicin","tag-etik-filosofi","tag-tidligt-fdte"],"_links":{"self":[{"href":"https:\/\/emilkirkegaard.dk\/da\/index.php?rest_route=\/wp\/v2\/posts\/2385","targetHints":{"allow":["GET"]}}],"collection":[{"href":"https:\/\/emilkirkegaard.dk\/da\/index.php?rest_route=\/wp\/v2\/posts"}],"about":[{"href":"https:\/\/emilkirkegaard.dk\/da\/index.php?rest_route=\/wp\/v2\/types\/post"}],"author":[{"embeddable":true,"href":"https:\/\/emilkirkegaard.dk\/da\/index.php?rest_route=\/wp\/v2\/users\/4"}],"replies":[{"embeddable":true,"href":"https:\/\/emilkirkegaard.dk\/da\/index.php?rest_route=%2Fwp%2Fv2%2Fcomments&post=2385"}],"version-history":[{"count":1,"href":"https:\/\/emilkirkegaard.dk\/da\/index.php?rest_route=\/wp\/v2\/posts\/2385\/revisions"}],"predecessor-version":[{"id":2386,"href":"https:\/\/emilkirkegaard.dk\/da\/index.php?rest_route=\/wp\/v2\/posts\/2385\/revisions\/2386"}],"wp:attachment":[{"href":"https:\/\/emilkirkegaard.dk\/da\/index.php?rest_route=%2Fwp%2Fv2%2Fmedia&parent=2385"}],"wp:term":[{"taxonomy":"category","embeddable":true,"href":"https:\/\/emilkirkegaard.dk\/da\/index.php?rest_route=%2Fwp%2Fv2%2Fcategories&post=2385"},{"taxonomy":"post_tag","embeddable":true,"href":"https:\/\/emilkirkegaard.dk\/da\/index.php?rest_route=%2Fwp%2Fv2%2Ftags&post=2385"}],"curies":[{"name":"wp","href":"https:\/\/api.w.org\/{rel}","templated":true}]}}