{"id":2404,"date":"2012-01-11T14:15:54","date_gmt":"2012-01-11T13:15:54","guid":{"rendered":"http:\/\/emilkirkegaard.dk\/da\/?p=2404"},"modified":"2012-01-11T14:15:54","modified_gmt":"2012-01-11T13:15:54","slug":"japan-ov-d%c3%b8dstallet","status":"publish","type":"post","link":"https:\/\/emilkirkegaard.dk\/da\/?p=2404","title":{"rendered":"Japan ov d\u00f8dstallet"},"content":{"rendered":"<p><a href=\"http:\/\/www.dr.dk\/Nyheder\/Udland\/2012\/01\/11\/091951.htm\">http:\/\/www.dr.dk\/Nyheder\/Udland\/2012\/01\/11\/091951.htm<\/a><\/p>\n<p><a href=\"http:\/\/politiken.dk\/udland\/ECE1504635\/japan-goer-status-efter-katastrofen-15844-bekraeftede-doede\/\">http:\/\/politiken.dk\/udland\/ECE1504635\/japan-goer-status-efter-katastrofen-15844-bekraeftede-doede\/<\/a><\/p>\n<p>&nbsp;<\/p>\n<p>Leg m\u00e6rke tel idiot-sjurnalisten hos DR. Hans overskr\u00e6ft f\u00e5r de tel at se ud som om, at \u201cFukushima\u201d er navnet p\u00e5 s\u00e6lve katastrofen ov at 15-19k personer d\u00f8de a atomul\u00f8kken. Fyr enkompet\u00e6nte sjurnalister. I virkeligheden d\u00f8de d\u00e6r kun et par st\u00f8kker p\u00e5 a-kr\u00e6ftv\u00e6rket som f\u00f8lje a en gas-eksplosjon. <a href=\"http:\/\/en.wikipedia.org\/wiki\/Fukushima_Daiichi_nuclear_disaster\">S\u00e5 vidt jaj ved<\/a> s\u00e5 er engen d\u00f8de a radjoaktivitet (endnu) som f\u00f8lje a ul\u00f8kken p\u00e5 Fukushima.<\/p>\n<p>Desuden er de en skidt id\u00e9 at tale om antal d\u00f8de n\u00e5r de har m\u00e6d radjoaktivitet at g\u00f8re, da d\u00f8dstallet for s\u00e5danne teng b\u00e6dre opg\u00f8res i tabte-leve\u00e5r, da man ekke s\u00e5dan bare videre d\u00f8r a radjoaktivitet, m\u00e6n snarere f\u00e5r kanser tidligere\/ofte i livet ifht. normalen. Helt sekkert er de at dette antal tabte-leve\u00e5r bliver majet, <em>majet<\/em> mendre end de antal tabte-leve\u00e5r ifht. d\u00e6m som d\u00f8de instantly (ves en 20-\u00e5rig d\u00f8r instantly, s\u00e5 er de antal tabte-leve\u00e5r = [gns. levealder]-20, velket giver n\u00e5get i stil m\u00e6d 62 <a href=\"http:\/\/en.wikipedia.org\/wiki\/List_of_countries_by_life_expectancy\">i Japan<\/a>).  Desuden s\u00e5 bliver anti-kanser t\u00e6knologien konstant forb\u00e6dret, s\u00e5 m\u00e5ske bliver disse tabte-leve\u00e5r et t\u00e6mmelig lille problem engang i fremtiden n\u00e5r disse personer beg\u00f8nder at f\u00e5 kanser.<\/p>\n<p>&nbsp;<\/p>\n<p>Plus, at sjurnalisten, <em>naturligvis<\/em> (!?), ekke har nogne kilder p\u00e5 hans p\u00e5stande. \u201cUnders\u00f8gelsen viser\u201d, jamen s\u00e5 lenk dog tel \u00e5nders\u00f8gelsen. Gad vide om di har et forbud mod at s\u00e6tte kilder p\u00e5 deres p\u00e5stande?<\/p>\n","protected":false},"excerpt":{"rendered":"<p>http:\/\/www.dr.dk\/Nyheder\/Udland\/2012\/01\/11\/091951.htm http:\/\/politiken.dk\/udland\/ECE1504635\/japan-goer-status-efter-katastrofen-15844-bekraeftede-doede\/ &nbsp; Leg m\u00e6rke tel idiot-sjurnalisten hos DR. Hans overskr\u00e6ft f\u00e5r de tel at se ud som om, at \u201cFukushima\u201d er navnet p\u00e5 s\u00e6lve katastrofen ov at 15-19k personer d\u00f8de a atomul\u00f8kken. Fyr enkompet\u00e6nte sjurnalister. I virkeligheden d\u00f8de d\u00e6r kun et par st\u00f8kker p\u00e5 a-kr\u00e6ftv\u00e6rket som f\u00f8lje a en gas-eksplosjon. S\u00e5 vidt jaj ved [&hellip;]<\/p>\n","protected":false},"author":4,"featured_media":0,"comment_status":"open","ping_status":"open","sticky":false,"template":"","format":"standard","meta":{"footnotes":""},"categories":[1594,17],"tags":[],"class_list":["post-2404","post","type-post","status-publish","format-standard","hentry","category-journalistik-2","category-politik"],"_links":{"self":[{"href":"https:\/\/emilkirkegaard.dk\/da\/index.php?rest_route=\/wp\/v2\/posts\/2404","targetHints":{"allow":["GET"]}}],"collection":[{"href":"https:\/\/emilkirkegaard.dk\/da\/index.php?rest_route=\/wp\/v2\/posts"}],"about":[{"href":"https:\/\/emilkirkegaard.dk\/da\/index.php?rest_route=\/wp\/v2\/types\/post"}],"author":[{"embeddable":true,"href":"https:\/\/emilkirkegaard.dk\/da\/index.php?rest_route=\/wp\/v2\/users\/4"}],"replies":[{"embeddable":true,"href":"https:\/\/emilkirkegaard.dk\/da\/index.php?rest_route=%2Fwp%2Fv2%2Fcomments&post=2404"}],"version-history":[{"count":1,"href":"https:\/\/emilkirkegaard.dk\/da\/index.php?rest_route=\/wp\/v2\/posts\/2404\/revisions"}],"predecessor-version":[{"id":2405,"href":"https:\/\/emilkirkegaard.dk\/da\/index.php?rest_route=\/wp\/v2\/posts\/2404\/revisions\/2405"}],"wp:attachment":[{"href":"https:\/\/emilkirkegaard.dk\/da\/index.php?rest_route=%2Fwp%2Fv2%2Fmedia&parent=2404"}],"wp:term":[{"taxonomy":"category","embeddable":true,"href":"https:\/\/emilkirkegaard.dk\/da\/index.php?rest_route=%2Fwp%2Fv2%2Fcategories&post=2404"},{"taxonomy":"post_tag","embeddable":true,"href":"https:\/\/emilkirkegaard.dk\/da\/index.php?rest_route=%2Fwp%2Fv2%2Ftags&post=2404"}],"curies":[{"name":"wp","href":"https:\/\/api.w.org\/{rel}","templated":true}]}}