{"id":2406,"date":"2012-01-11T23:43:50","date_gmt":"2012-01-11T22:43:50","guid":{"rendered":"http:\/\/emilkirkegaard.dk\/da\/?p=2406"},"modified":"2012-01-11T23:43:50","modified_gmt":"2012-01-11T22:43:50","slug":"tv2-42-d%c3%b8de-pa-jobbet-i-2011","status":"publish","type":"post","link":"https:\/\/emilkirkegaard.dk\/da\/?p=2406","title":{"rendered":"TV2: 42 d\u00f8de p\u00e5 jobbet i 2011"},"content":{"rendered":"<p><a href=\"http:\/\/nyhederne.tv2.dk\/article.php\/id-47374034:42-d%C3%B8de-p%C3%A5-jobbet-i-2011.html\">http:\/\/nyhederne.tv2.dk\/article.php\/id-47374034:42-d%C3%B8de-p%C3%A5-jobbet-i-2011.html<\/a><\/p>\n<p>Var de ekke h\u00e6r at feministerne (3. g\u00e6n.) burde g\u00f8re opm\u00e6rksomme p\u00e5 d\u00e6n store k\u00f8nsforsk\u00e6l? Man kan ekke bare kr\u00e6ve ligestelleng p\u00e5 di gode omr\u00e5der, ov ekke p\u00e5 di d\u00e5rlige i ligeheden navn. M\u00e6n de er pr\u00e6sis vad di g\u00f8r. <a href=\"http:\/\/politiken.dk\/debat\/ECE815366\/feministerne-overser-de-svage-maend\/\">Vis maj en eneste feminist som nogensende har brokket saj over ulighed n\u00e5r de ekke var tel deres egets k\u00f8ns fordel.<\/a> (Jaj husker nogle f\u00e5 personer som har gjort opm\u00e6rksom p\u00e5 <a href=\"http:\/\/politiken.dk\/debat\/ECE1409398\/hva-med-os-tabermaend\/\">taberm\u00e6ndene<\/a> ov <a href=\"http:\/\/www.folkeskolen.dk\/62799\/dansk-skole-passer-daarligt-til-mange-drenge\">drengeb\u00f8rn i skolerne m\u00e6d faglige vanskeligheder\/ADHD<\/a>.)<\/p>\n<p>Vad er fordelengen egentlig? D\u00e6n er ret skidt. Jaj googlede maj frem ov fandt:<\/p>\n<p><a href=\"http:\/\/www.arbeidslivinorden.org\/nyheter\/nyheter-2011\/article.2011-03-17.3259974592\">http:\/\/www.arbeidslivinorden.org\/nyheter\/nyheter-2011\/article.2011-03-17.3259974592<\/a><\/p>\n<p>Rapporten fendes h\u00e6r:<\/p>\n<p><a href=\"http:\/\/www.norden.org\/da\/publikationer\/publikationer\/2011-501\">http:\/\/www.norden.org\/da\/publikationer\/publikationer\/2011-501<\/a><\/p>\n<p><a href=\"http:\/\/emilkirkegaard.dk\/da\/wp-content\/uploads\/Fatal-occupational-accidents-in-the-Nordic-countries-2003-\u2013-2008.pdf\">Fatal occupational accidents in the Nordic countries 2003 \u2013 2008 (mirror)<\/a><\/p>\n<p>P\u00e5 side 31 fender man di relevante data, som jaj har g\u00e6ngivet neden\u00e5nder.<\/p>\n<p><a href=\"http:\/\/emilkirkegaard.dk\/da\/wp-content\/uploads\/ScreenHunter_01-Jan.-11-23.35.png\"><img loading=\"lazy\" decoding=\"async\" class=\"alignleft size-medium wp-image-2408\" title=\"ScreenHunter_01 Jan. 11 23.35\" src=\"http:\/\/emilkirkegaard.dk\/da\/wp-content\/uploads\/ScreenHunter_01-Jan.-11-23.35-300x205.png\" alt=\"\" width=\"300\" height=\"205\" srcset=\"https:\/\/emilkirkegaard.dk\/da\/wp-content\/uploads\/ScreenHunter_01-Jan.-11-23.35-300x205.png 300w, https:\/\/emilkirkegaard.dk\/da\/wp-content\/uploads\/ScreenHunter_01-Jan.-11-23.35.png 933w\" sizes=\"auto, (max-width: 300px) 100vw, 300px\" \/><\/a><\/p>\n","protected":false},"excerpt":{"rendered":"<p>http:\/\/nyhederne.tv2.dk\/article.php\/id-47374034:42-d%C3%B8de-p%C3%A5-jobbet-i-2011.html Var de ekke h\u00e6r at feministerne (3. g\u00e6n.) burde g\u00f8re opm\u00e6rksomme p\u00e5 d\u00e6n store k\u00f8nsforsk\u00e6l? Man kan ekke bare kr\u00e6ve ligestelleng p\u00e5 di gode omr\u00e5der, ov ekke p\u00e5 di d\u00e5rlige i ligeheden navn. M\u00e6n de er pr\u00e6sis vad di g\u00f8r. Vis maj en eneste feminist som nogensende har brokket saj over ulighed n\u00e5r de [&hellip;]<\/p>\n","protected":false},"author":4,"featured_media":0,"comment_status":"open","ping_status":"open","sticky":false,"template":"","format":"standard","meta":{"footnotes":""},"categories":[1542],"tags":[1665,682,822,1664],"class_list":["post-2406","post","type-post","status-publish","format-standard","hentry","category-ligestillingfeminisme","tag-arbejdsulykke","tag-kn","tag-mnd","tag-tabermaend"],"_links":{"self":[{"href":"https:\/\/emilkirkegaard.dk\/da\/index.php?rest_route=\/wp\/v2\/posts\/2406","targetHints":{"allow":["GET"]}}],"collection":[{"href":"https:\/\/emilkirkegaard.dk\/da\/index.php?rest_route=\/wp\/v2\/posts"}],"about":[{"href":"https:\/\/emilkirkegaard.dk\/da\/index.php?rest_route=\/wp\/v2\/types\/post"}],"author":[{"embeddable":true,"href":"https:\/\/emilkirkegaard.dk\/da\/index.php?rest_route=\/wp\/v2\/users\/4"}],"replies":[{"embeddable":true,"href":"https:\/\/emilkirkegaard.dk\/da\/index.php?rest_route=%2Fwp%2Fv2%2Fcomments&post=2406"}],"version-history":[{"count":1,"href":"https:\/\/emilkirkegaard.dk\/da\/index.php?rest_route=\/wp\/v2\/posts\/2406\/revisions"}],"predecessor-version":[{"id":2409,"href":"https:\/\/emilkirkegaard.dk\/da\/index.php?rest_route=\/wp\/v2\/posts\/2406\/revisions\/2409"}],"wp:attachment":[{"href":"https:\/\/emilkirkegaard.dk\/da\/index.php?rest_route=%2Fwp%2Fv2%2Fmedia&parent=2406"}],"wp:term":[{"taxonomy":"category","embeddable":true,"href":"https:\/\/emilkirkegaard.dk\/da\/index.php?rest_route=%2Fwp%2Fv2%2Fcategories&post=2406"},{"taxonomy":"post_tag","embeddable":true,"href":"https:\/\/emilkirkegaard.dk\/da\/index.php?rest_route=%2Fwp%2Fv2%2Ftags&post=2406"}],"curies":[{"name":"wp","href":"https:\/\/api.w.org\/{rel}","templated":true}]}}