{"id":2415,"date":"2012-01-19T08:39:45","date_gmt":"2012-01-19T07:39:45","guid":{"rendered":"http:\/\/emilkirkegaard.dk\/da\/?p=2415"},"modified":"2012-01-19T08:39:45","modified_gmt":"2012-01-19T07:39:45","slug":"politiken-par%c3%b8rende-vil-bremse-dansk-breivik-teater","status":"publish","type":"post","link":"https:\/\/emilkirkegaard.dk\/da\/?p=2415","title":{"rendered":"Politiken: P\u00e5r\u00f8rende vil bremse dansk Breivik-teater"},"content":{"rendered":"<p><a href=\"http:\/\/politiken.dk\/udland\/ECE1512501\/paaroerende-vil-bremse-dansk-breivik-teater\/\">http:\/\/politiken.dk\/udland\/ECE1512501\/paaroerende-vil-bremse-dansk-breivik-teater\/<\/a><\/p>\n<p>&nbsp;<\/p>\n<p>Typisk eks\u00e6mpel p\u00e5 vordan folk synes at ytrengsfrihed er godt&#8230; bare ekke lige n\u00e5r de handler om n\u00e5get jaj ekke kan lide. Dette er en forf\u00e6rdelig tankegang som er farlig for ytrengsfriheden. De \u00e5bner op for glidebanen om vor majet man skal forbyde\/straffe folk for at sige. Historjen viser vordan at politikere gang p\u00e5 gang ekke kan fende ud a dette. H\u00e6r er et andet eks\u00e6mpel fra nutiden.<\/p>\n<p>&nbsp;<\/p>\n<p><a href=\"http:\/\/www.180grader.dk\/Politik\/stt-lars-kamp-for-ytringsfrihed\">http:\/\/www.180grader.dk\/Politik\/stt-lars-kamp-for-ytringsfrihed<\/a><\/p>\n<p>&nbsp;<\/p>\n<p><a href=\"https:\/\/www.facebook.com\/pages\/St%C3%B8t-Lars-kamp-for-ytringsfrihed\/276703342390342\">Evt. st\u00f8t op p\u00e5 hans Facebook side (endtel at Facebook l\u00e5kker d\u00e6n&#8230;).<\/a><\/p>\n<p>&nbsp;<\/p>\n<p>Man bliver n\u00f8d tel at k\u00e6mpe for folks frihed tel at sige teng som man er uenig i (osse teng man er st\u00e6rkt uenig i, som diverse fasistiske\/nasistiske udtalelser m.m.) for at bevare friheden.<\/p>\n","protected":false},"excerpt":{"rendered":"<p>http:\/\/politiken.dk\/udland\/ECE1512501\/paaroerende-vil-bremse-dansk-breivik-teater\/ &nbsp; Typisk eks\u00e6mpel p\u00e5 vordan folk synes at ytrengsfrihed er godt&#8230; bare ekke lige n\u00e5r de handler om n\u00e5get jaj ekke kan lide. Dette er en forf\u00e6rdelig tankegang som er farlig for ytrengsfriheden. De \u00e5bner op for glidebanen om vor majet man skal forbyde\/straffe folk for at sige. Historjen viser vordan at politikere gang [&hellip;]<\/p>\n","protected":false},"author":4,"featured_media":0,"comment_status":"open","ping_status":"open","sticky":false,"template":"","format":"standard","meta":{"footnotes":""},"categories":[1667],"tags":[],"class_list":["post-2415","post","type-post","status-publish","format-standard","hentry","category-ytringsfrihed"],"_links":{"self":[{"href":"https:\/\/emilkirkegaard.dk\/da\/index.php?rest_route=\/wp\/v2\/posts\/2415","targetHints":{"allow":["GET"]}}],"collection":[{"href":"https:\/\/emilkirkegaard.dk\/da\/index.php?rest_route=\/wp\/v2\/posts"}],"about":[{"href":"https:\/\/emilkirkegaard.dk\/da\/index.php?rest_route=\/wp\/v2\/types\/post"}],"author":[{"embeddable":true,"href":"https:\/\/emilkirkegaard.dk\/da\/index.php?rest_route=\/wp\/v2\/users\/4"}],"replies":[{"embeddable":true,"href":"https:\/\/emilkirkegaard.dk\/da\/index.php?rest_route=%2Fwp%2Fv2%2Fcomments&post=2415"}],"version-history":[{"count":1,"href":"https:\/\/emilkirkegaard.dk\/da\/index.php?rest_route=\/wp\/v2\/posts\/2415\/revisions"}],"predecessor-version":[{"id":2416,"href":"https:\/\/emilkirkegaard.dk\/da\/index.php?rest_route=\/wp\/v2\/posts\/2415\/revisions\/2416"}],"wp:attachment":[{"href":"https:\/\/emilkirkegaard.dk\/da\/index.php?rest_route=%2Fwp%2Fv2%2Fmedia&parent=2415"}],"wp:term":[{"taxonomy":"category","embeddable":true,"href":"https:\/\/emilkirkegaard.dk\/da\/index.php?rest_route=%2Fwp%2Fv2%2Fcategories&post=2415"},{"taxonomy":"post_tag","embeddable":true,"href":"https:\/\/emilkirkegaard.dk\/da\/index.php?rest_route=%2Fwp%2Fv2%2Ftags&post=2415"}],"curies":[{"name":"wp","href":"https:\/\/api.w.org\/{rel}","templated":true}]}}