{"id":2417,"date":"2012-01-19T08:47:26","date_gmt":"2012-01-19T07:47:26","guid":{"rendered":"http:\/\/emilkirkegaard.dk\/da\/?p=2417"},"modified":"2012-01-19T08:47:26","modified_gmt":"2012-01-19T07:47:26","slug":"dr-dk-piratpartiet-ny-lov-havde-draebt-facebook","status":"publish","type":"post","link":"https:\/\/emilkirkegaard.dk\/da\/?p=2417","title":{"rendered":"DR.dk: Piratpartiet: Ny lov havde dr\u00e6bt Facebook"},"content":{"rendered":"<p><a href=\"http:\/\/www.dr.dk\/Nyheder\/Kultur\/2012\/01\/18\/142923.htm\">http:\/\/www.dr.dk\/Nyheder\/Kultur\/2012\/01\/18\/142923.htm<\/a><\/p>\n<p>&nbsp;<\/p>\n<p>Wow, de danske piratparti lader h\u00f8re fra saj! De er \u00e6llers ekke majet at man h\u00f8rer tel d\u00e6m i medierne i Danmark. En skam, for d\u00e6r er brug for et parti som er mere seri\u00f8s mht. reformer p\u00e5 IT-omr\u00e5det. Som progressiv t\u00e6nker st\u00f8tter jaj naturligvis op om dette. \ud83d\ude42<\/p>\n<p>&nbsp;<\/p>\n<p>De er \u00e6llers m\u00e6rkeligt at de danske piratparti er s\u00e5 lille, fordi di \u00e6kvival\u00e6nte partier i vores to nabolande, Sverige ov Tyskland, klarer saj r\u00e6gtig godt. Jaj har l\u00e6nge spekuleret p\u00e5 vorfor at dette er telf\u00e6ldet. M\u00e5ske fordi at de er sv\u00e6rere at stelle op i Danmark? (<a href=\"http:\/\/politiken.dk\/politik\/ECE1502262\/vestager-vil-hjaelpe-flere-partier-ind-i-folketinget\/\">M\u00e6n nogle politikere vel gerne lave de om, de bliver deres ajen \u00e5ndergang, s\u00e5 jaj h\u00e5ber at di g\u00f8r de.<\/a>) M\u00e5ske fordi at danskere &#8216;har de for godt&#8217; ov ekke er s\u00e6rlig idealistiske? I don&#8217;t know.<\/p>\n<p>&nbsp;<\/p>\n<p>Jaj er i\u00f8vrigt m\u00e6dlem a de danske piratparti ov kan anbefale at du bliver de osse ves du synes, at de er p\u00e5 tide at f\u00e5 en copyright-reform.<\/p>\n<p>&nbsp;<\/p>\n<p><a href=\"http:\/\/www.piratpartiet.dk\/\">http:\/\/www.piratpartiet.dk\/<\/a><\/p>\n","protected":false},"excerpt":{"rendered":"<p>http:\/\/www.dr.dk\/Nyheder\/Kultur\/2012\/01\/18\/142923.htm &nbsp; Wow, de danske piratparti lader h\u00f8re fra saj! De er \u00e6llers ekke majet at man h\u00f8rer tel d\u00e6m i medierne i Danmark. En skam, for d\u00e6r er brug for et parti som er mere seri\u00f8s mht. reformer p\u00e5 IT-omr\u00e5det. Som progressiv t\u00e6nker st\u00f8tter jaj naturligvis op om dette. \ud83d\ude42 &nbsp; De er \u00e6llers [&hellip;]<\/p>\n","protected":false},"author":4,"featured_media":0,"comment_status":"open","ping_status":"open","sticky":false,"template":"","format":"standard","meta":{"footnotes":""},"categories":[1451],"tags":[],"class_list":["post-2417","post","type-post","status-publish","format-standard","hentry","category-copyright-og-fildeling"],"_links":{"self":[{"href":"https:\/\/emilkirkegaard.dk\/da\/index.php?rest_route=\/wp\/v2\/posts\/2417","targetHints":{"allow":["GET"]}}],"collection":[{"href":"https:\/\/emilkirkegaard.dk\/da\/index.php?rest_route=\/wp\/v2\/posts"}],"about":[{"href":"https:\/\/emilkirkegaard.dk\/da\/index.php?rest_route=\/wp\/v2\/types\/post"}],"author":[{"embeddable":true,"href":"https:\/\/emilkirkegaard.dk\/da\/index.php?rest_route=\/wp\/v2\/users\/4"}],"replies":[{"embeddable":true,"href":"https:\/\/emilkirkegaard.dk\/da\/index.php?rest_route=%2Fwp%2Fv2%2Fcomments&post=2417"}],"version-history":[{"count":2,"href":"https:\/\/emilkirkegaard.dk\/da\/index.php?rest_route=\/wp\/v2\/posts\/2417\/revisions"}],"predecessor-version":[{"id":2419,"href":"https:\/\/emilkirkegaard.dk\/da\/index.php?rest_route=\/wp\/v2\/posts\/2417\/revisions\/2419"}],"wp:attachment":[{"href":"https:\/\/emilkirkegaard.dk\/da\/index.php?rest_route=%2Fwp%2Fv2%2Fmedia&parent=2417"}],"wp:term":[{"taxonomy":"category","embeddable":true,"href":"https:\/\/emilkirkegaard.dk\/da\/index.php?rest_route=%2Fwp%2Fv2%2Fcategories&post=2417"},{"taxonomy":"post_tag","embeddable":true,"href":"https:\/\/emilkirkegaard.dk\/da\/index.php?rest_route=%2Fwp%2Fv2%2Ftags&post=2417"}],"curies":[{"name":"wp","href":"https:\/\/api.w.org\/{rel}","templated":true}]}}