{"id":2470,"date":"2012-03-05T04:28:10","date_gmt":"2012-03-05T03:28:10","guid":{"rendered":"http:\/\/emilkirkegaard.dk\/da\/?p=2470"},"modified":"2012-03-05T04:28:10","modified_gmt":"2012-03-05T03:28:10","slug":"tv2-slips-slar-stiletter-ud-i-bestyrelserne","status":"publish","type":"post","link":"https:\/\/emilkirkegaard.dk\/da\/?p=2470","title":{"rendered":"TV2: Slips sl\u00e5r stiletter ud i bestyrelserne"},"content":{"rendered":"<p><a href=\"http:\/\/nyhederne.tv2.dk\/article.php\/id-48657157:slips-sl%C3%A5r-stiletter-ud-i-bestyrelserne.html\">http:\/\/nyhederne.tv2.dk\/article.php\/id-48657157:slips-sl\u00e5r-stiletter-ud-i-bestyrelserne.html<\/a><\/p>\n<p style=\"padding-left: 30px;\">\u201cOver to \u00e5r er antallet af kvinder bestyrelserne i b\u00f8rsnoterede selskaber kun steget fra 9,2 til 11,6 procent.\u201d<\/p>\n<p style=\"padding-left: 30px;\">\u201cI dag udg\u00f8r kvinder 11,6 procent af medlemmerne i de b\u00f8rsnoterede selskabers bestyrelser. Det er kun en lille smule mere end for fire \u00e5r siden, hvor 9,2 procent var kvinder.\u201d<\/p>\n<p>Sjurnalisten ser ekke ud tel at v\u00e6re enig m\u00e6d saj s\u00e6l. Er de 2 \u00e6ller 4 \u00e5r siden at d\u00e6r var 9.2% kvender? T\u00e6knisk set kunne de godt v\u00e6re b\u00e6gge \u00e5r, m\u00e6n i s\u00e5 fald ville de stadig v\u00e6re en m\u00e6rkelig m\u00e5de at sige de p\u00e5.<\/p>\n<p style=\"padding-left: 30px;\">\u201c- Forts\u00e6tter udviklingen med samme langsomme tempo, vil der g\u00e5 90 \u00e5r, f\u00f8r der er opn\u00e5et fuld ligestilling i bestyrelseslokalerne, skriver ugebrevet.\u201d<\/p>\n<p>Fucking derp. Samme t\u00e5belig ligestellengs-kons\u00e6pt. Ligestelleng burde v\u00e6re lighed for loven ov ekke andet. N\u00e5get vi sjovt nok <a href=\"..\/..\/..\/..\/..\/?p=2468\">har fjernet<\/a> \u00e6fter al d\u00e6n snak om kvender h\u00e6r ov d\u00e6r.<\/p>\n<p style=\"padding-left: 30px;\">\u201cForud for generalforsamlingerne i landets 20 st\u00f8rste b\u00f8rsnoterede selskaber har Mandag Morgen fundet ud af, at kun seks kvinder st\u00e5r til at komme ind p\u00e5 de alt 85 bestyrelsespladser &#8211; og det er alle udenlandske kvinder.\u201d<\/p>\n<p>Er de nogen overraskelse at di alle sammen er udenlandske? Naj. <a href=\"http:\/\/www.manfo.dk\/node\/87\">Sverige ov Norge har jo &#8216;h\u00e6ntet&#8217; mange a di kvalifiserede danske kvender<\/a>.<\/p>\n","protected":false},"excerpt":{"rendered":"<p>http:\/\/nyhederne.tv2.dk\/article.php\/id-48657157:slips-sl\u00e5r-stiletter-ud-i-bestyrelserne.html \u201cOver to \u00e5r er antallet af kvinder bestyrelserne i b\u00f8rsnoterede selskaber kun steget fra 9,2 til 11,6 procent.\u201d \u201cI dag udg\u00f8r kvinder 11,6 procent af medlemmerne i de b\u00f8rsnoterede selskabers bestyrelser. Det er kun en lille smule mere end for fire \u00e5r siden, hvor 9,2 procent var kvinder.\u201d Sjurnalisten ser ekke ud tel at [&hellip;]<\/p>\n","protected":false},"author":4,"featured_media":0,"comment_status":"open","ping_status":"open","sticky":false,"template":"","format":"standard","meta":{"footnotes":""},"categories":[1542],"tags":[1686],"class_list":["post-2470","post","type-post","status-publish","format-standard","hentry","category-ligestillingfeminisme","tag-kvoter"],"_links":{"self":[{"href":"https:\/\/emilkirkegaard.dk\/da\/index.php?rest_route=\/wp\/v2\/posts\/2470","targetHints":{"allow":["GET"]}}],"collection":[{"href":"https:\/\/emilkirkegaard.dk\/da\/index.php?rest_route=\/wp\/v2\/posts"}],"about":[{"href":"https:\/\/emilkirkegaard.dk\/da\/index.php?rest_route=\/wp\/v2\/types\/post"}],"author":[{"embeddable":true,"href":"https:\/\/emilkirkegaard.dk\/da\/index.php?rest_route=\/wp\/v2\/users\/4"}],"replies":[{"embeddable":true,"href":"https:\/\/emilkirkegaard.dk\/da\/index.php?rest_route=%2Fwp%2Fv2%2Fcomments&post=2470"}],"version-history":[{"count":1,"href":"https:\/\/emilkirkegaard.dk\/da\/index.php?rest_route=\/wp\/v2\/posts\/2470\/revisions"}],"predecessor-version":[{"id":2471,"href":"https:\/\/emilkirkegaard.dk\/da\/index.php?rest_route=\/wp\/v2\/posts\/2470\/revisions\/2471"}],"wp:attachment":[{"href":"https:\/\/emilkirkegaard.dk\/da\/index.php?rest_route=%2Fwp%2Fv2%2Fmedia&parent=2470"}],"wp:term":[{"taxonomy":"category","embeddable":true,"href":"https:\/\/emilkirkegaard.dk\/da\/index.php?rest_route=%2Fwp%2Fv2%2Fcategories&post=2470"},{"taxonomy":"post_tag","embeddable":true,"href":"https:\/\/emilkirkegaard.dk\/da\/index.php?rest_route=%2Fwp%2Fv2%2Ftags&post=2470"}],"curies":[{"name":"wp","href":"https:\/\/api.w.org\/{rel}","templated":true}]}}