{"id":2508,"date":"2012-03-29T03:02:40","date_gmt":"2012-03-29T02:02:40","guid":{"rendered":"http:\/\/emilkirkegaard.dk\/da\/?p=2508"},"modified":"2012-03-29T03:03:18","modified_gmt":"2012-03-29T02:03:18","slug":"kirkeklokkers-larm-er-st%c3%b8jforueneng","status":"publish","type":"post","link":"https:\/\/emilkirkegaard.dk\/da\/?p=2508","title":{"rendered":"Kirkeklokkers larm er st\u00f8jforureneng"},"content":{"rendered":"<p>Jaj har br\u00e5gt ledt tid p\u00e5 at l\u00e6se om kirkeklokkersne larm ov loven.<\/p>\n<p><a href=\"http:\/\/www.24.dk\/article.jsp?articleId=7003\">http:\/\/www.24.dk\/article.jsp?articleId=7003<\/a><\/p>\n<p><a href=\"https:\/\/www.retsinformation.dk\/Forms\/R0710.aspx?id=132218\">Bekendtg\u00f8relse af lov om milj\u00f8beskyttelse<\/a> &#8211; se \u00a742<\/p>\n<p><a href=\"https:\/\/www.borger.dk\/Emner\/miljoe-og-energi\/forurening\/Sider\/nabostoej-og-stoejforurening.aspx\">https:\/\/www.borger.dk\/Emner\/miljoe-og-energi\/forurening\/Sider\/nabostoej-og-stoejforurening.aspx<\/a><\/p>\n<p><a href=\"http:\/\/jp.dk\/indland\/article2151124.ece\">http:\/\/jp.dk\/indland\/article2151124.ece<\/a><\/p>\n<p><a href=\"http:\/\/www.kristeligt-dagblad.dk\/artikel\/371366:Kirke---tro--Folkekirken-er-en-virksomhed\">http:\/\/www.kristeligt-dagblad.dk\/artikel\/371366:Kirke&#8212;tro&#8211;Folkekirken-er-en-virksomhed<\/a><\/p>\n<p><a href=\"http:\/\/emilkirkegaard.dk\/da\/wp-content\/uploads\/Vedtagelse-af-forslag-til-lokalplan-866_bilag-3.pdf\">Vedtagelse af forslag til lokalplan 866_bilag 3<\/a><\/p>\n<p>&#8211;<\/p>\n<p>Min r\u00e6sonnereng er:<\/p>\n<p>D\u00e6r er kun to muligheder. Enten har alle religioner s\u00e6rlig telladelse (fordi at di er &#8216;samfundsaccepteret&#8217; st\u00f8j) tel at larme \u00e6ller osse har engen. Ves alle har, s\u00e5 sker de f\u00f8r \u00e6ller siden at nogen g\u00f8r de p\u00e5 en s\u00e5 grot\u00e6sk m\u00e5de (parodi \u00e6ller bare fordi at di er sk\u00f8re) at man bliver n\u00f8d tel at lave loven om s\u00e5ledes at engen har lov tel de. Alts\u00e5, resultatet bliver de samme uanset vad. M\u00e5ske man i virkeligheden skulle st\u00e6mme for, at muslimerne m.fl. osse kunne larme, bare fordi at de i sidste \u00e6nde f\u00f8rer tel, at engne m\u00e5. Or so i hope. \ud83d\ude42<\/p>\n","protected":false},"excerpt":{"rendered":"<p>Jaj har br\u00e5gt ledt tid p\u00e5 at l\u00e6se om kirkeklokkersne larm ov loven. http:\/\/www.24.dk\/article.jsp?articleId=7003 Bekendtg\u00f8relse af lov om milj\u00f8beskyttelse &#8211; se \u00a742 https:\/\/www.borger.dk\/Emner\/miljoe-og-energi\/forurening\/Sider\/nabostoej-og-stoejforurening.aspx http:\/\/jp.dk\/indland\/article2151124.ece http:\/\/www.kristeligt-dagblad.dk\/artikel\/371366:Kirke&#8212;tro&#8211;Folkekirken-er-en-virksomhed Vedtagelse af forslag til lokalplan 866_bilag 3 &#8211; Min r\u00e6sonnereng er: D\u00e6r er kun to muligheder. Enten har alle religioner s\u00e6rlig telladelse (fordi at di er &#8216;samfundsaccepteret&#8217; st\u00f8j) tel at [&hellip;]<\/p>\n","protected":false},"author":4,"featured_media":0,"comment_status":"open","ping_status":"open","sticky":false,"template":"","format":"standard","meta":{"footnotes":""},"categories":[1647],"tags":[1693,1225],"class_list":["post-2508","post","type-post","status-publish","format-standard","hentry","category-statkirke","tag-kirkeklokker","tag-stj"],"_links":{"self":[{"href":"https:\/\/emilkirkegaard.dk\/da\/index.php?rest_route=\/wp\/v2\/posts\/2508","targetHints":{"allow":["GET"]}}],"collection":[{"href":"https:\/\/emilkirkegaard.dk\/da\/index.php?rest_route=\/wp\/v2\/posts"}],"about":[{"href":"https:\/\/emilkirkegaard.dk\/da\/index.php?rest_route=\/wp\/v2\/types\/post"}],"author":[{"embeddable":true,"href":"https:\/\/emilkirkegaard.dk\/da\/index.php?rest_route=\/wp\/v2\/users\/4"}],"replies":[{"embeddable":true,"href":"https:\/\/emilkirkegaard.dk\/da\/index.php?rest_route=%2Fwp%2Fv2%2Fcomments&post=2508"}],"version-history":[{"count":4,"href":"https:\/\/emilkirkegaard.dk\/da\/index.php?rest_route=\/wp\/v2\/posts\/2508\/revisions"}],"predecessor-version":[{"id":2513,"href":"https:\/\/emilkirkegaard.dk\/da\/index.php?rest_route=\/wp\/v2\/posts\/2508\/revisions\/2513"}],"wp:attachment":[{"href":"https:\/\/emilkirkegaard.dk\/da\/index.php?rest_route=%2Fwp%2Fv2%2Fmedia&parent=2508"}],"wp:term":[{"taxonomy":"category","embeddable":true,"href":"https:\/\/emilkirkegaard.dk\/da\/index.php?rest_route=%2Fwp%2Fv2%2Fcategories&post=2508"},{"taxonomy":"post_tag","embeddable":true,"href":"https:\/\/emilkirkegaard.dk\/da\/index.php?rest_route=%2Fwp%2Fv2%2Ftags&post=2508"}],"curies":[{"name":"wp","href":"https:\/\/api.w.org\/{rel}","templated":true}]}}