{"id":2541,"date":"2012-04-11T13:59:03","date_gmt":"2012-04-11T12:59:03","guid":{"rendered":"http:\/\/emilkirkegaard.dk\/da\/?p=2541"},"modified":"2012-04-11T15:22:28","modified_gmt":"2012-04-11T14:22:28","slug":"2541","status":"publish","type":"post","link":"https:\/\/emilkirkegaard.dk\/da\/?p=2541","title":{"rendered":"Straffeloven+syntaktisk flertydighed"},"content":{"rendered":"<p>[14:47:34] Jens Arh\u00f8j &#8211; Strawb: Stenet, <a href=\"http:\/\/politiken.dk\/kultur\/tvogradio\/ECE1592143\/top-5-de-mest-skandaloese-tv-optraedener-i-danmark\/\">Politiken har en liste over de 5 mest &#8220;skandal\u00f8se&#8221; TV-optr\u00e6dener<\/a>, og en af dem er Simon Kvamm der r\u00f8g en joint p\u00e5 scenen da han var v\u00e6rt til en prisshow. Wtf<br \/>\n[14:48:10] Emil &#8211; Deleet: skandal\u00f8se? lol<br \/>\n[14:48:13] Emil &#8211; Deleet: fik han en b\u00f8de? \ud83d\ude1b<br \/>\n[14:48:30] Jens Arh\u00f8j &#8211; Strawb: Dunno, men if\u00f8lge artiklen var det til manges &#8220;forargelse&#8221;<br \/>\n[14:48:39] Emil &#8211; Deleet: dont give a fuck<br \/>\n[14:48:41] Emil &#8211; Deleet: m\u00e6n<br \/>\n[14:49:37 | Edited 14:49:43] Emil &#8211; Deleet: i s\u00e5 fald kan han d\u00f8mmes \u00e6fter straffenlovens &#8220;\u00a7 232. Den, som ved uterligt forhold kr\u00e6nker bluf\u00e6rdigheden eller giver offentlig forargelse, straffes med f\u00e6ngsel indtil 4 \u00e5r eller under formildende omst\u00e6ndigheder med h\u00e6fte eller b\u00f8de.&#8221;<br \/>\n[14:49:50] Emil &#8211; Deleet: \u00e6ller<br \/>\n[14:49:56] Emil &#8211; Deleet: kommer an p\u00e5 vad uterligt forhold er<br \/>\n[14:50:04] Emil &#8211; Deleet: ov vordan man tolker de<br \/>\n[14:50:10] Emil &#8211; Deleet: s\u00e6tnenger er jo syntatisk flertydig -.-<br \/>\n[14:50:37] Emil &#8211; Deleet: skal man forst\u00e5 d\u00e6n som:<\/p>\n<p>den som g\u00f8r mendst en a flg.:<br \/>\n[14:50:53] Emil &#8211; Deleet: 1. ved uterligt forhold kr\u00e6nker bluf\u00e6rdigheden<br \/>\n2. giver offentlig forargelse<br \/>\n[14:51:17] Emil &#8211; Deleet: \u00e6ller skal man forst\u00e5 d\u00e6n som:<\/p>\n<p>d\u00e6n som ved uterligt forhold g\u00f8r mendst en a flg.:<br \/>\n1. kr\u00e6nker bluf\u00e6rdigheden<br \/>\n2. giver offentlig forargelse<br \/>\n[14:51:48] Jens Arh\u00f8j &#8211; Strawb: Den sidste, tror jeg<br \/>\n[14:52:22] Emil &#8211; Deleet: jaj er ved at l\u00e6se en lingvestik b\u00e5g. D\u00e6ri l\u00e6rer man at s\u00e5danne s\u00e6tnenger er syntaktisk flertydige, pga. deres struktur. \ud83d\ude00<\/p>\n","protected":false},"excerpt":{"rendered":"<p>[14:47:34] Jens Arh\u00f8j &#8211; Strawb: Stenet, Politiken har en liste over de 5 mest &#8220;skandal\u00f8se&#8221; TV-optr\u00e6dener, og en af dem er Simon Kvamm der r\u00f8g en joint p\u00e5 scenen da han var v\u00e6rt til en prisshow. Wtf [14:48:10] Emil &#8211; Deleet: skandal\u00f8se? lol [14:48:13] Emil &#8211; Deleet: fik han en b\u00f8de? \ud83d\ude1b [14:48:30] Jens Arh\u00f8j [&hellip;]<\/p>\n","protected":false},"author":4,"featured_media":0,"comment_status":"open","ping_status":"open","sticky":false,"template":"","format":"standard","meta":{"footnotes":""},"categories":[1546,17],"tags":[1694],"class_list":["post-2541","post","type-post","status-publish","format-standard","hentry","category-sprog-videnskab-og-lign","category-politik","tag-jura"],"_links":{"self":[{"href":"https:\/\/emilkirkegaard.dk\/da\/index.php?rest_route=\/wp\/v2\/posts\/2541","targetHints":{"allow":["GET"]}}],"collection":[{"href":"https:\/\/emilkirkegaard.dk\/da\/index.php?rest_route=\/wp\/v2\/posts"}],"about":[{"href":"https:\/\/emilkirkegaard.dk\/da\/index.php?rest_route=\/wp\/v2\/types\/post"}],"author":[{"embeddable":true,"href":"https:\/\/emilkirkegaard.dk\/da\/index.php?rest_route=\/wp\/v2\/users\/4"}],"replies":[{"embeddable":true,"href":"https:\/\/emilkirkegaard.dk\/da\/index.php?rest_route=%2Fwp%2Fv2%2Fcomments&post=2541"}],"version-history":[{"count":3,"href":"https:\/\/emilkirkegaard.dk\/da\/index.php?rest_route=\/wp\/v2\/posts\/2541\/revisions"}],"predecessor-version":[{"id":2543,"href":"https:\/\/emilkirkegaard.dk\/da\/index.php?rest_route=\/wp\/v2\/posts\/2541\/revisions\/2543"}],"wp:attachment":[{"href":"https:\/\/emilkirkegaard.dk\/da\/index.php?rest_route=%2Fwp%2Fv2%2Fmedia&parent=2541"}],"wp:term":[{"taxonomy":"category","embeddable":true,"href":"https:\/\/emilkirkegaard.dk\/da\/index.php?rest_route=%2Fwp%2Fv2%2Fcategories&post=2541"},{"taxonomy":"post_tag","embeddable":true,"href":"https:\/\/emilkirkegaard.dk\/da\/index.php?rest_route=%2Fwp%2Fv2%2Ftags&post=2541"}],"curies":[{"name":"wp","href":"https:\/\/api.w.org\/{rel}","templated":true}]}}