{"id":2550,"date":"2012-04-14T19:10:22","date_gmt":"2012-04-14T18:10:22","guid":{"rendered":"http:\/\/emilkirkegaard.dk\/da\/?p=2550"},"modified":"2012-04-14T19:10:22","modified_gmt":"2012-04-14T18:10:22","slug":"nyhederkommentarer-14-04-2012","status":"publish","type":"post","link":"https:\/\/emilkirkegaard.dk\/da\/?p=2550","title":{"rendered":"Nyheder+kommentarer 14-04-2012"},"content":{"rendered":"<p><a href=\"http:\/\/www.180grader.dk\/Leder\/reklamepuritaner-gr-grassat-igen\">http:\/\/www.180grader.dk\/Leder\/reklamepuritaner-gr-grassat-igen<\/a><\/p>\n<p>Mere s\u00e6nsur er en go id\u00e9, \u00e6ller&#8230;<\/p>\n<p><a href=\"http:\/\/www.180grader.dk\/Politik\/kaere-forbrugerombudsmand-forbyd-stieg-larssons-romaner\">http:\/\/www.180grader.dk\/Politik\/kaere-forbrugerombudsmand-forbyd-stieg-larssons-romaner<\/a><\/p>\n<p>&#8211;<\/p>\n<p><a href=\"http:\/\/www.180grader.dk\/Politik\/tysk-offentlig-ansat-har-ikke-lst-nogen-arbejdsopgaver-i-14-r\">http:\/\/www.180grader.dk\/Politik\/tysk-offentlig-ansat-har-ikke-lst-nogen-arbejdsopgaver-i-14-r<\/a><\/p>\n<p>lol&#8230;<\/p>\n<p>&#8211;<\/p>\n<p><a href=\"http:\/\/www.180grader.dk\/Politik\/antifascisme-handler-om-at-forhindre-vold-modkraft-ikke-satire\">http:\/\/www.180grader.dk\/Politik\/antifascisme-handler-om-at-forhindre-vold-modkraft-ikke-satire<\/a><\/p>\n<p>\u201cVi er ikke voldelige, men g\u00e5r ind for \u00bbpolitisk selvforsvar\u00ab, skriver Antifascistisk Aktion.\u201d<\/p>\n<p>Engen satire. Di er virkelig gakgak!<\/p>\n<p>&#8211;<\/p>\n<p><a href=\"http:\/\/www.180grader.dk\/Politik\/knsmainstreaming-big-mother-kvinder-nedgr-maend-staten-betaler\">http:\/\/www.180grader.dk\/Politik\/knsmainstreaming-big-mother-kvinder-nedgr-maend-staten-betaler<\/a><\/p>\n<p>Craaazy.<\/p>\n<p>&#8211;<\/p>\n<p><a href=\"http:\/\/www.180grader.dk\/Politik\/bt-manu-sareen-snyder-fattige-brn-i-indien\">http:\/\/www.180grader.dk\/Politik\/bt-manu-sareen-snyder-fattige-brn-i-indien<\/a><\/p>\n<p>Ekke alene er han en totalt uvidende om sit arbajdsomr\u00e5de, han er telsyneladende osse en svendler.<\/p>\n<p>&#8211;<\/p>\n<p><a href=\"http:\/\/www.180grader.dk\/Oekonomi\/ph-d-er-alle-vegne\">http:\/\/www.180grader.dk\/Oekonomi\/ph-d-er-alle-vegne<\/a><\/p>\n<p>M\u00e6n&#8230; jaj vel stadig have en phd. At kunne kalde majs\u00e6l \u201cDoktor Kirkegaard\u201d is too nice to let go!<\/p>\n<p>&#8211;<\/p>\n<p><a href=\"http:\/\/www.180grader.dk\/Politik\/aprilsnar-1992-co2-afgift\">http:\/\/www.180grader.dk\/Politik\/aprilsnar-1992-co2-afgift<\/a><\/p>\n<p>?!<\/p>\n<p>&#8211;<\/p>\n<p><a href=\"http:\/\/www.180grader.dk\/Politik\/ny-lov-skal-forbyde-frisrer-at-g-i-stiletter-nationalt-www-b-dk\">http:\/\/www.180grader.dk\/Politik\/ny-lov-skal-forbyde-frisrer-at-g-i-stiletter-nationalt-www-b-dk<\/a><\/p>\n<p>S\u00e5\u00e5.. D\u00e6r er engen data som tyder p\u00e5, at d\u00e6r er brug for et forbud&#8230; m\u00e6n vi skal stadig have et?<\/p>\n<p>&#8211;<\/p>\n<p><a href=\"http:\/\/www.180grader.dk\/Video\/fempocalypse\">http:\/\/www.180grader.dk\/Video\/fempocalypse<\/a><\/p>\n<p>&nbsp;<\/p>\n<p>Jaj s\u00e5 osse dette lenk i kommentarerne. Fuck de er mega sjovt! \ud83d\ude00<\/p>\n<p><a href=\"http:\/\/heartiste.wordpress.com\/2012\/04\/12\/the-feminism-shit-test\/\">http:\/\/heartiste.wordpress.com\/2012\/04\/12\/the-feminism-shit-test\/<\/a><\/p>\n<p>Jaj bliver sku nok n\u00f8d tel at lave en fuck feminism t-shirt ^^<\/p>\n<p>&#8211;<\/p>\n<p><a href=\"http:\/\/www.b.dk\/viden\/forsker-sulter-sig-hver-anden-dag\">http:\/\/www.b.dk\/viden\/forsker-sulter-sig-hver-anden-dag<\/a><\/p>\n<p>Pretty cool.<\/p>\n<p>&#8211;<\/p>\n<p>&nbsp;<\/p>\n","protected":false},"excerpt":{"rendered":"<p>http:\/\/www.180grader.dk\/Leder\/reklamepuritaner-gr-grassat-igen Mere s\u00e6nsur er en go id\u00e9, \u00e6ller&#8230; http:\/\/www.180grader.dk\/Politik\/kaere-forbrugerombudsmand-forbyd-stieg-larssons-romaner &#8211; http:\/\/www.180grader.dk\/Politik\/tysk-offentlig-ansat-har-ikke-lst-nogen-arbejdsopgaver-i-14-r lol&#8230; &#8211; http:\/\/www.180grader.dk\/Politik\/antifascisme-handler-om-at-forhindre-vold-modkraft-ikke-satire \u201cVi er ikke voldelige, men g\u00e5r ind for \u00bbpolitisk selvforsvar\u00ab, skriver Antifascistisk Aktion.\u201d Engen satire. Di er virkelig gakgak! &#8211; http:\/\/www.180grader.dk\/Politik\/knsmainstreaming-big-mother-kvinder-nedgr-maend-staten-betaler Craaazy. &#8211; http:\/\/www.180grader.dk\/Politik\/bt-manu-sareen-snyder-fattige-brn-i-indien Ekke alene er han en totalt uvidende om sit arbajdsomr\u00e5de, han er telsyneladende osse en svendler. &#8211; [&hellip;]<\/p>\n","protected":false},"author":4,"featured_media":0,"comment_status":"open","ping_status":"open","sticky":false,"template":"","format":"standard","meta":{"footnotes":""},"categories":[1510,1542,17,1681],"tags":[],"class_list":["post-2550","post","type-post","status-publish","format-standard","hentry","category-censur-politik","category-ligestillingfeminisme","category-politik","category-uddannelse-politik"],"_links":{"self":[{"href":"https:\/\/emilkirkegaard.dk\/da\/index.php?rest_route=\/wp\/v2\/posts\/2550","targetHints":{"allow":["GET"]}}],"collection":[{"href":"https:\/\/emilkirkegaard.dk\/da\/index.php?rest_route=\/wp\/v2\/posts"}],"about":[{"href":"https:\/\/emilkirkegaard.dk\/da\/index.php?rest_route=\/wp\/v2\/types\/post"}],"author":[{"embeddable":true,"href":"https:\/\/emilkirkegaard.dk\/da\/index.php?rest_route=\/wp\/v2\/users\/4"}],"replies":[{"embeddable":true,"href":"https:\/\/emilkirkegaard.dk\/da\/index.php?rest_route=%2Fwp%2Fv2%2Fcomments&post=2550"}],"version-history":[{"count":1,"href":"https:\/\/emilkirkegaard.dk\/da\/index.php?rest_route=\/wp\/v2\/posts\/2550\/revisions"}],"predecessor-version":[{"id":2551,"href":"https:\/\/emilkirkegaard.dk\/da\/index.php?rest_route=\/wp\/v2\/posts\/2550\/revisions\/2551"}],"wp:attachment":[{"href":"https:\/\/emilkirkegaard.dk\/da\/index.php?rest_route=%2Fwp%2Fv2%2Fmedia&parent=2550"}],"wp:term":[{"taxonomy":"category","embeddable":true,"href":"https:\/\/emilkirkegaard.dk\/da\/index.php?rest_route=%2Fwp%2Fv2%2Fcategories&post=2550"},{"taxonomy":"post_tag","embeddable":true,"href":"https:\/\/emilkirkegaard.dk\/da\/index.php?rest_route=%2Fwp%2Fv2%2Ftags&post=2550"}],"curies":[{"name":"wp","href":"https:\/\/api.w.org\/{rel}","templated":true}]}}