{"id":2575,"date":"2012-05-09T04:01:43","date_gmt":"2012-05-09T03:01:43","guid":{"rendered":"http:\/\/emilkirkegaard.dk\/da\/?p=2575"},"modified":"2012-05-09T04:02:59","modified_gmt":"2012-05-09T03:02:59","slug":"tanker-mht-at-have-2-starttidspankter-for-alle-universitetsuddannelser","status":"publish","type":"post","link":"https:\/\/emilkirkegaard.dk\/da\/?p=2575","title":{"rendered":"Tanker mht. at have 2 starttidsp\u00e5nkter for alle universitetsuddannelser"},"content":{"rendered":"<p>(Formaterengen er ledt m\u00e6rkelig.)<\/p>\n<p><a href=\"http:\/\/politiken.dk\/politik\/ECE1619118\/minister-vil-have-to-aarlige-optagelselsesrunder-paa-universiteter\/\">http:\/\/politiken.dk\/politik\/ECE1619118\/minister-vil-have-to-aarlige-optagelselsesrunder-paa-universiteter\/<\/a><\/p>\n<p>Dette er potensj\u00e6lt en go id\u00e9. Lige en kommentar tel de som rektoren siger:<\/p>\n<p style=\"padding-left: 30px;\">Rektorkollegiets formand, Jens Oddershede, kan godt se den samfunds\u00f8konomiske fidus i ministerens forslag, men han understreger samtidig, at forslaget ikke er gratis. Det vil nemlig kr\u00e6ve ekstra l\u00e6rerressourcer.<\/p>\n<p style=\"padding-left: 30px;\">\u00bbMange af vores studier k\u00f8rer for \u00f8jeblikket i hel\u00e5rsrutiner, fordi vi optager hvert hele \u00e5r. Hvis vi skal til at k\u00f8re i halv\u00e5rsrutiner, skal vi til at k\u00f8re hvert fag en gang mere. Til dem, der starter i september, og dem, der starter til februar. Kurset skal s\u00e5 k\u00f8re to gange, og det g\u00f8r man jo ikke, uden at man har dobbelt l\u00e6rerbemanding. Der sidder jo ikke nogle ledige og venter p\u00e5, at der kommer studerende. Vi har ikke ekstra l\u00e6rerressourcer, som vi lige kan slippe, fordi de ikke har noget at lave i februar\u00ab, siger Jens Oddershede.<\/p>\n<p>Han antager en <em>paral\u00e6l mod\u00e6llen<\/em>, som illustreret neden\u00e5nder.<\/p>\n<p><a href=\"http:\/\/emilkirkegaard.dk\/da\/wp-content\/uploads\/Parall\u00e6l-mod\u00e6llen.png\"><img loading=\"lazy\" decoding=\"async\" class=\"alignleft size-medium wp-image-2576\" title=\"Parall\u00e6l mod\u00e6llen\" src=\"http:\/\/emilkirkegaard.dk\/da\/wp-content\/uploads\/Parall\u00e6l-mod\u00e6llen-300x160.png\" alt=\"\" width=\"300\" height=\"160\" srcset=\"https:\/\/emilkirkegaard.dk\/da\/wp-content\/uploads\/Parall\u00e6l-mod\u00e6llen-300x160.png 300w, https:\/\/emilkirkegaard.dk\/da\/wp-content\/uploads\/Parall\u00e6l-mod\u00e6llen-1024x549.png 1024w, https:\/\/emilkirkegaard.dk\/da\/wp-content\/uploads\/Parall\u00e6l-mod\u00e6llen.png 1147w\" sizes=\"auto, (max-width: 300px) 100vw, 300px\" \/><\/a><\/p>\n<p>&nbsp;<\/p>\n<p>&nbsp;<\/p>\n<p>&nbsp;<\/p>\n<p>&nbsp;<\/p>\n<p>&nbsp;<\/p>\n<p>Som de kan ses, s\u00e5 skal d\u00e6r \u00e5ndervises to gange om \u00e5ret i v\u00e6rt a di fire fag. D\u00e6r er m\u00e6d andre ord entet overlap m\u00e6llem &#8216;\u00e5rgangene&#8217; (\u00bd\u00e5rgangene?).<\/p>\n<p>En anden mulighed er en <em>forskudt mod\u00e6llen<\/em> som illustreret h\u00e6r\u00e5nder. En s\u00e5dan mod\u00e6l er mulig i en ves grad m\u00e5ske ekke hele tiden, m\u00e6n n\u00e5get a tiden. Ov i forsk\u00e6llig grad p\u00e5 forsk\u00e6llige uddannelser.<\/p>\n<p><a href=\"http:\/\/emilkirkegaard.dk\/da\/wp-content\/uploads\/Forskudt-mod\u00e6llen.png\"><img loading=\"lazy\" decoding=\"async\" class=\"alignleft size-medium wp-image-2577\" title=\"Forskudt mod\u00e6llen\" src=\"http:\/\/emilkirkegaard.dk\/da\/wp-content\/uploads\/Forskudt-mod\u00e6llen-300x164.png\" alt=\"\" width=\"300\" height=\"164\" srcset=\"https:\/\/emilkirkegaard.dk\/da\/wp-content\/uploads\/Forskudt-mod\u00e6llen-300x164.png 300w, https:\/\/emilkirkegaard.dk\/da\/wp-content\/uploads\/Forskudt-mod\u00e6llen-1024x560.png 1024w, https:\/\/emilkirkegaard.dk\/da\/wp-content\/uploads\/Forskudt-mod\u00e6llen.png 1148w\" sizes=\"auto, (max-width: 300px) 100vw, 300px\" \/><\/a><\/p>\n<p>&nbsp;<\/p>\n<p>&nbsp;<\/p>\n<p>&nbsp;<\/p>\n<p>&nbsp;<\/p>\n<p>&nbsp;<\/p>\n<p>En forskudt mod\u00e6l er besv\u00e6rlig pga. de faktum, at nogle fag er n\u00f8dv\u00e6ndige at have haft f\u00f8r at man kan tage de n\u00e6ste fag. Fx i forbendelse m\u00e6d redskabsfag i naturvidenskab (fx kalkulus). M\u00e6n, de er muligt at lave en blandeng (lad os kalde d\u00e6n <em>1-2 2-1 mod\u00e6llen)<\/em> a di to ovenst\u00e5ende mod\u00e6ller som tager delvist h\u00f8jde for dette. D\u00e6nne er ledt mere kompliseret fordi at de er n\u00f8dv\u00e6ndigt at man tager mere end et fag a gangen f\u00f8r at d\u00e6n virker. Dette er dov ekke n\u00e5get problem i praksis. D\u00e6nne er illustreret neden\u00e5nder.<\/p>\n<p><a href=\"http:\/\/emilkirkegaard.dk\/da\/wp-content\/uploads\/1-2-2-1-mod\u00e6llen.png\"><img loading=\"lazy\" decoding=\"async\" class=\"alignleft size-medium wp-image-2578\" title=\"1-2 2-1 mod\u00e6llen\" src=\"http:\/\/emilkirkegaard.dk\/da\/wp-content\/uploads\/1-2-2-1-mod\u00e6llen-300x158.png\" alt=\"\" width=\"300\" height=\"158\" srcset=\"https:\/\/emilkirkegaard.dk\/da\/wp-content\/uploads\/1-2-2-1-mod\u00e6llen-300x158.png 300w, https:\/\/emilkirkegaard.dk\/da\/wp-content\/uploads\/1-2-2-1-mod\u00e6llen-1024x540.png 1024w, https:\/\/emilkirkegaard.dk\/da\/wp-content\/uploads\/1-2-2-1-mod\u00e6llen.png 1143w\" sizes=\"auto, (max-width: 300px) 100vw, 300px\" \/><\/a><\/p>\n<p>&nbsp;<\/p>\n<p>&nbsp;<\/p>\n<p>&nbsp;<\/p>\n<p>&nbsp;<\/p>\n<p>Som de kan ses p\u00e5 illustrasjonen. S\u00e5 bliver <em>Fag 1<\/em> betragtet som et redskabsfag, s\u00e5 alle har de p\u00e5 1. sem\u00e6ster. Mod\u00e6llen er ekke telt\u00e6nkt som en f\u00e6rdig mod\u00e6l for nogen uddannelse, m\u00e6n som et proof of concept. De bliver en del mere besv\u00e6rligt n\u00e5r d\u00e6r er flere forsk\u00e6llige redskabsfag ov forsk\u00e6llige fag som avh\u00e6nger a forsk\u00e6llige redskabsfag. M\u00e6n jaj tror at de er muligt at fende p\u00e5 n\u00e5get som d\u00e6r bliver n\u00e5get overlap m\u00e6llem fagene.<\/p>\n<p>Dette har to konsekv\u00e6nser: 1) Fordi at man ekke beh\u00f8ver at \u00e5ndervise i de samme to gange altid, s\u00e5 spares d\u00e6r nogle penge. 2) Fordi at di forsk\u00e6llige &#8216;\u00e5rgange&#8217; har nogle timer sammen, s\u00e5 skabes d\u00e6r f\u00e6llesskaber p\u00e5 tv\u00e6rs a &#8216;\u00e5rgangene&#8217;. Dette er vegtigt for et godt studjemilj\u00f8.<\/p>\n","protected":false},"excerpt":{"rendered":"<p>(Formaterengen er ledt m\u00e6rkelig.) http:\/\/politiken.dk\/politik\/ECE1619118\/minister-vil-have-to-aarlige-optagelselsesrunder-paa-universiteter\/ Dette er potensj\u00e6lt en go id\u00e9. Lige en kommentar tel de som rektoren siger: Rektorkollegiets formand, Jens Oddershede, kan godt se den samfunds\u00f8konomiske fidus i ministerens forslag, men han understreger samtidig, at forslaget ikke er gratis. Det vil nemlig kr\u00e6ve ekstra l\u00e6rerressourcer. \u00bbMange af vores studier k\u00f8rer for \u00f8jeblikket i [&hellip;]<\/p>\n","protected":false},"author":4,"featured_media":0,"comment_status":"open","ping_status":"open","sticky":false,"template":"","format":"standard","meta":{"footnotes":""},"categories":[1681],"tags":[1699,1700,1698,1697],"class_list":["post-2575","post","type-post","status-publish","format-standard","hentry","category-uddannelse-politik","tag-2-gange-arligt","tag-model","tag-start","tag-universitet"],"_links":{"self":[{"href":"https:\/\/emilkirkegaard.dk\/da\/index.php?rest_route=\/wp\/v2\/posts\/2575","targetHints":{"allow":["GET"]}}],"collection":[{"href":"https:\/\/emilkirkegaard.dk\/da\/index.php?rest_route=\/wp\/v2\/posts"}],"about":[{"href":"https:\/\/emilkirkegaard.dk\/da\/index.php?rest_route=\/wp\/v2\/types\/post"}],"author":[{"embeddable":true,"href":"https:\/\/emilkirkegaard.dk\/da\/index.php?rest_route=\/wp\/v2\/users\/4"}],"replies":[{"embeddable":true,"href":"https:\/\/emilkirkegaard.dk\/da\/index.php?rest_route=%2Fwp%2Fv2%2Fcomments&post=2575"}],"version-history":[{"count":3,"href":"https:\/\/emilkirkegaard.dk\/da\/index.php?rest_route=\/wp\/v2\/posts\/2575\/revisions"}],"predecessor-version":[{"id":2581,"href":"https:\/\/emilkirkegaard.dk\/da\/index.php?rest_route=\/wp\/v2\/posts\/2575\/revisions\/2581"}],"wp:attachment":[{"href":"https:\/\/emilkirkegaard.dk\/da\/index.php?rest_route=%2Fwp%2Fv2%2Fmedia&parent=2575"}],"wp:term":[{"taxonomy":"category","embeddable":true,"href":"https:\/\/emilkirkegaard.dk\/da\/index.php?rest_route=%2Fwp%2Fv2%2Fcategories&post=2575"},{"taxonomy":"post_tag","embeddable":true,"href":"https:\/\/emilkirkegaard.dk\/da\/index.php?rest_route=%2Fwp%2Fv2%2Ftags&post=2575"}],"curies":[{"name":"wp","href":"https:\/\/api.w.org\/{rel}","templated":true}]}}