{"id":2626,"date":"2012-07-20T02:08:36","date_gmt":"2012-07-20T01:08:36","guid":{"rendered":"http:\/\/emilkirkegaard.dk\/da\/?p=2626"},"modified":"2012-07-20T02:08:36","modified_gmt":"2012-07-20T01:08:36","slug":"nyheder-20-07-12","status":"publish","type":"post","link":"https:\/\/emilkirkegaard.dk\/da\/?p=2626","title":{"rendered":"Nyheder 20-07-12"},"content":{"rendered":"<p><a href=\"http:\/\/www.b.dk\/nationalt\/danmark-paa-vej-mod-flere-ghettoer\">http:\/\/www.b.dk\/nationalt\/danmark-paa-vej-mod-flere-ghettoer<\/a><\/p>\n<p>&#8220;Regeringen finder det foruroligende, at en lang r\u00e6kke bolig-omr\u00e5der har s\u00e5 alvorlige problemer, at de er t\u00e6t p\u00e5 at blive defineret som en ghetto.&#8221;<\/p>\n<p>&nbsp;<\/p>\n<p>Vorfor er di s\u00e5 d\u00e5mme. Vad trode di d\u00e6r ville ske n\u00e5r man l\u00e5kker 500000 endvandre end p\u00e5 kort tid?<\/p>\n<p>&#8211;<\/p>\n<p><a href=\"http:\/\/jyllands-posten.dk\/ditliv\/sundhed\/article4779406.ece\">http:\/\/jyllands-posten.dk\/ditliv\/sundhed\/article4779406.ece<\/a><\/p>\n<p>\u201cRynkefri \u00e6bler v\u00e6kker vrede\u201d<\/p>\n<p>\u201cDe fleste opfatter nok \u00e6bler som en sund og l\u00e6kker spise, der er god som mellemm\u00e5ltid og i madlavning. Men \u00e6bler er ogs\u00e5 forholdsvist skr\u00f8belige og bliver hurtigt brune og rynkede &#8211; is\u00e6r hvis de har f\u00e5et et slag eller er blevet sk\u00e5ret ud.<\/p>\n<p>Men det vil et lille amerikansk firma nu \u00e6ndre p\u00e5. Okanagan Specialty Fruits har if\u00f8lge <a href=\"http:\/\/www.nytimes.com\/2012\/07\/13\/business\/growers-fret-over-a-new-apple-that-wont-turn-brown.html?pagewanted=1&amp;_r=2&amp;ref=health\" target=\"_blank\">New York Times<\/a> udviklet et genmodificeret \u00e6ble, der kan holde sig i mange dage uden at blive brunt eller rynke, selvom det er sk\u00e5ret ud. \u201c<\/p>\n<p>Cool.<\/p>\n<p>NYT (angivet ovenfor) har v\u00e6ret s\u00e5 s\u00f8de, at lenke tel virksomhedens application!<\/p>\n<p><a href=\"http:\/\/www.aphis.usda.gov\/brs\/aphisdocs\/10_16101p.pdf\">http:\/\/www.aphis.usda.gov\/brs\/aphisdocs\/10_16101p.pdf<\/a><\/p>\n<p>De er ret relativt sp\u00e6ndende l\u00e6sneng. Is\u00e6r glad er jaj for at Wikipedia bruges som kilde! Se fx s. 19.<\/p>\n<p>&#8211;<\/p>\n<p><a href=\"http:\/\/www.information.dk\/256446\">http:\/\/www.information.dk\/256446<\/a><\/p>\n<p>\u201cDen danske mand skal l\u00e6re at erobre den danske kvinde\u201d<\/p>\n<p>D\u00e6r er godt nok mange forklarenger p\u00e5 dette f\u00e6nom\u00e9n. D\u00e6n regtige forklareng er formentlig er kvender idag har l\u00e6ngere uddannelser, ov at di er hypergame per natur. <a href=\"http:\/\/wealthisgood.blogspot.dk\/2008\/04\/succesfull-women-stay-single.html\">http:\/\/wealthisgood.blogspot.dk\/2008\/04\/succesfull-women-stay-single.html<\/a><\/p>\n<p>&#8211;<\/p>\n<p><a href=\"http:\/\/politiken.dk\/indland\/ECE1690209\/kommuner-har-ingen-planer-til-at-begraense-druk\/\">http:\/\/politiken.dk\/indland\/ECE1690209\/kommuner-har-ingen-planer-til-at-begraense-druk\/<\/a><\/p>\n<p><a href=\"http:\/\/www.dr.dk\/Nyheder\/Indland\/2012\/07\/15\/222430.htm\">http:\/\/www.dr.dk\/Nyheder\/Indland\/2012\/07\/15\/222430.htm<\/a><\/p>\n<p>\u201cKommuner har ingen planer til at begr\u00e6nse druk\u201d<\/p>\n<p>Burde de v\u00e6re kommunens djob? M\u00e5ske skal man bare s\u00e6l lade folk best\u00e6mme om di synes, at de er leverskaderne v\u00e6rd at drekke. Desuden, s\u00e5 kan d\u00e6r ekke v\u00e6re s\u00e5 mange \u00e5r tel f\u00f8r at vi kan prente en ny lever. <a href=\"http:\/\/www.explainingthefuture.com\/bioprinting.html\">http:\/\/www.explainingthefuture.com\/bioprinting.html<\/a><\/p>\n<p><a href=\"http:\/\/www.ted.com\/talks\/anthony_atala_growing_organs_engineering_tissue.html\">http:\/\/www.ted.com\/talks\/anthony_atala_growing_organs_engineering_tissue.html<\/a><\/p>\n<p>I\u00f8vrigt, s\u00e5 kunne man m\u00e5ske mendske danskernes dr\u00e5k ved at lovligg\u00f8re nogle andre stoffer som er mendre farlige. Hash fx. Alternativt kunne man beg\u00f8nde seri\u00f8s forskneng for at fende andre \u00f8vforiserende stoffer som er mendre skadelige. Why not?<\/p>\n<p>I\u00f8vrigt er de jo klart, at n\u00e5r vi redder folk fra at d\u00f8 a alt muligt andet, s\u00e5 beg\u00f8nder folk at d\u00f8 a &#8216;livsstilsygdomme&#8217; samt kanser.<\/p>\n<p>&#8211;<\/p>\n<p><a href=\"http:\/\/politiken.dk\/udland\/ECE1689794\/i-utah-kan-daarlige-karakterer-sende-boern-i-faengsel\/\">http:\/\/politiken.dk\/udland\/ECE1689794\/i-utah-kan-daarlige-karakterer-sende-boern-i-faengsel\/<\/a><\/p>\n<p>&#8216;sp\u00e6ndende&#8217;. Gad vide om dette h\u00e6nger sammen m\u00e6d blank slatism? Siden at <em>g<\/em> er vegtigt for skolekarakterer, s\u00e5 straffer man jo bogstaveligtalt (ved at smide i f\u00e6ngsel!) folk m\u00e6d d\u00e5rlige gener. Man m\u00e5 h\u00e5be, at d\u00e6r ekke er mange negere i Utah.<\/p>\n<p>&#8211;<\/p>\n<p><a href=\"http:\/\/nyhederne.tv2.dk\/article.php\/id-51861057:el-revolutionen-kommer-inden-20-%C3%A5r.html\">http:\/\/nyhederne.tv2.dk\/article.php\/id-51861057:el-revolutionen-kommer-inden-20-%C3%A5r.html<\/a><\/p>\n<p><a href=\"http:\/\/politiken.dk\/politik\/ECE1689781\/enhedslisten-revolutionen-kunne-godt-komme-inden-for-20-aar\/\">http:\/\/politiken.dk\/politik\/ECE1689781\/enhedslisten-revolutionen-kunne-godt-komme-inden-for-20-aar\/<\/a><\/p>\n<p><a href=\"http:\/\/www.dr.dk\/Nyheder\/Politik\/2012\/07\/15\/064355.htm?rss=true\">http:\/\/www.dr.dk\/Nyheder\/Politik\/2012\/07\/15\/064355.htm?rss=true<\/a><\/p>\n<p>Jaj ved godt, at medierne har v\u00e6ret h\u00e5rde ved EL, ov di er osse <a href=\"http:\/\/enhedslisten.dk\/deltag\/lokalafdeling\/hvad%20enhedslisten%20ved%20om%20den%20virkelige%20verden\">majet virkelighedsfjerne<\/a>. <a href=\"http:\/\/en.wikipedia.org\/wiki\/Lysenkoism\">S\u00e5dan er de jo m\u00e6d kommunister<\/a>! Man kan ekke bare fende p\u00e5 et \u00e6ller andet fantastisk syst\u00e9m ov s\u00e5 forv\u00e6nte, at de virker p\u00e5 m\u00e6nnesker. Et godt politisk syst\u00e9m <em>skal <\/em>v\u00e6re telpasset m\u00e6nnesker.<\/p>\n<p>M\u00e6n, medierne misrepr\u00e6senterer d\u00e6m i deres overskrefter. Politiken f\u00e5r d\u00e6n regtigt. EL siger jo blot, at revolusjonen <em>kunne<\/em> komme endenfor 20 \u00e5r. Dette er en n\u00e5get svagere p\u00e5stand end at revolusjonen kommer endenfor 20 \u00e5r, som er de som TV2 ov DR skriver.<\/p>\n<p>De er jo ledt sk\u00e6gt, at medierne ekke g\u00f8r de regtigt, n\u00e5r <a href=\"http:\/\/denkorteavis.dk\/lead\/ralf-3\/\">di nu er s\u00e5 v\u00e6nstreorienterede<\/a>.<\/p>\n<p>&#8211;<\/p>\n<p><a href=\"http:\/\/www.b.dk\/kronikker\/den-feminiserede-heteromand\">http:\/\/www.b.dk\/kronikker\/den-feminiserede-heteromand<\/a><\/p>\n<p>Faktisk en udm\u00e6rket artikel!<\/p>\n<p>\u201cMen hvad sker der med drenge, der kun l\u00e6rer kvindelige dyder i et feminint univers? Ja, de g\u00e5r jo glip af m\u00e6nd som rollemodeller. I flere \u00e5r har vi set, at drengene som gruppe f\u00e5r d\u00e5rligere karakterer end pigerne og har sv\u00e6rere ved at beg\u00e5 sig i vores uddannelsessystem. De mest popul\u00e6re uddannelser, hvor det er sv\u00e6rest at komme ind, er bl.a. psykologi og medicin. Det er et stort problem, hvis psykologisk behandling kun udf\u00f8res af kvinder og allerede nu ser man i l\u00e6geuddannelsen, at den store overv\u00e6gt af kvinder blandt yngre l\u00e6ger medf\u00f8rer, at specialer som b\u00f8rnesygdomme og gyn\u00e6kologi er yderst popul\u00e6re, hvorimod visse kirurgiske specialer m\u00e5 importere udenlandske l\u00e6ger.\u201d<\/p>\n<p>Dette er en ledt sv\u00e6r situasjon. P\u00e5 d\u00e6n ene side, s\u00e5 har samf\u00e5ndet brug for spesjall\u00e6ger i diverse teng som kvender telsyneladende v\u00e6ljer fra. P\u00e5 d\u00e6n anden side, s\u00e5 \u00f8nsker vi ekke at diskriminere nogen. Kan man m\u00e5ske fende en mod\u00e6l vor folk som har ledt lavere gns., m\u00e6n \u00f8nsker at konkurrere ved at v\u00e6re spesjall\u00e6ge i n\u00e5get di andre ekke vel, f\u00e5r lov tel at komme end p\u00e5 studjet?<\/p>\n<p>\u201cEn debatt\u00f8r sagde for nogle uger siden i radioen, at de fleste m\u00e6nd har det godt med blot at bestemme over deres eget liv. De fleste kvinder vil derimod helst bestemme over b\u00e5de deres eget og deres mands liv. Det er nok for karikeret, men den femininiserede heteromand er en konstruktion, som ikke skaber udvikling og dynamik. Han tilfredsstiller nok visse kvinders trang til selvbestemmelse og dominans, men er p\u00e5 lang sigt uinteressant og s\u00f8lle. Derfor ser vi ogs\u00e5, at flere og flere kvinder v\u00e6lger at leve alene. De v\u00e6lger alts\u00e5 deres egen selvskabte mandefigur fra. M\u00e6ndene lever kort sagt ikke op til de urealistiske h\u00f8je krav, som disse sv\u00e6rt selvoptagede kvinder kr\u00e6ver. Er han ikke helt perfekt, v\u00e6lger jeg ingenting.\u201d<\/p>\n<p>Jaj er stadig ekke stor fan a d\u00e6nne forklareng. Jaj tror mere p\u00e5 forklarengen om kvenders hypergami samtidig m\u00e6d, at kvender f\u00e5r mere ov mere uddannelse. M\u00e6n di er jo s\u00e5dan set konsist\u00e6nte, s\u00e5 de kunne skyldes b\u00e6gge dele.<\/p>\n<p>\u201cDet er p\u00e5 tide at tage k\u00f8nsforskellene alvorligt og ikke tro, at en svensk model med en fuldst\u00e6ndig fortr\u00e6ngning af m\u00e6nds og kvinders forskelligheder er lykken. M\u00e6nd og kvinder er fortr\u00e6ffelige v\u00e6sner. Men forskelligheden er n\u00f8glen til succes. Ikke konformiteten.\u201d<\/p>\n<p><a href=\"http:\/\/en.wikipedia.org\/wiki\/Flying_Spaghetti_Monster#Holidays\">Ramen<\/a>!<\/p>\n<p>&#8211;<\/p>\n<p><a href=\"http:\/\/punditokraterne.dk\/2012\/07\/15\/indvandringes-pris-eller-socialstatens-fallit\/\">http:\/\/punditokraterne.dk\/2012\/07\/15\/indvandringes-pris-eller-socialstatens-fallit\/<\/a><\/p>\n<p>Et okay sp\u00e6ndende m\u00e6n langt endl\u00e6g. Verken ham som skriver h\u00e6r \u00e6ller forfatteren tel b\u00e5ven som anm\u00e6ldes ser ud tel at ville snakke om de virkelige problem ved endvandre fra lav-IQ lande. N\u00e6mlig at IQ er st\u00e6rkt genetisk, ov at IQ er majet vegtigt i vores samf\u00e5nd, ov bliver de endnu mere i fremtiden n\u00e5r ufavl\u00e6rte djobs forsvender. Dette skyldes alts\u00e5 t\u00e6knologisk fremskridt, ekke som di skriver:<\/p>\n<p>\u201cDet skal dog igen understreges, at det heller ikke er den enkeltes manglende uddannelse som n\u00f8dvendigvis er problem. Uhrskov tror i lighed med venstrefl\u00f8jen, at der tilsyneladende eksisterer en slags naturlov som tilsiger at ufagl\u00e6rte jobs n\u00f8dvendigvis forsvinder i takt med at samfundet bliver rigere.\u00a0Men grunden til at de jobs forsvinder i Danmark har intet med stigende velstand at g\u00f8re. Det er prim\u00e6rt resultatet af vores h\u00f8je overf\u00f8rselsindkomster, som s\u00e6tter en nedre gr\u00e6nse for l\u00f8nningerne.\u201d<\/p>\n<p>\u201c<strong>Det er socialstaten som g\u00f8r os fattigere, ikke indvandringen.<\/strong><\/p>\n<p>Morten Uhrskovs p\u00e5stand om, at det er selve indvandringen, som medf\u00f8rer \u201det Danmark med lavere v\u00e6kst, med mindre velstand og dermed ogs\u00e5 med ringere velf\u00e6rd\u201d er ikke korrekt. Igennem de seneste 40 \u00e5r er vi allerede blevet relativt fattigere, og det vil vi forts\u00e6tte med, indvandring eller ej. Medmindre vi gennemf\u00f8rer gennemgribende reformer af socialstaten.\u201d<\/p>\n<p>De er snarere en kombinasjon. S\u00e6lom d\u00e6n overdrevne store sosjalstat osse koster for mange penge, s\u00e5 koster lav-IQ grupper endnu flere penge n\u00e5r di puttes end i d\u00e6nne maskine. Jaj tror nu nok at man kunne f\u00e5 Danmark tel at f\u00e5ngere m\u00e6d en ledt mendre v\u00e6lfr\u00e6dsstat ves vi bare lavede nogle n\u00f8dv\u00e6ndige reformer samt stoppede al lav-IQ endvandreng.<\/p>\n<p>&#8211;<\/p>\n<p><a href=\"http:\/\/www.b.dk\/nationalt\/chefer-er-daarlige-til-at-holde-ferie-0\">http:\/\/www.b.dk\/nationalt\/chefer-er-daarlige-til-at-holde-ferie-0<\/a><\/p>\n<p>De var dov en m\u00e6rkelig venkleng. Ledere er d\u00e5rlige tel at holde ferie??? Nok n\u00e6rmere, at ledere holder mendre ferie&#8230; fordi at di godt kan li at arbajde ov v\u00e6re leder? Ov dette kr\u00e6ver tid!<\/p>\n<p>&#8211;<\/p>\n<p><a href=\"http:\/\/www.dr.dk\/Nyheder\/Politik\/2012\/07\/16\/172012.htm?rss=true\">http:\/\/www.dr.dk\/Nyheder\/Politik\/2012\/07\/16\/172012.htm?rss=true<\/a><\/p>\n<p>\u201cVK: Vores bandepakke virkede\u201d<\/p>\n<p>Sekke n\u00e5get sludder. Di har bare g\u00e6mt problemet i statistikken<\/p>\n<p>\u201c- Det er nogle af de mest afstumpede forbrydere, vi har i vores samfund, der nu er forsvundet fra statistikken, s\u00e5 at sige.\u00a0 \u201c<\/p>\n<p>Fucking derp. De koster jo en formue at bure s\u00e5dan nogle ende.<\/p>\n<p>&#8211;<\/p>\n<p><a href=\"http:\/\/www.b.dk\/kommentarer\/den-akademiske-frihed-forsvinder\">http:\/\/www.b.dk\/kommentarer\/den-akademiske-frihed-forsvinder<\/a><\/p>\n<p>De er bl.a. a s\u00e5danne gr\u00e5nde, at jaj t\u00e6nker at jaj bliver n\u00f8d tel at lave n\u00e5get andet end at \u00e5ndervise p\u00e5 universit\u00e9tet. D\u00e6r er ganske enkelt ekke plads tel folk m\u00e6d kontroversj\u00e6lle (i folke \u00f8jne) holdnenger. H\u00e6ldigvis m\u00e5 man stadig skrive vad man vel p\u00e5 sin blog! (ledt endnu!)<\/p>\n<p>&#8211;<\/p>\n<p><a href=\"http:\/\/www.information.dk\/306047\">http:\/\/www.information.dk\/306047<\/a><\/p>\n<p>\u201cKritikere: Etisk R\u00e5d stempler nye familieformer\u201d<\/p>\n<p>\u201c\u00bbAnst\u00f8deligt\u00ab, \u00bbmorbidt\u00ab og \u00bbeksistentielt forkert,\u00ab l\u00f8d det fra formanden for Etisk R\u00e5d, Jacob Birkler, da en kvinde tidligere p\u00e5 \u00e5ret ville insemineres med sin afd\u00f8de mands nedfrosne s\u00e6d. Men n\u00e5r Etisk R\u00e5d mere eller mindre konsekvent indtager det mest konservative standpunkt og bruger en f\u00f8lelsesladet retorik, er r\u00e5det med til at stemple visse alternative familieformer og personer som forkerte, lyder kritikken fra eksperter, fagfolk og\u00a0organisationer.\u201d<\/p>\n<p>Wth. Nedl\u00e6g etisk r\u00e5d.<\/p>\n<p>&#8211;<\/p>\n<p><a href=\"http:\/\/www.dr.dk\/Nyheder\/Politik\/2012\/07\/18\/072932.htm?rss=true\">http:\/\/www.dr.dk\/Nyheder\/Politik\/2012\/07\/18\/072932.htm?rss=true<\/a><\/p>\n<p><strong>V: Vi er n\u00f8dt til at vide mere om omsk\u00e6ringer<\/strong><\/p>\n<p>\u201cI Tyskland er balladen om omsk\u00e6ringer for alvor brudt ud, efter en domstol i K\u00f6ln har forbudt religi\u00f8se omsk\u00e6ringer af sm\u00e5 drenge.<\/p>\n<p>Men herhjemme er der brug for mere viden om omsk\u00e6ringer, f\u00f8r det sp\u00f8rgsm\u00e5l kan blive politisk. En eventuel lov\u00e6ndring p\u00e5 omr\u00e5det skal ske p\u00e5 baggrund af viden, og m\u00e5 ikke ende i en debat p\u00e5 baggrund af f\u00f8lelser.<\/p>\n<p>Det siger Venstres sundhedsordf\u00f8rer <a href=\"http:\/\/www.dr.dk\/info\/politik\/Politiker\/Sophie%20L%C3%B8hde\/1163\">Sophie L\u00f8hde<\/a>.<\/p>\n<p>&#8211; Vi \u00f8nsker et ordentligt beslutningsgrundlag i forhold til den videre debat. Derfor \u00f8nsker vi ogs\u00e5 fortsat en redeg\u00f8relse af de sundhedsfaglige, sociale og retslige konsekvenser, siger Sophie L\u00f8hde.\u201d<\/p>\n<p>&nbsp;<\/p>\n<p>WHAT THE FUCK. En politiker maner tel evidence-based policy making??? Uh\u00f8rt!<\/p>\n<p>&#8211;<\/p>\n<p><a href=\"http:\/\/politiken.dk\/indland\/ECE1693210\/hash-produktion-udloeser-eksplosion-i-kolding\/\">http:\/\/politiken.dk\/indland\/ECE1693210\/hash-produktion-udloeser-eksplosion-i-kolding\/<\/a><\/p>\n<p>Predictable.<\/p>\n<p>&#8211;<\/p>\n<p><a href=\"http:\/\/politiken.dk\/indland\/ECE1693236\/oesteuropaeere-fylder-op-i-danske-faengsler\/\">http:\/\/politiken.dk\/indland\/ECE1693236\/oesteuropaeere-fylder-op-i-danske-faengsler\/<\/a><\/p>\n<p>\u00c5bne gr\u00e6nser? lol go id\u00e9! -.-<\/p>\n<p>&#8211;<\/p>\n<p><a href=\"http:\/\/www.dr.dk\/Nyheder\/Politik\/2012\/07\/19\/141423.htm\">http:\/\/www.dr.dk\/Nyheder\/Politik\/2012\/07\/19\/141423.htm<\/a><\/p>\n<p><strong>Ved du, hvilket parti ministrene er fra?<\/strong><\/p>\n<p>\u201cDer er 23 stk.<\/p>\n<p>Fra tre forskellige partier. Radikale Venstre, Socialdemokraterne og SF.<\/p>\n<p>Men hvordan er det nu lige, det h\u00e6nger sammen?<\/p>\n<p>En rundsp\u00f8rge foretaget for Berlingskes Nyhedsbureau viser, at halvdelen af danskerne ikke ved, hvilket parti en lang r\u00e6kke ministre tilh\u00f8rer.<\/p>\n<p>Blandt 1.164 adspurgte ved kun 26 procent, at udviklingsminister <a href=\"http:\/\/www.dr.dk\/info\/politik\/Politiker\/Christian%20Friis%20Bach\/1348\">Christian Friis Bach<\/a> er fra De Radikale. Herudover kender 29 procent til handels- og investeringsminister <a href=\"http:\/\/www.dr.dk\/info\/politik\/Politiker\/Pia%20Olsen%20Dyhr\/1118\">Pia Olsen Dyhr<\/a>s (SF) tilh\u00f8rsforhold.<\/p>\n<p>De n\u00e6ste p\u00e5 listen, bagfra, er klima- og energiminister Martin Lidegaard (R) og f\u00f8devareminister <a href=\"http:\/\/www.dr.dk\/info\/politik\/Politiker\/Mette%20Gjerskov\/1074\">Mette Gjerskov<\/a> (S), hvis partifarve henholdsvis 38 og 40 procent af danskerne kender.\u201d<\/p>\n<p>Not surprising.<\/p>\n<p>&#8211;<\/p>\n<p><a href=\"http:\/\/www.b.dk\/nationalt\/region-hovedstaden-angriber-aarhus\">http:\/\/www.b.dk\/nationalt\/region-hovedstaden-angriber-aarhus<\/a><\/p>\n<p>lol wtf?<\/p>\n<p>i\u00f8vrigt kan man da vest l\u00e6se n\u00e5get mere t\u00e6knisk om kanonen h\u00e6r: <a href=\"http:\/\/willworkforscience.blogspot.dk\/\">http:\/\/willworkforscience.blogspot.dk\/<\/a><\/p>\n<p>&#8211;<\/p>\n<p><a href=\"http:\/\/politiken.dk\/uddannelse\/ECE1694106\/formand-for-studerende-universiteterne-skal-ikke-optage-flere\/\">http:\/\/politiken.dk\/uddannelse\/ECE1694106\/formand-for-studerende-universiteterne-skal-ikke-optage-flere\/<\/a><\/p>\n<p>\u201c\u00bbUniversiteterne har indtil nu ikke magtet at give ordentligt faglig uddannelse, og det er de n\u00f8dt til at kunne g\u00f8re, f\u00f8r de vil optage flere\u00ab, siger Torben Holm, der mener, at det er positivt, at flere unge s\u00f8ger en uddannelse.\u201d<\/p>\n<p>Ekke de? News to me.<\/p>\n<p>\u201cDe studerende p\u00e5 humaniora og samfundsfag f\u00e5r for f\u00e5 timer, og for meget af undervisningen varetages ikke af forskere, l\u00f8d det i slutningen af juni fra Rigsrevisionens beretning, som Politiken var kommet i besiddelse af. \u201c<\/p>\n<p>Di studerende m\u00e5 tage opgaven i ajen h\u00e5nd. M\u00e5ske er d\u00e6r bare for mange svage studerende. M\u00e5ske skal man bare s\u00e6tte kravene op.<\/p>\n<p>&#8211;<\/p>\n<p><a href=\"http:\/\/videnskab.dk\/kultur-samfund\/munkeorden-grundlagde-vestlig-velstand\">http:\/\/videnskab.dk\/kultur-samfund\/munkeorden-grundlagde-vestlig-velstand<\/a><\/p>\n<p>Naj. Kirken kunne ekke have skrevet de b\u00e6dre s\u00e6l.<\/p>\n<p>&#8211;<\/p>\n","protected":false},"excerpt":{"rendered":"<p>http:\/\/www.b.dk\/nationalt\/danmark-paa-vej-mod-flere-ghettoer &#8220;Regeringen finder det foruroligende, at en lang r\u00e6kke bolig-omr\u00e5der har s\u00e5 alvorlige problemer, at de er t\u00e6t p\u00e5 at blive defineret som en ghetto.&#8221; &nbsp; Vorfor er di s\u00e5 d\u00e5mme. Vad trode di d\u00e6r ville ske n\u00e5r man l\u00e5kker 500000 endvandre end p\u00e5 kort tid? &#8211; http:\/\/jyllands-posten.dk\/ditliv\/sundhed\/article4779406.ece \u201cRynkefri \u00e6bler v\u00e6kker vrede\u201d \u201cDe fleste opfatter [&hellip;]<\/p>\n","protected":false},"author":4,"featured_media":0,"comment_status":"open","ping_status":"open","sticky":false,"template":"","format":"standard","meta":{"footnotes":""},"categories":[1702,1695,1542,1647,1540,1681],"tags":[],"class_list":["post-2626","post","type-post","status-publish","format-standard","hentry","category-bioteknologi","category-indvandring","category-ligestillingfeminisme","category-statkirke","category-stoffer-paternalisme-politik","category-uddannelse-politik"],"_links":{"self":[{"href":"https:\/\/emilkirkegaard.dk\/da\/index.php?rest_route=\/wp\/v2\/posts\/2626","targetHints":{"allow":["GET"]}}],"collection":[{"href":"https:\/\/emilkirkegaard.dk\/da\/index.php?rest_route=\/wp\/v2\/posts"}],"about":[{"href":"https:\/\/emilkirkegaard.dk\/da\/index.php?rest_route=\/wp\/v2\/types\/post"}],"author":[{"embeddable":true,"href":"https:\/\/emilkirkegaard.dk\/da\/index.php?rest_route=\/wp\/v2\/users\/4"}],"replies":[{"embeddable":true,"href":"https:\/\/emilkirkegaard.dk\/da\/index.php?rest_route=%2Fwp%2Fv2%2Fcomments&post=2626"}],"version-history":[{"count":1,"href":"https:\/\/emilkirkegaard.dk\/da\/index.php?rest_route=\/wp\/v2\/posts\/2626\/revisions"}],"predecessor-version":[{"id":2627,"href":"https:\/\/emilkirkegaard.dk\/da\/index.php?rest_route=\/wp\/v2\/posts\/2626\/revisions\/2627"}],"wp:attachment":[{"href":"https:\/\/emilkirkegaard.dk\/da\/index.php?rest_route=%2Fwp%2Fv2%2Fmedia&parent=2626"}],"wp:term":[{"taxonomy":"category","embeddable":true,"href":"https:\/\/emilkirkegaard.dk\/da\/index.php?rest_route=%2Fwp%2Fv2%2Fcategories&post=2626"},{"taxonomy":"post_tag","embeddable":true,"href":"https:\/\/emilkirkegaard.dk\/da\/index.php?rest_route=%2Fwp%2Fv2%2Ftags&post=2626"}],"curies":[{"name":"wp","href":"https:\/\/api.w.org\/{rel}","templated":true}]}}