{"id":2638,"date":"2012-07-30T00:19:50","date_gmt":"2012-07-29T23:19:50","guid":{"rendered":"http:\/\/emilkirkegaard.dk\/da\/?p=2638"},"modified":"2012-07-30T00:19:50","modified_gmt":"2012-07-29T23:19:50","slug":"nyheder-29-07-12","status":"publish","type":"post","link":"https:\/\/emilkirkegaard.dk\/da\/?p=2638","title":{"rendered":"Nyheder 29-07-12"},"content":{"rendered":"<p><a href=\"http:\/\/www.dr.dk\/Nyheder\/Politik\/2012\/07\/24\/083756.htm\">http:\/\/www.dr.dk\/Nyheder\/Politik\/2012\/07\/24\/083756.htm<\/a><\/p>\n<p><strong>Radikale vil have tv\u00e6rfaglige eksaminer<\/strong><\/p>\n<p>\u201cMen studerende og uddannelsessteder skal hj\u00e6lpes lidt p\u00e5 vej, n\u00e5r det g\u00e6lder samarbejde p\u00e5 tv\u00e6rs af fakulteter. \u201c<\/p>\n<p>Eh? Probl\u00e9met er nu mere byrokratiet. De er super besv\u00e6rligt at g\u00f8re n\u00e5get som h\u00e6lst p\u00e5 uni. zzz<\/p>\n<p>&#8211;<\/p>\n<p><a href=\"http:\/\/www.b.dk\/politiko\/s-sf-vil-kriminalisere-sexkunder-trods-daarlige-erfaringer\">http:\/\/www.b.dk\/politiko\/s-sf-vil-kriminalisere-sexkunder-trods-daarlige-erfaringer<\/a><\/p>\n<p><a href=\"http:\/\/www.b.dk\/politiko\/cepos-regeringens-holdning-til-sexkoeb-er-ubegribelig\">http:\/\/www.b.dk\/politiko\/cepos-regeringens-holdning-til-sexkoeb-er-ubegribelig<\/a><\/p>\n<p>Regerengen er nogle idioter. Lad os h\u00e5be at di ekke n\u00e5r at endf\u00f8re en s\u00e5 t\u00e5belig lov. Ves man vel l\u00e6se mere om The Swedish Model, s\u00e5 kan man jo f\u00f8lje m\u00e6d p\u00e5 d\u00e6n yderst glemrende blog: <a href=\"http:\/\/maggiemcneill.wordpress.com\/\">http:\/\/maggiemcneill.wordpress.com\/<\/a>.<\/p>\n<p>&#8211;<\/p>\n<p><a href=\"http:\/\/www.dr.dk\/Nyheder\/Indland\/2012\/07\/27\/001656.htm\">http:\/\/www.dr.dk\/Nyheder\/Indland\/2012\/07\/27\/001656.htm<\/a><\/p>\n<p><strong>S\u00f8skende bor t\u00e6t p\u00e5 hinanden<\/strong><\/p>\n<p>Di hopper direkte tel di tvivlsomme forklarenger.. Vad m\u00e6d at liiiiie se om de samme ekke er telf\u00e6ldet i andre lande? Mit g\u00e6t: Folk bor generelt t\u00e6ttere p\u00e5 deres s\u00f8skende, da man har et t\u00e6ttere sammenhold m\u00e6d disse. I\u00f8vrigt kunne de osse bare v\u00e6re fordi, at man ekke gad at fl\u00f8tte s\u00e5 langt v\u00e6k d\u00e6ngang man voksede op ov skulle fl\u00f8tte j\u00e6mmefra. Dette kan man jo t\u00e6ste ved at se p\u00e5 om s\u00f8skende som EKKE er vokset op sammen bor lis\u00e5 t\u00e6t p\u00e5 hinanden som d\u00e6m som har. Alts\u00e5, d\u00e6m som osse k\u00e6nder hinanden.<\/p>\n<p>&#8211;<\/p>\n<p><a href=\"http:\/\/nyhederne.tv2.dk\/article.php\/id-52138075:endnu-en-person-ramt-af-miltbrand.html?rss\">http:\/\/nyhederne.tv2.dk\/article.php\/id-52138075:endnu-en-person-ramt-af-miltbrand.html?rss<\/a><\/p>\n<p>Legaliser.nu! K\u00f8ber sku snart et dom\u00e6ne tel at argum\u00e6ntere for legalisereng p\u00e5.<\/p>\n<p>&#8211;<\/p>\n<p><a href=\"http:\/\/www.b.dk\/nationalt\/r-boern-skal-undervises-i-tolerance\">http:\/\/www.b.dk\/nationalt\/r-boern-skal-undervises-i-tolerance<\/a><\/p>\n<p>Kunne man ekke fende p\u00e5 b\u00e6dre teng at bruge tiden p\u00e5 i skolen end multikultiendoktrinereng? Ves man bruger tid p\u00e5 multikultiendoktrinereng, s\u00e5 er d\u00e6r mendre tid tel andre teng.<\/p>\n<p>\u201c\u00bbL\u00e6rerne skal forklare b\u00f8rnene, hvad det vil sige at v\u00e6re trans. Hvad det vil sige at v\u00e6re homoseksuel. <strong>Og hvordan ligestilling mellem k\u00f8nnene skal forst\u00e5s<\/strong>. Og s\u00e5 skal b\u00f8rnene vide, at der skal v\u00e6re plads til alle i det danske samfund uanset seksualitet, k\u00f8n eller etnisk oprindelse,\u00ab siger Sofie Carsten Nielsen.\u201d<\/p>\n<p>Dette g\u00e5r aldri godt&#8230;<\/p>\n<p>\u201c\u00bbDanskerne har ikke helt indstillet sig p\u00e5, at mangfoldighed er kommet for at blive, og at man kan leve og v\u00e6re p\u00e5 mange forskellige m\u00e5der. <strong>N\u00e5r seks ud af ti danskere mener, at folk fra Mellem\u00f8sten kan betegnes som religi\u00f8se fanatikere, s\u00e5 har vi et problem,<\/strong>\u00ab siger Sofie Carsten Nielsen med henvisning til en nylig unders\u00f8gelse fra analyseinstituttet YouGov gennemf\u00f8rt for Ugebrevet A4 i samarbejde med K\u00f8benhavns Universitet.\u201d<\/p>\n<p>M\u00e5ske fordi at 6 ud a 10 (\u00e6ller flere) ER religi\u00f8sefanatikere&#8230;? De ville ret majet v\u00e6re et problem n\u00e5r vi nu har s\u00e5 mange a d\u00e6m i landet.<\/p>\n<p>&#8211;<\/p>\n<p><a href=\"http:\/\/www.b.dk\/nationalt\/hundredetusindvis-har-aldrig-vaeret-paa-nettet\">http:\/\/www.b.dk\/nationalt\/hundredetusindvis-har-aldrig-vaeret-paa-nettet<\/a><\/p>\n<p>wat. M\u00e6n alts\u00e5, kan disse \u00e6ldre s\u00e5 ekke f\u00e5 j\u00e6lp tel at g\u00f8re tengene a deres familje \u00e6ller hos kommunen?<\/p>\n<p>&#8211;<\/p>\n<p><a href=\"http:\/\/www.180grader.dk\/Politik\/somaliske-asylansgere-strmmer-til-danmark\">http:\/\/www.180grader.dk\/Politik\/somaliske-asylansgere-strmmer-til-danmark<\/a><\/p>\n<p>Ekke nogen overraskelse h\u00e6r.<\/p>\n<p>&#8211;<\/p>\n<p><a href=\"http:\/\/jyllands-posten.dk\/opinion\/leder\/article4789155.ece\">http:\/\/jyllands-posten.dk\/opinion\/leder\/article4789155.ece<\/a><\/p>\n<p><strong>Politisk dumhed<\/strong><\/p>\n<p>\u201cDet har nok altid v\u00e6ret en sandhed med visse modifikationer, for eksempel denne: \u00bbDe klogeste blandt dem, som \u00f8nsker at v\u00e6re medlemmer af Folketinget.\u00ab Men selv med denne modifikation skal betegnelsen tages med tydelige forbehold, og det bliver vi en gang imellem mindet om, n\u00e5r vi ser lovgivning, som udspringer af decideret dumst\u00e6dighed og argumentresistens.\u201d<\/p>\n<p>\u201cSe nu for eksempel den \u00e6ndring af hundeloven, som tr\u00e5dte i kraft den 1. juli 2010, og som en r\u00e6kke eksperter, herunder Justitsministeriets eget ekspertudvalg, havde advaret imod.<\/p>\n<p>Folketingets flertal, herunder regeringspartierne og Dansk Folkeparti, viste sig totalt resistente over for saglige argumenter om, at enhver hund uanset race gennem uansvarlig opdragelse kan udvikles til et uregerligt, bidsk og uforudsigeligt krapyl, mens enhver sund og rask hund gennem god pr\u00e6gning og ansvarlig opdragelse kan blive en god, stabil og b\u00f8rnevenlig familiehund.<\/p>\n<p><em>Men p\u00e5 baggrund af nogle uheldige og i medierne st\u00e6rkt omtalte episoder besluttede man at s\u00f8ge problemet l\u00f8st ved at forbyde 13 navngivne hunderacer. Nu, to \u00e5r efter lovens ikrafttr\u00e6den, viser det sig ikke overraskende, at forbuddet ikke har haft nogen p\u00e5viselig positiv effekt p\u00e5 antallet af uheldige episoder med bidske og ustabile hunde.\u201d<\/em><\/p>\n<p><em>Man kan alts\u00e5 ekke lade v\u00e6re m\u00e6d at poste d\u00e6nne ig\u00e6n ov ig\u00e6n ov ig\u00e6n&#8230; <a href=\"http:\/\/blog.politiken.dk\/kappel\/2009\/11\/04\/tragisk-symbolpolitik-og-den-heroiske-politiker\/\">http:\/\/blog.politiken.dk\/kappel\/2009\/11\/04\/tragisk-symbolpolitik-og-den-heroiske-politiker\/<\/a><\/em><\/p>\n<p><em>&#8211;<\/em><\/p>\n<p><em><a href=\"http:\/\/epn.dk\/samfund\/arbmarked\/article4789339.ece\">http:\/\/epn.dk\/samfund\/arbmarked\/article4789339.ece<\/a><\/em><\/p>\n<p><em><strong>Deltidsansatte gider ikke fuld tid<\/strong><\/em><\/p>\n<p><em>\u201c40 pct. p\u00e5 deltid<\/em><\/p>\n<p><em>If\u00f8lge unders\u00f8gelsen var knap 40 procent af de ansatte i regionerne p\u00e5 deltid og arbejdede under 37 timer om ugen i 2011.<\/em><\/p>\n<p><em>Det g\u00e6lder is\u00e6r sygeplejersker, hvor hver anden var p\u00e5 deltid, jordem\u00f8dre med knap 70 procent, og ergoterapeuter med n\u00e6sten 60 procent. I langt mindre grad g\u00e6lder det l\u00e6ger og arbejdsgrupper med mange m\u00e6nd som port\u00f8rer og h\u00e5ndv\u00e6rkere.<\/em><\/p>\n<p><em>I Danske Regioner ser formanden for L\u00f8n- og Personalepolitisk Udvalg, Jens Stenb\u00e6k, gerne mange flere medarbejdere p\u00e5 fuldtid.<\/em><\/p>\n<p><em>&#8211; Men unders\u00f8gelsen viser, at det bliver en stor udfordring, n\u00e5r deltid i s\u00e5 stor grad bygger p\u00e5 \u00f8nsket om at prioritere b\u00f8rn og familieliv, siger han.<\/em><\/p>\n<p><em>K\u00f8nsopdelt arbejdemarked<\/em><\/p>\n<p><em>Ud over at frig\u00f8re flere h\u00e6nder p\u00e5 arbejdsmarkedet handler det if\u00f8lge Stenb\u00e6k ogs\u00e5 om at \u00e6ndre et st\u00e6rkt k\u00f8nsopdelt arbejdsmarked.<\/em><\/p>\n<p><em>&#8211; Vi n\u00e6rmer os 90 procent kvindelige medarbejdere. Men jo mere vi cementerer deltidskulturen som normen, jo mindre kan vi tiltr\u00e6kke m\u00e6nd, som ikke g\u00e5r efter deltidsjob, siger han.\u201d<\/em><\/p>\n<p><em>&#8211;<\/em><\/p>\n<p><em><a href=\"http:\/\/nyhederne.tv2.dk\/article.php\/id-52175801:sl%C3%A5r-alarm-over-europas-demografi.html?rss\">http:\/\/nyhederne.tv2.dk\/article.php\/id-52175801:sl%C3%A5r-alarm-over-europas-demografi.html?rss<\/a><\/em><\/p>\n<p><strong>Sl\u00e5r alarm over Europas demografi<\/strong><\/p>\n<p>&gt;ends\u00e9r \u00e5benlyse teng<\/p>\n<p>&gt;tror at man kan l\u00f8se de m\u00e6d lav-IQ endvandreng<\/p>\n<p>&gt;not blaming the correct cause: feminism<\/p>\n<p>&gt;2012<\/p>\n<p>&#8211;<\/p>\n<p><a href=\"http:\/\/www.dr.dk\/Nyheder\/Indland\/2012\/07\/27\/153925.htm?rss=true\">http:\/\/www.dr.dk\/Nyheder\/Indland\/2012\/07\/27\/153925.htm?rss=true<\/a><\/p>\n<p><strong>Det er misforst\u00e5et at sige nej til b\u00f8rnearbejde<\/strong><\/p>\n<p>\u201c Vi tror, at vi g\u00f8r det rigtige, n\u00e5r vi frav\u00e6lger varer, der er produceret af b\u00f8rn. Men det g\u00f8r vi ikke, lyder det fra Unicef. \u201c<\/p>\n<p>\u201cI 1980&#8217;erne og 1990&#8217;erne sagde flere amerikanske store virksomheder nej til at k\u00f8be produkter lavet af b\u00f8rnearbejdere. De forb\u00f8d derfor deres leverand\u00f8rer at have b\u00f8rn og unge under 18 \u00e5r besk\u00e6ftiget i produktion, hvilket medf\u00f8rte, at de blev fyret og sendt p\u00e5 gaden. For de ville ikke miste deres amerikanske kunder.<\/p>\n<p>&#8211; Dengang skete der ikke en forbedring. B\u00f8rnene kom ikke i skole. Familierne havde brug for indt\u00e6gten, s\u00e5 b\u00f8rnene fik job i stenbrud eller blev prostituerede. Deres forhold blev langt v\u00e6rre end f\u00f8r, fort\u00e6ller Karin Aaen.\u201d<\/p>\n<p>&#8211;<\/p>\n<p><a href=\"http:\/\/www.dr.dk\/Nyheder\/Udland\/2012\/07\/27\/122956.htm?rss=true\">http:\/\/www.dr.dk\/Nyheder\/Udland\/2012\/07\/27\/122956.htm?rss=true<\/a><\/p>\n<p><strong>Hver tredje republikaner tror Obama er muslim<\/strong><\/p>\n<p>\u201cM\u00e5lingen viser, at 34 procent af konservative republikanere har en forestilling om, at Barack Obama er muslim. 30 procent af de adspurgte republikanere er af den opfattelse, viser m\u00e5lingen, der tager udgangspunkt i 3000 amerikanske v\u00e6lgere.<\/p>\n<p>I 2008 var det kun 16 procent af republikanere, der troede, at Obama var muslim.<\/p>\n<p>Af alle de adspurgte tror 17 procent, at Obama er muslim, mens 49 procent ved, han er kristen. 31 procent svarer, at de ikke kender pr\u00e6sidentens religion.\u201d<\/p>\n<p>Vordan i alverden kan man blive MERE uvidende om \u00e6mnet m\u00e6d tiden??? Faux News much?<\/p>\n<p>&#8211;<\/p>\n<p><a href=\"http:\/\/nyhederne.tv2.dk\/article.php\/id-52141901:jurister-sl%C3%A5r-miltbrandalarm.html?rss\">http:\/\/nyhederne.tv2.dk\/article.php\/id-52141901:jurister-sl%C3%A5r-miltbrandalarm.html?rss<\/a><\/p>\n<p><strong>Jurister sl\u00e5r miltbrand-alarm<\/strong><\/p>\n<p>Gad vide vorfor at dette sker? N\u00e5 jo&#8230; pga. d\u00e6n fajlende krig mod stoffer.<\/p>\n<p>&#8211;<\/p>\n<p><a href=\"http:\/\/www.information.dk\/306848\">http:\/\/www.information.dk\/306848<\/a><\/p>\n<p>\u2019<strong>K\u00e6re Martin, vi henstiller til, at du ikke render rundt i din have kun if\u00f8rt underbukser\u2019<\/strong><\/p>\n<p>En artikel som diskuterer d\u00e6n stigende puritanisme i Danmark.<\/p>\n<p>&#8211;<\/p>\n<p><a href=\"http:\/\/www.180grader.dk\/Politik\/sverige-tillader-muslimske-politibetjente-at-baere-trklaede-p-arbejde\">http:\/\/www.180grader.dk\/Politik\/sverige-tillader-muslimske-politibetjente-at-baere-trklaede-p-arbejde<\/a><\/p>\n<p>Dette \u00e6nder aldri godt.<\/p>\n<p>&#8211;<\/p>\n<p><a href=\"http:\/\/politiken.dk\/indland\/ECE1702537\/ny-hjernemedicin--fjerner-trangen-til-alkohol\/\">http:\/\/politiken.dk\/indland\/ECE1702537\/ny-hjernemedicin&#8211;fjerner-trangen-til-alkohol\/<\/a><\/p>\n<p>Fuck u researchers! Leave my alcoholism alone!<\/p>\n<p>&#8211;<\/p>\n<p><a href=\"http:\/\/politiken.dk\/indland\/ECE1702597\/lave-alkoholpriser-bekymrer-sf-ordfoerer\/\">http:\/\/politiken.dk\/indland\/ECE1702597\/lave-alkoholpriser-bekymrer-sf-ordfoerer\/<\/a><\/p>\n<p>M\u00e5ske vi bare skulle have en bek\u00f8mrengsminister. S\u00e5 kan d\u00e6nne v\u00e6re bek\u00f8mret p\u00e5 alle di andres vajne.<\/p>\n<p>Lavere alkoholpriser m\u00e5 da j\u00e6lpe p\u00e5 gr\u00e6nsehandlen tel Tyskland?<\/p>\n<p>&#8211;<\/p>\n","protected":false},"excerpt":{"rendered":"<p>http:\/\/www.dr.dk\/Nyheder\/Politik\/2012\/07\/24\/083756.htm Radikale vil have tv\u00e6rfaglige eksaminer \u201cMen studerende og uddannelsessteder skal hj\u00e6lpes lidt p\u00e5 vej, n\u00e5r det g\u00e6lder samarbejde p\u00e5 tv\u00e6rs af fakulteter. \u201c Eh? Probl\u00e9met er nu mere byrokratiet. De er super besv\u00e6rligt at g\u00f8re n\u00e5get som h\u00e6lst p\u00e5 uni. zzz &#8211; http:\/\/www.b.dk\/politiko\/s-sf-vil-kriminalisere-sexkunder-trods-daarlige-erfaringer http:\/\/www.b.dk\/politiko\/cepos-regeringens-holdning-til-sexkoeb-er-ubegribelig Regerengen er nogle idioter. Lad os h\u00e5be at di ekke [&hellip;]<\/p>\n","protected":false},"author":4,"featured_media":0,"comment_status":"open","ping_status":"open","sticky":false,"template":"","format":"standard","meta":{"footnotes":""},"categories":[1703,1677,1695,1542,1663,1540],"tags":[],"class_list":["post-2638","post","type-post","status-publish","format-standard","hentry","category-evidence-based","category-evolutionaer-psykologi","category-indvandring","category-ligestillingfeminisme","category-puritanisme","category-stoffer-paternalisme-politik"],"_links":{"self":[{"href":"https:\/\/emilkirkegaard.dk\/da\/index.php?rest_route=\/wp\/v2\/posts\/2638","targetHints":{"allow":["GET"]}}],"collection":[{"href":"https:\/\/emilkirkegaard.dk\/da\/index.php?rest_route=\/wp\/v2\/posts"}],"about":[{"href":"https:\/\/emilkirkegaard.dk\/da\/index.php?rest_route=\/wp\/v2\/types\/post"}],"author":[{"embeddable":true,"href":"https:\/\/emilkirkegaard.dk\/da\/index.php?rest_route=\/wp\/v2\/users\/4"}],"replies":[{"embeddable":true,"href":"https:\/\/emilkirkegaard.dk\/da\/index.php?rest_route=%2Fwp%2Fv2%2Fcomments&post=2638"}],"version-history":[{"count":1,"href":"https:\/\/emilkirkegaard.dk\/da\/index.php?rest_route=\/wp\/v2\/posts\/2638\/revisions"}],"predecessor-version":[{"id":2639,"href":"https:\/\/emilkirkegaard.dk\/da\/index.php?rest_route=\/wp\/v2\/posts\/2638\/revisions\/2639"}],"wp:attachment":[{"href":"https:\/\/emilkirkegaard.dk\/da\/index.php?rest_route=%2Fwp%2Fv2%2Fmedia&parent=2638"}],"wp:term":[{"taxonomy":"category","embeddable":true,"href":"https:\/\/emilkirkegaard.dk\/da\/index.php?rest_route=%2Fwp%2Fv2%2Fcategories&post=2638"},{"taxonomy":"post_tag","embeddable":true,"href":"https:\/\/emilkirkegaard.dk\/da\/index.php?rest_route=%2Fwp%2Fv2%2Ftags&post=2638"}],"curies":[{"name":"wp","href":"https:\/\/api.w.org\/{rel}","templated":true}]}}