{"id":2640,"date":"2012-07-30T18:57:17","date_gmt":"2012-07-30T17:57:17","guid":{"rendered":"http:\/\/emilkirkegaard.dk\/da\/?p=2640"},"modified":"2012-07-30T18:57:17","modified_gmt":"2012-07-30T17:57:17","slug":"nyheder-30-07-12","status":"publish","type":"post","link":"https:\/\/emilkirkegaard.dk\/da\/?p=2640","title":{"rendered":"Nyheder 30-07-12"},"content":{"rendered":"<p><a href=\"http:\/\/politiken.dk\/uddannelse\/ECE1703944\/rektor-paa-studiet-ingen-soegte-det-er-lidt-aergerligt\/\">http:\/\/politiken.dk\/uddannelse\/ECE1703944\/rektor-paa-studiet-ingen-soegte-det-er-lidt-aergerligt\/<\/a><\/p>\n<p>lol&#8217;d<\/p>\n<p>&#8211;<\/p>\n<p><a href=\"http:\/\/politiken.dk\/uddannelse\/ECE1703592\/politikere-nej-til-at-optage-flere\/\">http:\/\/politiken.dk\/uddannelse\/ECE1703592\/politikere-nej-til-at-optage-flere\/<\/a><\/p>\n<p>\u201cDen model afviser Socialdemokraternes uddannelsesordf\u00f8rer, Rasmus Prehn, dog.<\/p>\n<p>\u00bbDet er sv\u00e6rt at optage flere, for man har virkelig strukket sig langt i forvejen. Det m\u00e5 ogs\u00e5 v\u00e6re mulighed for, at uddannelserne kan stille krav til de kvalifikationer, man skal have\u00ab, siger han og h\u00e6fter sig samtidig ved, at forholdet mellem ans\u00f8gere og optagne stadig er u\u00e6ndret. \u201c<\/p>\n<p>VAD? En fra SOCDEM mener ekke, at alle er lige kvalifiserede? Vad blev d\u00e6r a tomtavleteorien?<\/p>\n<p>&#8211;<\/p>\n<p><a href=\"http:\/\/politiken.dk\/indland\/ECE1703520\/danmark-deles-op-i-aldersghettoer\/\">http:\/\/politiken.dk\/indland\/ECE1703520\/danmark-deles-op-i-aldersghettoer\/<\/a><\/p>\n<p>Vad fanden hade di troet? Man kan ekke give store dele a befolknengen videreg\u00e5ende uddannelser, ov stadig forv\u00e6nte, at di bor j\u00e6mme. Universiteterne legger jo i storbyerne.<\/p>\n<p>&#8211;<\/p>\n<p><a href=\"http:\/\/www.dr.dk\/Nyheder\/Politik\/2012\/07\/30\/0730121027.htm?rss=true\">http:\/\/www.dr.dk\/Nyheder\/Politik\/2012\/07\/30\/0730121027.htm?rss=true<\/a><\/p>\n<p><strong>Ekspert: Billig medicin kan gavne patienter<\/strong><\/p>\n<p>Di d\u00e6r overskrefter&#8230; \ud83d\ude1b<\/p>\n<p>&#8211;<\/p>\n<p><a href=\"http:\/\/www.dr.dk\/Nyheder\/Indland\/2012\/07\/30\/094907.htm?rss=true\">http:\/\/www.dr.dk\/Nyheder\/Indland\/2012\/07\/30\/094907.htm?rss=true<\/a> (og <a href=\"http:\/\/www.dr.dk\/Nyheder\/Politik\/2012\/07\/30\/093548.htm?rss=true\">#2<\/a>)<\/p>\n<p><strong>Topstudierne: Her kr\u00e6ves et snit over 10<\/strong><\/p>\n<p>\u201cI 2009 var der kun 29 uddannelser, hvor adgangskravet var et karaktergennemsnit p\u00e5 9 eller derover. Ved \u00e5rets optag kr\u00e6ver hele 52 uddannelser samme h\u00f8je snit.<\/p>\n<p>Og det er ikke noget, der bekymrer videnskabsminister Morten \u00d8stergaard (R).\u201d<\/p>\n<p>Mja. N\u00e5r man selekterer for folk som klarede saj godt i gym, s\u00e5 selekterer man avtomatisk imod andre teng. I dette telf\u00e6lde ser de ud tel, at man selekterer imod <em>g<\/em>, samt, som en sideeff\u00e6kt a k\u00f8nsforsk\u00e6lle, imod m\u00e6nd. Om dette er de v\u00e6rd er sv\u00e6rt at sie. L\u00e6s videre h\u00e6r:<\/p>\n<p><a href=\"http:\/\/medicalhypotheses.blogspot.co.uk\/2009\/08\/reliable-but-dumb-or-smart-but-slapdash.html\">http:\/\/medicalhypotheses.blogspot.co.uk\/2009\/08\/reliable-but-dumb-or-smart-but-slapdash.html<\/a><\/p>\n<p><a href=\"http:\/\/medicalhypotheses.blogspot.co.uk\/2009\/05\/do-elite-us-colleges-choose-personality.html\">http:\/\/medicalhypotheses.blogspot.co.uk\/2009\/05\/do-elite-us-colleges-choose-personality.html<\/a><\/p>\n<p>I \u00f8vrigt, s\u00e5 ser de ud tel at C korrelerer negativt m\u00e6d IQ, ov i s\u00e5 fald bliver forsk\u00e6llen mere tydelig p\u00e5 studjerne: Flere arbajdsomme personer, f\u00e6rre smarte personer. <a href=\"http:\/\/www.psytech.com\/Documents\/Conscientiousness%20and%20Intelligence%20-%202004.pdf\">http:\/\/www.psytech.com\/Documents\/Conscientiousness%20and%20Intelligence%20-%202004.pdf<\/a><\/p>\n<p>En anden teng, vor brugbart er di teng man l\u00e6rer p\u00e5 gym egentlig senere? Formentli ekke s\u00e6rlig brugbare. Ves man lavede dette om, s\u00e5 ville de j\u00e6lpe ledt p\u00e5 probl\u00e9met.<\/p>\n<p>Ser osse ud tel at resulterer i andre probl\u00e9mer: <a href=\"http:\/\/nyhederne.tv2.dk\/article.php\/id-52237276:gymnasieelever-saboterer-egen-eksamen.html?rss\">http:\/\/nyhederne.tv2.dk\/article.php\/id-52237276:gymnasieelever-saboterer-egen-eksamen.html?rss<\/a><\/p>\n<p>&#8211;<\/p>\n<p><a href=\"http:\/\/www.dr.dk\/Nyheder\/Indland\/2012\/07\/30\/094052.htm?rss=true\">http:\/\/www.dr.dk\/Nyheder\/Indland\/2012\/07\/30\/094052.htm?rss=true<\/a> (og <a href=\"http:\/\/nyhederne.tv2.dk\/article.php\/id-52238137:kr%C3%A6ver-forbud-mod-rygning-ude-og-n%C3%A6r-b%C3%B8rn.html?rss\">#2<\/a>)<\/p>\n<p><strong>Organisationer: Forbyd r\u00f8g ved busstoppestedet<\/strong><\/p>\n<p>\u201cSt\u00e5r det til Kr\u00e6ftens bek\u00e6mpelse, Danmarks Lungeforening og Dansk Lungemedicinsk Selskab skal rygere ikke have lov til at ryge i det offentlige rum (\u00a9 Colourbox) \u201c<\/p>\n<p>Forbudsidioterne v\u00e6nder telbage!<\/p>\n<p>De er osse l\u00f8kkes at fende nole politikere som gerne vel lave symbolpolitik, i dette telf\u00e6lde R: <a href=\"http:\/\/www.b.dk\/politiko\/r-delvist-forbud-mod-rygning-paa-perroner\">http:\/\/www.b.dk\/politiko\/r-delvist-forbud-mod-rygning-paa-perroner<\/a><\/p>\n<p>Ekke overraskende, s\u00e5 er 180grader menneskerne ekke s\u00e5 glade for dette. <a href=\"http:\/\/www.180grader.dk\/Politik\/radikale-klar-til-at-stramme-rygeloven\">http:\/\/www.180grader.dk\/Politik\/radikale-klar-til-at-stramme-rygeloven<\/a> <a href=\"http:\/\/www.180grader.dk\/Politik\/nu-skal-det-vaere-forbudt-at-ryge-ved-busstoppestedet-sygdomme-www-bt-dk\">http:\/\/www.180grader.dk\/Politik\/nu-skal-det-vaere-forbudt-at-ryge-ved-busstoppestedet-sygdomme-www-bt-dk<\/a><\/p>\n<p>&#8211;<\/p>\n<p><a href=\"http:\/\/nyhederne.tv2.dk\/article.php\/id-52243438:ikke-tegn-p%C3%A5-hivsmitte-efter-fejl.html?rss\">http:\/\/nyhederne.tv2.dk\/article.php\/id-52243438:ikke-tegn-p%C3%A5-hivsmitte-efter-fejl.html?rss<\/a><\/p>\n<p>Husker i s\u00e6nsasjonsoverskrefterne om at folk kunne v\u00e6re blevet smettet m\u00e6d HIV i massevis? Ja, engen blev smettet ser de ud tel. Color me NOT surprised.<\/p>\n<p>&#8211;<\/p>\n","protected":false},"excerpt":{"rendered":"<p>http:\/\/politiken.dk\/uddannelse\/ECE1703944\/rektor-paa-studiet-ingen-soegte-det-er-lidt-aergerligt\/ lol&#8217;d &#8211; http:\/\/politiken.dk\/uddannelse\/ECE1703592\/politikere-nej-til-at-optage-flere\/ \u201cDen model afviser Socialdemokraternes uddannelsesordf\u00f8rer, Rasmus Prehn, dog. \u00bbDet er sv\u00e6rt at optage flere, for man har virkelig strukket sig langt i forvejen. Det m\u00e5 ogs\u00e5 v\u00e6re mulighed for, at uddannelserne kan stille krav til de kvalifikationer, man skal have\u00ab, siger han og h\u00e6fter sig samtidig ved, at forholdet mellem ans\u00f8gere [&hellip;]<\/p>\n","protected":false},"author":4,"featured_media":0,"comment_status":"open","ping_status":"open","sticky":false,"template":"","format":"standard","meta":{"footnotes":""},"categories":[1598,1535,33,1540,1681],"tags":[],"class_list":["post-2640","post","type-post","status-publish","format-standard","hentry","category-medicin","category-paternalisme","category-psykologi","category-stoffer-paternalisme-politik","category-uddannelse-politik"],"_links":{"self":[{"href":"https:\/\/emilkirkegaard.dk\/da\/index.php?rest_route=\/wp\/v2\/posts\/2640","targetHints":{"allow":["GET"]}}],"collection":[{"href":"https:\/\/emilkirkegaard.dk\/da\/index.php?rest_route=\/wp\/v2\/posts"}],"about":[{"href":"https:\/\/emilkirkegaard.dk\/da\/index.php?rest_route=\/wp\/v2\/types\/post"}],"author":[{"embeddable":true,"href":"https:\/\/emilkirkegaard.dk\/da\/index.php?rest_route=\/wp\/v2\/users\/4"}],"replies":[{"embeddable":true,"href":"https:\/\/emilkirkegaard.dk\/da\/index.php?rest_route=%2Fwp%2Fv2%2Fcomments&post=2640"}],"version-history":[{"count":1,"href":"https:\/\/emilkirkegaard.dk\/da\/index.php?rest_route=\/wp\/v2\/posts\/2640\/revisions"}],"predecessor-version":[{"id":2641,"href":"https:\/\/emilkirkegaard.dk\/da\/index.php?rest_route=\/wp\/v2\/posts\/2640\/revisions\/2641"}],"wp:attachment":[{"href":"https:\/\/emilkirkegaard.dk\/da\/index.php?rest_route=%2Fwp%2Fv2%2Fmedia&parent=2640"}],"wp:term":[{"taxonomy":"category","embeddable":true,"href":"https:\/\/emilkirkegaard.dk\/da\/index.php?rest_route=%2Fwp%2Fv2%2Fcategories&post=2640"},{"taxonomy":"post_tag","embeddable":true,"href":"https:\/\/emilkirkegaard.dk\/da\/index.php?rest_route=%2Fwp%2Fv2%2Ftags&post=2640"}],"curies":[{"name":"wp","href":"https:\/\/api.w.org\/{rel}","templated":true}]}}