{"id":2650,"date":"2012-08-11T20:59:59","date_gmt":"2012-08-11T19:59:59","guid":{"rendered":"http:\/\/emilkirkegaard.dk\/da\/?p=2650"},"modified":"2012-08-11T20:59:59","modified_gmt":"2012-08-11T19:59:59","slug":"nyheder-m-m-11-08-12","status":"publish","type":"post","link":"https:\/\/emilkirkegaard.dk\/da\/?p=2650","title":{"rendered":"Nyheder m.m. 11-08-12"},"content":{"rendered":"<p><a href=\"http:\/\/www.dr.dk\/Nyheder\/Indland\/2012\/08\/09\/230938.htm?rss=true\">http:\/\/www.dr.dk\/Nyheder\/Indland\/2012\/08\/09\/230938.htm?rss=true<\/a><\/p>\n<p><strong>Hver tredje for\u00e6lder laver lektier for barnet<\/strong><\/p>\n<p>\u201cIf\u00f8lge en unders\u00f8gelse, som YouGov har lavet for 24timer blandt 1.005 danske for\u00e6ldre til skoleb\u00f8rn, har 36 procent af landets for\u00e6ldre pr\u00f8vet at lave deres b\u00f8rns lektier for dem. 34 procent af for\u00e6ldrene svarer faktisk, at de indimellem laver deres b\u00f8rns lektier, mens 1 procent ofte g\u00f8r det og 2 procent j\u00e6vnligt g\u00f8r det. 60 procent har aldrig gjort det.<\/p>\n<h3>Lektier \u00f8ger ulighed<\/h3>\n<p>Flemming B. Olsen er lektor p\u00e5 Tornbjerg Gymnasium og har lavet ph.d. om lektiel\u00e6sning. Han mener, at tiden er ved at l\u00f8be fra lektierne, som de ser ud i dag.<\/p>\n<p>&#8211; De \u00f8ger uligheden blandt eleverne. Det er ikke alle for\u00e6ldre, der har mulighed for eller kompetence til at hj\u00e6lpe deres b\u00f8rn, og s\u00e5 er der pludselig nogen af eleverne, der er langt foran de andre. Det kunne man med fordel undg\u00e5, hvis lektiel\u00e6sningen blev integreret i undervisningen, siger han.\u201d<\/p>\n<p>Ulihed -.- B\u00d8RN ER ULIE PER NATUR!<\/p>\n<p>\u201c- De g\u00f8r virkelig deres b\u00f8rn en bj\u00f8rnetjeneste. Undskyld mig, men de giver jo ikke b\u00f8rnene muligheden for at l\u00e6re det, de skal. <strong>Det er virkelig at tisse i bukserne.<\/strong> Det er ret beset at svigte ens barn og ikke s\u00f8rge for, at det l\u00e6rer det, som det skal. Jeg synes hellere, at man skal g\u00e5 til skolen og sige, hvis man synes, det er nogle latterlige ting, de f\u00e5r for derhjemme, siger Christine Antorini til 24timer.\u201d<\/p>\n<p>wat<\/p>\n<p>&#8211;<\/p>\n<p><a href=\"http:\/\/politiken.dk\/uddannelse\/ECE1716071\/ufaglaerte-faar-ufaglaerte-boern\/\">http:\/\/politiken.dk\/uddannelse\/ECE1716071\/ufaglaerte-faar-ufaglaerte-boern\/<\/a><\/p>\n<p>\u201cDen sociale arv har en stor p\u00e5virkning p\u00e5 unges uddannelsesniveau. Det fastsl\u00e5r en ny unders\u00f8gelse.\u201d<\/p>\n<p>ffs, dette blank slatism m\u00e5 stoppe. GENER!<\/p>\n<p>&#8211;<\/p>\n<p><a href=\"http:\/\/jyllands-posten.dk\/politik\/article4803057.ece\">http:\/\/jyllands-posten.dk\/politik\/article4803057.ece<\/a><\/p>\n<p><strong>Torben skal lettere kunne blive til Tina <\/strong><\/p>\n<p>\u201cDet skal v\u00e6re slut med at skelne mellem k\u00f8n i pas og cpr-nummer, mener de radikale.\u201d<\/p>\n<p>\u201c- Transpersoner f\u00f8ler ofte diskrimination, i forhold til hvordan de kan agere i samfundet. De bliver puttet ind i kasser, s\u00e5 enten er du mand, eller ogs\u00e5 er du kvinde, lyder forklaringen fra ligestillingsordf\u00f8rer Sofie Carsten Nielsen (R) til Politiken.<\/p>\n<p>&#8211; I dag kan man jo skifte k\u00f8n (ved operation, red.) og s\u00e5 f\u00e5 et andet cpr-nummer. Men transpersoner, som ikke skifter k\u00f8n, oplever det ofte som et problem, at deres cpr-nummer afsl\u00f8rer deres biologiske k\u00f8n, for det er ikke det k\u00f8n, de f\u00f8ler sig som, tilf\u00f8jer ordf\u00f8reren.\u201d<\/p>\n<p>\u201cFra Venstre ser politisk ordf\u00f8rer Ellen Trane N\u00f8rby til geng\u00e6ld forslagene fra de radikale som &#8220;et ideologisk fors\u00f8g p\u00e5 oph\u00e6ve k\u00f8nsbetegnelsen i det danske samfund&#8221;.\u201d<\/p>\n<p>Right about that V.<\/p>\n<p>Anyway, for min skyld kan di kalde saj vad di vel. Jaj ser ekke noen gr\u00e5nd tel at staten skal best\u00e6mme vad folk hedder. Who gives a fuck?<\/p>\n<p>&#8211;<\/p>\n<p><a href=\"http:\/\/politiken.dk\/tjek\/sundhedogmotion\/livsstil\/ECE1715452\/populaert-alternativ-menstruationskopper-bliver-revet-vaek\/\">http:\/\/politiken.dk\/tjek\/sundhedogmotion\/livsstil\/ECE1715452\/populaert-alternativ-menstruationskopper-bliver-revet-vaek\/<\/a><\/p>\n<p>wat<\/p>\n<p>&#8211;<\/p>\n<p><a href=\"http:\/\/politiken.dk\/uddannelse\/ECE1717614\/mange-afviste-studerende-vil-vaere-laerere-i-stedet\/\">http:\/\/politiken.dk\/uddannelse\/ECE1717614\/mange-afviste-studerende-vil-vaere-laerere-i-stedet\/<\/a><\/p>\n<p>Som forudsagt. L\u00e6reruddannelsen er universit\u00e9tets losseplads. Dette f\u00f8rer naturlivis tel at man f\u00e5r noen renge l\u00e6rere. Man skulle ist\u00e6det kopire Fenland&#8217;s mod\u00e6l: <a href=\"http:\/\/en.wikipedia.org\/wiki\/Education_in_Finland#Teachers\">http:\/\/en.wikipedia.org\/wiki\/Education_in_Finland#Teachers<\/a><\/p>\n<p>&#8211;<\/p>\n<p><a href=\"http:\/\/www.dr.dk\/Nyheder\/Udland\/2012\/08\/10\/0810181515.htm?rss=true\">Spiond\u00f8mt professor f\u00e5r job i Finland<\/a><\/p>\n<p>\u201cSagen har v\u00e6ret fuldst\u00e6ndig m\u00f8rkelagt, s\u00e5 offentligheden ikke har kunnet f\u00e5 det fulde indblik i anklagerne mod forskeren. Den har k\u00f8rt for hermetisk lukkede d\u00f8re af hensyn til Danmarks forhold til fremmede magter.\u201d<\/p>\n<p>Hermetisk l\u00e5kkede d\u00f8re? \u00d8h. Frem m\u00e6d ordb\u00e5ven. \u201csom er luftt\u00e6t s\u00e5 intet u\u00f8nsket kan tr\u00e6nge ind\u201d. Er id\u00e9en m\u00e6d l\u00e5kkede d\u00f8re i retsaer ekke, at entet kan komme UD, ekke END?<\/p>\n<p>&#8211;<\/p>\n<p><a href=\"http:\/\/nyhederne.tv2.dk\/article.php\/id-52963829:lyn-dr%C3%A6ber-13-troende-i-bangladesh.html?rss\">Lyn dr\u00e6ber 13 troende i Bangladesh<\/a><\/p>\n<p>Ja, Gud\/Alla gad ekke j\u00e6lpe d\u00e6m&#8230; \u00c6ller gjorde han? Nu er di v\u00e6l i h\u00e6mlen?<\/p>\n<p>&#8211;<\/p>\n<p><a href=\"http:\/\/www.b.dk\/nationalt\/flere-danskere-overvejer-skoenhedskirurgi\">http:\/\/www.b.dk\/nationalt\/flere-danskere-overvejer-skoenhedskirurgi<\/a><\/p>\n<p>Makeup 2.0<\/p>\n<p>&#8211;<\/p>\n<p><a href=\"http:\/\/jyllands-posten.dk\/aarhus\/meninger\/breve\/article4805136.ece\">K\u00e6mp for at bevare det danske sprog<\/a><\/p>\n<p>Spr\u00e5vpuritanister r\u00e5ber vagt i gev\u00e6r (\u00e6ller vad de nu hedder). M\u00e6n de g\u00f8r di jo konstant. D\u00e6nne gang g\u00e5r de udover bruen a <em>du<\/em> som upersonligt st\u00e6dord i stil m\u00e6d EN <em>you<\/em>. I st\u00e6det man skal brue <em>man<\/em>, synes di. Jaj er helt eni i at dette er en go id\u00e9. M\u00e6n de har ekke n\u00e5et m\u00e6d puritanisme at g\u00f8re for maj, blot at de at brue <em>du<\/em> ov <em>you<\/em> p\u00e5 d\u00e6n m\u00e5de skaber irriterende flertydihed.<\/p>\n<p>&#8211;<\/p>\n<p><a href=\"http:\/\/ing.dk\/artikel\/131105-jeg-mistede-lidt-af-min-kvindelighed-paa-vej-mod-toppen\">http:\/\/ing.dk\/artikel\/131105-jeg-mistede-lidt-af-min-kvindelighed-paa-vej-mod-toppen<\/a><\/p>\n<p>Surprise surprise, ves man vel p\u00e5 toppen, s\u00e5 ska man opf\u00f8re saj som en mand.<\/p>\n<p>&#8211;<\/p>\n","protected":false},"excerpt":{"rendered":"<p>http:\/\/www.dr.dk\/Nyheder\/Indland\/2012\/08\/09\/230938.htm?rss=true Hver tredje for\u00e6lder laver lektier for barnet \u201cIf\u00f8lge en unders\u00f8gelse, som YouGov har lavet for 24timer blandt 1.005 danske for\u00e6ldre til skoleb\u00f8rn, har 36 procent af landets for\u00e6ldre pr\u00f8vet at lave deres b\u00f8rns lektier for dem. 34 procent af for\u00e6ldrene svarer faktisk, at de indimellem laver deres b\u00f8rns lektier, mens 1 procent ofte g\u00f8r [&hellip;]<\/p>\n","protected":false},"author":4,"featured_media":0,"comment_status":"open","ping_status":"open","sticky":false,"template":"","format":"standard","meta":{"footnotes":""},"categories":[1],"tags":[],"class_list":["post-2650","post","type-post","status-publish","format-standard","hentry","category-uncategorized"],"_links":{"self":[{"href":"https:\/\/emilkirkegaard.dk\/da\/index.php?rest_route=\/wp\/v2\/posts\/2650","targetHints":{"allow":["GET"]}}],"collection":[{"href":"https:\/\/emilkirkegaard.dk\/da\/index.php?rest_route=\/wp\/v2\/posts"}],"about":[{"href":"https:\/\/emilkirkegaard.dk\/da\/index.php?rest_route=\/wp\/v2\/types\/post"}],"author":[{"embeddable":true,"href":"https:\/\/emilkirkegaard.dk\/da\/index.php?rest_route=\/wp\/v2\/users\/4"}],"replies":[{"embeddable":true,"href":"https:\/\/emilkirkegaard.dk\/da\/index.php?rest_route=%2Fwp%2Fv2%2Fcomments&post=2650"}],"version-history":[{"count":1,"href":"https:\/\/emilkirkegaard.dk\/da\/index.php?rest_route=\/wp\/v2\/posts\/2650\/revisions"}],"predecessor-version":[{"id":2651,"href":"https:\/\/emilkirkegaard.dk\/da\/index.php?rest_route=\/wp\/v2\/posts\/2650\/revisions\/2651"}],"wp:attachment":[{"href":"https:\/\/emilkirkegaard.dk\/da\/index.php?rest_route=%2Fwp%2Fv2%2Fmedia&parent=2650"}],"wp:term":[{"taxonomy":"category","embeddable":true,"href":"https:\/\/emilkirkegaard.dk\/da\/index.php?rest_route=%2Fwp%2Fv2%2Fcategories&post=2650"},{"taxonomy":"post_tag","embeddable":true,"href":"https:\/\/emilkirkegaard.dk\/da\/index.php?rest_route=%2Fwp%2Fv2%2Ftags&post=2650"}],"curies":[{"name":"wp","href":"https:\/\/api.w.org\/{rel}","templated":true}]}}