{"id":2655,"date":"2012-08-15T06:29:22","date_gmt":"2012-08-15T05:29:22","guid":{"rendered":"http:\/\/emilkirkegaard.dk\/da\/?p=2655"},"modified":"2012-08-15T06:29:22","modified_gmt":"2012-08-15T05:29:22","slug":"nyhederkommentarer-15-08-12","status":"publish","type":"post","link":"https:\/\/emilkirkegaard.dk\/da\/?p=2655","title":{"rendered":"Nyheder+kommentarer 15-08-12"},"content":{"rendered":"<p><a href=\"http:\/\/politiken.dk\/debat\/ECE1716822\/indse-det-kvinder-jeres-droemmemaend-findes-ikke\/\">http:\/\/politiken.dk\/debat\/ECE1716822\/indse-det-kvinder-jeres-droemmemaend-findes-ikke\/<\/a><\/p>\n<p lang=\"da-DK\">nok d\u00e6n sjoveste artikel jaj har l\u00e6st i lang tid i en dansk avis! \ud83d\ude00<\/p>\n<p lang=\"da-DK\">&#8211;<\/p>\n<p><a href=\"http:\/\/politiken.dk\/debat\/ECE1689147\/det-forarger-mig-at-kvinder-foretraekker-en-neandertaler\/\">http:\/\/politiken.dk\/debat\/ECE1689147\/det-forarger-mig-at-kvinder-foretraekker-en-neandertaler\/<\/a><\/p>\n<p lang=\"da-DK\">Mere a samme forfatter (som i\u00f8vrit osse er forfatter).<\/p>\n<p lang=\"da-DK\">\n<p lang=\"da-DK\">Pr\u00f8v osse:<\/p>\n<p lang=\"da-DK\"><a href=\"http:\/\/politiken.dk\/debat\/profiler\/ammitzboell\/ECE1612776\/jeg-vil-ikke-kvoteres-fordi-jeg-er-homoseksuel\/\">http:\/\/politiken.dk\/debat\/profiler\/ammitzboell\/ECE1612776\/jeg-vil-ikke-kvoteres-fordi-jeg-er-homoseksuel\/<\/a><\/p>\n<p lang=\"da-DK\"><a href=\"http:\/\/politiken.dk\/debat\/ECE1624163\/ligestillingsfascismen-har-ramt-os\/\">http:\/\/politiken.dk\/debat\/ECE1624163\/ligestillingsfascismen-har-ramt-os\/<\/a><\/p>\n<p lang=\"da-DK\"><a href=\"http:\/\/politiken.dk\/debat\/ECE1409398\/hva-med-os-tabermaend\/\">http:\/\/politiken.dk\/debat\/ECE1409398\/hva-med-os-tabermaend\/<\/a><\/p>\n<p lang=\"da-DK\"><a href=\"http:\/\/politiken.dk\/debat\/ECE1642760\/moderne-mand-du-er-en-vatnisse\/\">http:\/\/politiken.dk\/debat\/ECE1642760\/moderne-mand-du-er-en-vatnisse\/<\/a><\/p>\n<p lang=\"da-DK\"><a href=\"http:\/\/politiken.dk\/debat\/ECE1692078\/jeg-foragter-kvindesynet-i-sex-and-the-city\/\">http:\/\/politiken.dk\/debat\/ECE1692078\/jeg-foragter-kvindesynet-i-sex-and-the-city\/<\/a><\/p>\n<p lang=\"da-DK\">&#8211;<\/p>\n<p lang=\"da-DK\"><a href=\"http:\/\/www.dr.dk\/Nyheder\/Indland\/2012\/08\/12\/231125.htm?rss=true\">Studerende frygter studiet<\/a><\/p>\n<p>\u201dN\u00e5r den f\u00f8rste rus fra rusturen har lagt sig, og forel\u00e6sningerne og kravene g\u00e5r i gang, begynder hver tiende nye studerende at tvivle p\u00e5, om de nu har valgt den rette uddannelse.\u201d<\/p>\n<p>Fucking usammenh\u00e6ng m\u00e6llem titlen ov \u00e6mnet.<\/p>\n<p>&#8211;<\/p>\n<p><a href=\"http:\/\/www.dr.dk\/Nyheder\/Udland\/2012\/08\/13\/0813054151.htm?rss=true\">Breivik-detaljer holdes hemmelig i 60 \u00e5r<\/a><\/p>\n<p>Man kan g\u00e6mme vad som h\u00e6lst v\u00e6k m\u00e6d p\u00e5stande om nasjonal sekkerhed. -.-<\/p>\n<p>60 \u00e5r? I overkanten?<\/p>\n<p>&#8211;<\/p>\n<p><a href=\"http:\/\/www.dr.dk\/Nyheder\/Indland\/2012\/08\/13\/0813073721.htm?rss=true\">K\u00f8benhavn: Videooverv\u00e5gning er for dyrt og virker ikke<\/a><\/p>\n<p>Ja, de virker jo ekke s\u00e6rli godt. Ov s\u00e6l ves de gjorde, s\u00e5 ville de m\u00e5ske stadi v\u00e6re en d\u00e5rli id\u00e9.<\/p>\n<p>&#8211;<\/p>\n<p><a href=\"http:\/\/nyhederne.tv2.dk\/article.php\/id-53004956:nordm%C3%A6nd-dyrker-sex-i-ikea.html?rss\">Nordm\u00e6nd dyrker sex i Ikea<\/a><\/p>\n<p>Gode nyheder fra Norge!<\/p>\n<p><em>&#8220;Folk g\u00e5r ind i de lejligheder, vi har bygget. Der kan folk g\u00e5 ind, og vi har oplevet, at folk har vist lidt for megen k\u00e6rlighed til hinanden,&#8221; siger han til tv2.no.<\/em><\/p>\n<p>&nbsp;<\/p>\n<p><strong><em>M\u00e5 bruge Ikea fra vugge til grav<br \/>\n<\/em><\/strong><em>Og det er sket mere end \u00e9n gang at folk har dyrket sex i varehuset i Bergen, fort\u00e6ller Odd Rune Bj\u00f8rge, som tilf\u00f8jer, at mange af kunderne er par, der skal flytte sammen &#8211; og er meget forelskede.<\/em><\/p>\n<p><em>&#8220;Vi \u00f8nsker, at folk bruger Ikea fra vugge til grav, men vi beh\u00f8ver ikke at v\u00e6re involveret i undfangelsen.&#8221;<\/em><\/p>\n<p><em>Kunder, der dyrker sex i en seng i Ikea, bliver ikke tvunget til at k\u00f8be sengen efterf\u00f8lgende, fort\u00e6ller varehuschefen.<\/em><\/p>\n<p><em>&#8220;Vi beder dem om at kl\u00e6de sig p\u00e5 og anmoder dem om, at s\u00e5dan noget skal ske uden for Ikea,&#8221; siger han.<\/em><\/p>\n<p><em><strong>M\u00e6nd over 40 tager en lur<br \/>\n<\/strong>Odd Rune Bj\u00f8rge kan ogs\u00e5 oplyse, at en del personer bruger sengene til at hvile sig i &#8211; de falder i s\u00f8vn under indk\u00f8bsturen.<\/em><\/p>\n<p><em>&#8220;Folk har en tendens til at falde i s\u00f8vn i vores senge, men det tager jeg som et godt tegn,&#8221; siger han og fort\u00e6ller, at de ansatte ikke v\u00e6kker de sovende kunder.<\/em><\/p>\n<p><em>&#8220;Nej, vi ser det som god reklame.&#8221;<\/em><\/p>\n<p><em>Det er normalt m\u00e6nd over 40, der tager en lur i Ikea-sengene.<\/em><\/p>\n<p><em>&#8220;Det kunne tyde p\u00e5, at de bliver tr\u00e6tte af at v\u00e6re ude at handle med konen &#8211; l\u00e6gger sig ned p\u00e5 vores senge, og falder i s\u00f8vn,&#8221; siger varehuschefen.<\/em><\/p>\n<p><em>&#8211;<\/em><\/p>\n<p><a href=\"http:\/\/lokalavisen.dk\/sex-chok-paa-togstation-mand-i-korset-stak-cola-flaske-op-i-numsen-\/20110805\/artikler\/110809641\/1265\">http:\/\/lokalavisen.dk\/sex-chok-paa-togstation-mand-i-korset-stak-cola-flaske-op-i-numsen-\/20110805\/artikler\/110809641\/1265<\/a><\/p>\n<p><em>Togpassagerer i den tidligere myldretid blev fredag morgen vidner til en korset-kl\u00e6dt mands besynderlige lyster.<\/em><\/p>\n<p><em>Ved Birker\u00f8d Station s\u00e5 en 33-\u00e5rig kvinde en mand, der stod p\u00e5 lur bag et el-skab og ventede p\u00e5 toget. Da toget kom, sprang han frem og stak en colaflaske op i numsen, oplyser Nordsj\u00e6llands Politi til Lokalavisen.dk.<\/em><\/p>\n<p><em>Episoden, der skete f\u00f8r klokken 6.45, blev anmeldt til politiet, og kort efter var en patrulje ude at lede efter manden. Men uden held.<\/em><\/p>\n<p><em>Korset-manden beskrives som cirka 170 cm, m\u00f8rkh\u00e5ret, muligt udl\u00e6nding. Han var if\u00f8rt sort korset, men havde tidligere v\u00e6ret if\u00f8rt sorte bukser, sort jakke\/skjorte.<\/em><\/p>\n<p><em>\u00ad<\/em><\/p>\n<p>Wtf<\/p>\n<p>&#8211;<\/p>\n<p><a href=\"http:\/\/denkorteavis.dk\/2012\/litauere\/\">Kriminelle litauere griner af naive danskere<\/a><\/p>\n<p><em>P\u00e5 mandag tager retten i Holstebro hul p\u00e5 en ny stor straffesag mod en litauisk tyvebande. Det drejer sig denne gang om syv m\u00e6nd og en kvinde, som kollektivt er tiltalt for i alt 19 indbrud rundt omkring i Midtjylland.<\/em><\/p>\n<p>&nbsp;<\/p>\n<p><em>S\u00e5 vidt Den Korte Avis erfarer, er flere nye tilsvarende forhold med litauiske tyvebander p\u00e5 vej mod retten hos Midt- og Vestjyllands Politi, hvor den slags sager er ved v\u00e6re ren rutine.<\/em><\/p>\n<p>&nbsp;<\/p>\n<p><em>I \u00f8jeblikket sidder omkring 50 litauere rundt omkring i de jyske arresthuse og venter p\u00e5 at f\u00e5 en dom<\/em><\/p>\n<p>&#8230;<\/p>\n<p><em><strong>Udenlandske fanger kostede sidste \u00e5r 726.000 kroner om dagen<\/strong><\/em><\/p>\n<p><em>I danske f\u00e6ngsler og arresthuse f\u00e5r de indsatte 350 kroner om ugen, hvis de arbejder, plus kost, l\u00e6gehj\u00e6lp, tandl\u00e6gebehandling, fri adgang til f\u00e6ngslets eller arresthusets tr\u00e6ningsfaciliteter med videre.<\/em><\/p>\n<p>&nbsp;<\/p>\n<p><em>If\u00f8lge Kriminalforsorgen kostede det i 2011 hver dag 1.370 kroner at have en fange siddende i et dansk f\u00e6ngsel eller arresthus. Da der sidste \u00e5r sad 530 udl\u00e6ndinge uden tilknytning til Danmark i danske arresthuse og f\u00e6ngsler, svarer det til en udgift 726.000 kroner om dagen.<\/em><\/p>\n<p>&nbsp;<\/p>\n<p><em>Eller sm\u00e5 385 millioner kroner om \u00e5ret.<\/em><\/p>\n<p>&nbsp;<\/p>\n<p><strong><em>\u00d8steurop\u00e6ere inklusive litauere fylder godt op<\/em><\/strong><\/p>\n<p><em>Det er is\u00e6r \u00f8steurop\u00e6ere inklusive litauere, der fylder op i de danske f\u00e6ngsler og arresthuse. P\u00e5 kun fire \u00e5r er andelen fordoblet, s\u00e5ledes at hver tiende fange nu er \u00f8steurop\u00e6er.<\/em><\/p>\n<p>&nbsp;<\/p>\n<p><em>Under en stikpr\u00f8ve, Kriminalforsorgen foretog i maj i \u00e5r, viste det sig, at ud af den samlede danske kapacitet p\u00e5 4.134 pladser i f\u00e6ngsler og arresthuse, var de 417 pladser optaget af \u00f8steurop\u00e6iske kriminelle mod 200 i 2008.<\/em><\/p>\n<p>&nbsp;<\/p>\n<p><em>Is\u00e6r i S\u00f8nderborg Arrest var den helt gal. Her stammede 16 ud af 20 indsatte fra Litauen.<\/em><\/p>\n<p>&nbsp;<\/p>\n<p><strong><em>Umuligt at sende dem til afsoning i hjemlandet.<\/em><\/strong><\/p>\n<p><em>If\u00f8lge en EU-aftale fra 2008 skulle det i dag v\u00e6re muligt at sende blandt andet \u00f8steurop\u00e6iske kriminelle til afsoning i deres hjemland.<\/em><\/p>\n<p>&nbsp;<\/p>\n<p><em>Aftalen skulle have v\u00e6ret implementeret i EU-landenes lovgivning sidste \u00e5r, men hidtil er Danmark stort set det eneste land, der har gennemf\u00f8rt det.<\/em><\/p>\n<p>&nbsp;<\/p>\n<p><em>Af samme grund h\u00e6nger det danske f\u00e6ngselsv\u00e6sen og de danske skatteborgere fortsat p\u00e5 kriminelle fra Litauen, Polen, Rum\u00e6nien og Bulgarien, da ingen af disse lande endnu har omsat EU-lovgivningen til national lovgivning.<\/em><\/p>\n<p>&#8211;<\/p>\n","protected":false},"excerpt":{"rendered":"<p>http:\/\/politiken.dk\/debat\/ECE1716822\/indse-det-kvinder-jeres-droemmemaend-findes-ikke\/ nok d\u00e6n sjoveste artikel jaj har l\u00e6st i lang tid i en dansk avis! \ud83d\ude00 &#8211; http:\/\/politiken.dk\/debat\/ECE1689147\/det-forarger-mig-at-kvinder-foretraekker-en-neandertaler\/ Mere a samme forfatter (som i\u00f8vrit osse er forfatter). Pr\u00f8v osse: http:\/\/politiken.dk\/debat\/profiler\/ammitzboell\/ECE1612776\/jeg-vil-ikke-kvoteres-fordi-jeg-er-homoseksuel\/ http:\/\/politiken.dk\/debat\/ECE1624163\/ligestillingsfascismen-har-ramt-os\/ http:\/\/politiken.dk\/debat\/ECE1409398\/hva-med-os-tabermaend\/ http:\/\/politiken.dk\/debat\/ECE1642760\/moderne-mand-du-er-en-vatnisse\/ http:\/\/politiken.dk\/debat\/ECE1692078\/jeg-foragter-kvindesynet-i-sex-and-the-city\/ &#8211; Studerende frygter studiet \u201dN\u00e5r den f\u00f8rste rus fra rusturen har lagt sig, og forel\u00e6sningerne og kravene g\u00e5r i gang, begynder [&hellip;]<\/p>\n","protected":false},"author":4,"featured_media":0,"comment_status":"open","ping_status":"open","sticky":false,"template":"","format":"standard","meta":{"footnotes":""},"categories":[1695,1542,1663,1681],"tags":[],"class_list":["post-2655","post","type-post","status-publish","format-standard","hentry","category-indvandring","category-ligestillingfeminisme","category-puritanisme","category-uddannelse-politik"],"_links":{"self":[{"href":"https:\/\/emilkirkegaard.dk\/da\/index.php?rest_route=\/wp\/v2\/posts\/2655","targetHints":{"allow":["GET"]}}],"collection":[{"href":"https:\/\/emilkirkegaard.dk\/da\/index.php?rest_route=\/wp\/v2\/posts"}],"about":[{"href":"https:\/\/emilkirkegaard.dk\/da\/index.php?rest_route=\/wp\/v2\/types\/post"}],"author":[{"embeddable":true,"href":"https:\/\/emilkirkegaard.dk\/da\/index.php?rest_route=\/wp\/v2\/users\/4"}],"replies":[{"embeddable":true,"href":"https:\/\/emilkirkegaard.dk\/da\/index.php?rest_route=%2Fwp%2Fv2%2Fcomments&post=2655"}],"version-history":[{"count":1,"href":"https:\/\/emilkirkegaard.dk\/da\/index.php?rest_route=\/wp\/v2\/posts\/2655\/revisions"}],"predecessor-version":[{"id":2656,"href":"https:\/\/emilkirkegaard.dk\/da\/index.php?rest_route=\/wp\/v2\/posts\/2655\/revisions\/2656"}],"wp:attachment":[{"href":"https:\/\/emilkirkegaard.dk\/da\/index.php?rest_route=%2Fwp%2Fv2%2Fmedia&parent=2655"}],"wp:term":[{"taxonomy":"category","embeddable":true,"href":"https:\/\/emilkirkegaard.dk\/da\/index.php?rest_route=%2Fwp%2Fv2%2Fcategories&post=2655"},{"taxonomy":"post_tag","embeddable":true,"href":"https:\/\/emilkirkegaard.dk\/da\/index.php?rest_route=%2Fwp%2Fv2%2Ftags&post=2655"}],"curies":[{"name":"wp","href":"https:\/\/api.w.org\/{rel}","templated":true}]}}