{"id":2658,"date":"2012-08-21T22:28:22","date_gmt":"2012-08-21T21:28:22","guid":{"rendered":"http:\/\/emilkirkegaard.dk\/da\/?p=2658"},"modified":"2012-08-21T22:28:22","modified_gmt":"2012-08-21T21:28:22","slug":"sitater-ov-nyheder-21-08-12","status":"publish","type":"post","link":"https:\/\/emilkirkegaard.dk\/da\/?p=2658","title":{"rendered":"Sitater ov nyheder 21-08-12"},"content":{"rendered":"<p><a href=\"http:\/\/www.dr.dk\/Nyheder\/Indland\/2012\/08\/15\/165305.htm?rss=true\">S\u00e5 skrappe er andre rygelove: K\u00e6mpeb\u00f8der, f\u00e6ngsel og totalforbud<\/a><\/p>\n<p><a href=\"http:\/\/www.dr.dk\/Nyheder\/Billedserier\/2012\/08\/15134039.htm\">Se skr\u00e6mmebillederne: De nye australske cigaretpakker<\/a><\/p>\n<p>Wow wtf<\/p>\n<p><span style=\"color: #800000;\">Hvis du eksempelvis t\u00e6nder en sm\u00f8g i Hong Kong, skal du v\u00e6re klar til at hive det store checkh\u00e6fte frem, alt efter hvor du befinder dig. Cirka 3800 kroner lyder b\u00f8den nemlig p\u00e5, hvis du ryger i et af de mange forbudte omr\u00e5der. Og s\u00e5 er der tilmed en ekstrab\u00f8de p\u00e5 1200 kroner, hvis du smider skoddet fra dig p\u00e5 \u00e5ben gade.<\/span><\/p>\n<p><span style=\"color: #800000;\">I Hong Kong er listen over r\u00f8gfrie omr\u00e5der s\u00e5m\u00e6nd ogs\u00e5 ganske lang: Alle indend\u00f8rs arbejdspladser, de fleste offentlige omr\u00e5der, offentlige toiletter, strande, parker, hospitaler, restauranter, internetcafeer, barer, cafeer, natklubber, alle offentlige transportmidler, rulletrapper, biografer, koncerthuse, lufthavne og indk\u00f8bscentre samt supermarkeder. Kort sagt stort set over alt.<\/span><\/p>\n<p><span style=\"color: #800000;\">&#8230;<\/span><\/p>\n<p><span style=\"color: #800000;\">L\u00e6ngst fremme i forhold til et n\u00e6rmest r\u00f8gfrit land er Finland, som i 2010 strammede det, der kaldes verdens skrappeste rygelov. Dengang det blev gjort muligt at straffe folk med b\u00f8de og f\u00e6ngsel i op til seks m\u00e5neder, hvis man bliver taget i at s\u00e6lge tobak til personer under 18.<\/span><\/p>\n<p><span style=\"color: #800000;\">&#8211;<\/span><\/p>\n<p>Ves dette er de som de kr\u00e6ver at stoppe ryneng&#8230; not worth it.<\/p>\n<p>&#8211;<\/p>\n<p><a href=\"http:\/\/www.dr.dk\/Nyheder\/Indland\/2012\/08\/15\/0815160704.htm?rss=true\">F\u00e5 studenterhuen p\u00e5 uden at \u00e5bne en bog<\/a><\/p>\n<p>+1<\/p>\n<p>M\u00e6n man burde da helt klart spare penge p\u00e5 de osse! Eb\u00f8er er jo basically gratis.<\/p>\n<p>&#8211;<\/p>\n<p><a href=\"http:\/\/nyhederne.tv2.dk\/article.php\/id-53138046:s%C3%A5-kan-drengene-ikke-drille.html?rss\">&#8220;S\u00e5 kan drengene ikke drille&#8221;<\/a><\/p>\n<p>Nederen titel, m\u00e6n m\u00e5ske er de ekke s\u00e5 sl\u00e6mt.<\/p>\n<p><span style=\"color: #800000;\">B\u00f8rnene skal i hele f\u00f8rste skole\u00e5r v\u00e6re delt op i et par timer hver dag.<\/span><\/p>\n<p><span style=\"color: #800000;\">&#8220;S\u00e5 kan drengene ikke drille,&#8221; siger seks\u00e5rige Mathilde Nielsen, som virker godt tilfreds med opdelingen.<\/span><\/p>\n<p><span style=\"color: #800000;\">Ogs\u00e5 hendes mor er positivt indstillet.<\/span><\/p>\n<p><span style=\"color: #800000;\">&#8220;De holder sig m\u00e5ske ikke tilbage. Det er en pigeklasse, og det giver m\u00e5ske ogs\u00e5 noget tryghed,&#8221; siger moderen Tina Nielsen.<\/span><\/p>\n<p><strong><span style=\"color: #800000;\">Var p\u00e5 pigernes pr\u00e6misser<br \/>\n<\/span><\/strong><span style=\"color: #800000;\">Det er andet \u00e5r, at skolen deler pigerne og drengene op i en del af undervisningen.<\/span><\/p>\n<p><span style=\"color: #800000;\">&#8220;F\u00f8r i tiden da oplevede vi lidt, at det kunne godt v\u00e6re, at drengene var her lidt p\u00e5 pigernes pr\u00e6misser,&#8221; siger l\u00e6rer Ann Dyrby Hovesen.<\/span><\/p>\n<p><span style=\"color: #800000;\">Nu m\u00e5lretter l\u00e6rerne undervisningen til drengene, der ikke kan sidde stille ret l\u00e6nge af gangen &#8211; og til pigerne, der gerne vil fordybe sig.<\/span><\/p>\n<p><strong><span style=\"color: #800000;\">Forskellige behov<br \/>\n<\/span><\/strong><span style=\"color: #800000;\">I Danmark findes der ikke et pr\u00e6cist tal p\u00e5, hvor mange folkeskoler, der deler piger og drenge i undervisningen.<\/span><\/p>\n<p><span style=\"color: #800000;\">Professor Niels Egelund fra Danmarks P\u00e6dagogiske Universitet mener, at det er en god id\u00e9 med k\u00f8nsopdeling.<\/span><\/p>\n<p><span style=\"color: #800000;\">&#8220;Vi ved blandt andet fra forskningen, at drenge og piger har lidt forskellige behov is\u00e6r omkring skolestarten&#8221;, siger han til TV 2 Nyhederne.<\/span><\/p>\n<p>Ves alts\u00e5 at man g\u00f8r de fordi at man kan se, at de virker, s\u00e5 har jaj som s\u00e5dan ekke n\u00e5et mod de. Man skal dov EKKE g\u00f8re de a religi\u00f8se \u00e5rsaer (obviously). M\u00e5ske blot have en sedde-stelle-klasse ov en knap-s\u00e5-majet-sedde-stelle-klasse. De er jo kun en g\u00e6nnemsnitsforsk\u00e6l p\u00e5 k\u00f8nnene. Noen pier er osse majet aktive, ov noen drenge er majet rolie.<\/p>\n<p>I\u00f8vrit, vor er di svaes forsvarere? I ved, d\u00e6m som altid brokker saj v\u00e6r gang, at man laver n\u00e5et som m\u00e5ske &#8216;g\u00e5r ud over di svae&#8217;. No one cares about boys.<\/p>\n<p>&#8211;<\/p>\n<p><a href=\"http:\/\/www.b.dk\/nationalt\/slet-ikke-saa-mange-transkoennede\">http:\/\/www.b.dk\/nationalt\/slet-ikke-saa-mange-transkoennede<\/a><\/p>\n<p>Newsflash, organisasjon overdriver tal om d\u00e6m som d\u00e6n er fortaler for.<\/p>\n<p>&#8211;<\/p>\n<p><a href=\"http:\/\/www.b.dk\/politiko\/r-vil-indstille-kirkestoette\">http:\/\/www.b.dk\/politiko\/r-vil-indstille-kirkestoette<\/a><\/p>\n<p><span style=\"color: #800000;\">Derfor fors\u00f8ger hovedbestyrelsesmedlem Bo Nissen Knudsen og flere andre nu at f\u00e5 et resolutionsforslag igennem p\u00e5 landsm\u00f8det midt i september. Forslaget er identisk med det fra 2010 om at skille stat og kirke, s\u00e5 langt det lader sig g\u00f8re inden for Grundlovens rammer, men med en v\u00e6sentlig tilf\u00f8jelse: \u00bbat kirken selv afl\u00f8nner alt kirkeligt personale af egne midler, herunder kirkeskatten\u00ab.<\/span><\/p>\n<p>+1<\/p>\n<p>S\u00e6lom di er noen pussies, ov ekke vel fekse gr\u00e5ndloven nu di er i gang.<\/p>\n<p>&#8211;<\/p>\n<p><a href=\"http:\/\/www.b.dk\/kommentarer\/venstreorienterede-universitetsfolk\">http:\/\/www.b.dk\/kommentarer\/venstreorienterede-universitetsfolk<\/a><\/p>\n<p>Mja. Folk m\u00e6d universit\u00e9tsudd. er i vert fald mere leftist, cf. data fra <a href=\"http:\/\/emilkirkegaard.dk\/meritocracyproject2011\/\">mit meritokratiprosj\u00e6kt<\/a>.<\/p>\n<p>&#8211;<\/p>\n<p><a href=\"http:\/\/jyllands-posten.dk\/international\/europa\/article4809622.ece\">Bikinier forbudt ved Miss Italien <\/a><\/p>\n<p><span style=\"color: #800000;\">If\u00f8lge <a href=\"http:\/\/www.guardian.co.uk\/world\/2012\/aug\/14\/bikinis-banned-miss-italy-contest\" target=\"_blank\">Guardian.co.uk<\/a> kommer beslutningen om at ikl\u00e6de kvinderne sort-hvide badedragter kendt fra 1950&#8217;erne efter, at landets nyudn\u00e6vnte chef for Italiens stats-tv, Anna Maria Tarantola, sagde, at det var p\u00e5 tide at gribe ind over for de mange letp\u00e5kl\u00e6dte kvinder, der har fyldte store dele af sendefladen.<\/span><\/p>\n<p><span style=\"color: #800000;\">Patrizia Mirigliani, der st\u00e5r for at organisere konkurrencen, siger, at hun \u00f8nskede at vende tilbage til 50&#8217;ernes klassiske sk\u00f8nhed, og at beslutningen om at forbyde bikinier ville g\u00f8re programmet mere sobert.<\/span><\/p>\n<p><span style=\"color: #800000;\">&#8220;Konkurrencen har altid handlet om at vise kvindelig sk\u00f8nhed frem, og som en f\u00f8lge deraf har vi i \u00e5r mere end tidligere \u00e5r besluttet os for, at der ikke skal v\u00e6re bikinier,&#8221; siger hun.<\/span><\/p>\n<p>&#8211;<\/p>\n<p><a href=\"http:\/\/www.180grader.dk\/Politik\/video-fra-kbenhavns-hovedbanegrd-4-indvandrere-gennemtaever-tilfaeldige-kaster-passager-ned-p-skinnerne\">http:\/\/www.180grader.dk\/Politik\/video-fra-kbenhavns-hovedbanegrd-4-indvandrere-gennemtaever-tilfaeldige-kaster-passager-ned-p-skinnerne<\/a><\/p>\n<p>Kunne have v\u00e6ret maj. Jaj har ofte v\u00e6ret p\u00e5 hodebaneg\u00e5rden sent p\u00e5 daen. Se filmen p\u00e5 ekstrabladet.<\/p>\n<p>&#8211;<\/p>\n<p><a href=\"http:\/\/www.180grader.dk\/Politik\/frankrig-muslimsk-kvinde-blotter-halsen-for-at-f-luft-i-massiv-sommervarme-manden-braekker-hendes-naese\">http:\/\/www.180grader.dk\/Politik\/frankrig-muslimsk-kvinde-blotter-halsen-for-at-f-luft-i-massiv-sommervarme-manden-braekker-hendes-naese<\/a><\/p>\n<p>Muslimer -.-<\/p>\n<p>&#8211;<\/p>\n<p><a href=\"http:\/\/www.180grader.dk\/Politik\/frankrig-postvaesnet-bringer-ikke-laengere-post-ud-i-muslimsk-no-go-zone\">www.180grader.dk\/Politik\/frankrig-postvaesnet-bringer-ikke-laengere-post-ud-i-muslimsk-no-go-zone<\/a><\/p>\n<p>&#8211;<\/p>\n<p><a href=\"http:\/\/www.180grader.dk\/Politik\/politisk-ukorrekt-dk-somalisk-formand-problem-at-integration-ikke-er-gensidig\">http:\/\/www.180grader.dk\/Politik\/politisk-ukorrekt-dk-somalisk-formand-problem-at-integration-ikke-er-gensidig<\/a><\/p>\n<p>wat<\/p>\n<p>&#8211;<\/p>\n<p><a href=\"http:\/\/www.180grader.dk\/Politik\/muslimske-piger-tvunget-til-analsex-grundet-mdomskrav\">http:\/\/www.180grader.dk\/Politik\/muslimske-piger-tvunget-til-analsex-grundet-mdomskrav<\/a><\/p>\n<p>Lissom katolikkerne!<\/p>\n<p>&#8211;<\/p>\n<p><a href=\"http:\/\/rokokoposten.dk\/2012\/08\/15\/performancekunst-boomer-efter-forbud-mod-sexkob\/\">http:\/\/rokokoposten.dk\/2012\/08\/15\/performancekunst-boomer-efter-forbud-mod-sexkob\/<\/a><\/p>\n<p><strong><span style=\"color: #800000;\">Efter regeringens forbud mod k\u00f8besex har mange tidligere sexarbejdere skiftet stillingsbetegnelse. De er nu kunstnere p\u00e5 sm\u00e5 gallerier, der ofte har til huse i nedlagte bordeller. <\/span><\/strong><\/p>\n<p><span style=\"color: #800000;\">Indtil for f\u00e5 uger siden var Belinda Honey prostitueret og solgte sex til m\u00e6nd mange gange dagligt. I dag er hun en popul\u00e6r performancekunstner, der mange gange dagligt opf\u00f8rer v\u00e6rker som \u201cDansk, \u00bd time\u201d og \u201cPirringsbondage\u201d for et meget lille publikum p\u00e5 Galleri PussyWonderGirls.<\/span><\/p>\n<p><span style=\"color: #800000;\">\u201cSiden den nye regering fortalte mig, at k\u00f8besex var skadeligt, har jeg v\u00e6ret optaget af at finde en ny levevej,\u201d fort\u00e6ller Belinda om sit karriereskift.<\/span><\/p>\n<p>Hahahaha. Rokoko wins again!<\/p>\n<p>&#8211;<\/p>\n<p><a href=\"http:\/\/politiken.dk\/udland\/ECE1721845\/ecuador-briterne-truer-os-i-assange-sag\/\">http:\/\/politiken.dk\/udland\/ECE1721845\/ecuador-briterne-truer-os-i-assange-sag\/<\/a><\/p>\n<p><a href=\"http:\/\/politiken.dk\/udland\/ECE1721889\/storbritannien-om-assange-sag-vi-har-ret-til-at-storme-ecuadors-ambassade\/\">http:\/\/politiken.dk\/udland\/ECE1721889\/storbritannien-om-assange-sag-vi-har-ret-til-at-storme-ecuadors-ambassade\/<\/a><\/p>\n<p>!!!<\/p>\n<p>SRS BSNSS!!<\/p>\n<p>&#8211;<\/p>\n<p><a href=\"http:\/\/www.b.dk\/globalt\/selvmord-og-impotens-slettet-fra-eus-manderapport\">http:\/\/www.b.dk\/globalt\/selvmord-og-impotens-slettet-fra-eus-manderapport<\/a><\/p>\n<p><span style=\"color: #800000;\">Tabuemner blev redigeret bort fra en EU-rapport om m\u00e6nds sundhed, inden den blev sendt ud. Dansk forsker bag er chokeret.<\/span><\/p>\n<p><span style=\"color: #800000;\">&#8230;<\/span><\/p>\n<p><span style=\"color: #800000;\">Tidligere i \u00e5r fremlagde EU-kommissionen en rapport om sundhedstilstanden for m\u00e6nd i Europa. Men den officielle version, som kommissionen sender ud til politikere og andre interessenter, ser markant anderledes ud end den rapport, forskerholdet afleverede og fik godkendt i vinter. Det skriver Politiken.<\/span><\/p>\n<p><span style=\"color: #800000;\">I b\u00e5de den oprindelige rapport og forskernes eget resum\u00e9 findes selvst\u00e6ndige afsnit om blandt andet seksuel adf\u00e6rd, brug af kondom, m\u00e6nd som voldsofre, selvmord, konsekvenser af skilsmisse, erektionsproblemer og infertilitet. Disse emner er udeladt i kommissionens officielle udgave, som ellers p\u00e5 andre omr\u00e5der er en ordret gengivelse af forskernes resum\u00e9. Det g\u00e6lder for eksempel emner som alkohol, fedme, kr\u00e6ft, ulykker og tandhygiejne.<\/span><\/p>\n<p><span style=\"color: #800000;\">Det danske medlem af forskerholdet, chefpsykolog og forskningschef ved Rigshospitalet, Svend Aage Madsen, er chokeret over, at hans og kollegernes arbejde har v\u00e6ret udsat for, hvad han kalder \u00bbsystematisk censur\u00ab. Kommissionen havde nemlig selv bestilt en rapport, der skulle udpege de vigtigste sundhedsproblemer blandt m\u00e6nd.<\/span><\/p>\n<p><span style=\"color: #800000;\">&#8211; Vi afleverer, hvad de har bedt om, men hokuspokus bliver alt det, de ikke bryder sig om at h\u00f8re, fjernet. Enhver kan se, at det handler om gammeldags familiev\u00e6rdier og tabuer, siger Svend Aage Madsen til Politiken.<\/span><\/p>\n<p>&#8211;<\/p>\n<p><a href=\"http:\/\/politiken.dk\/indland\/ECE1727048\/justitsministeren-om-skadestue-optoejer-absurd-og-rystende\/\">http:\/\/politiken.dk\/indland\/ECE1727048\/justitsministeren-om-skadestue-optoejer-absurd-og-rystende\/<\/a><\/p>\n<p><span style=\"color: #800000;\">Ministeren vil dog ikke se p\u00e5 en sk\u00e6rpet straf for den slags kriminalitet, som de konservatives Lars Barfoed har foresl\u00e5et. <\/span><\/p>\n<p><span style=\"color: #800000;\">\u00bbDer bliver allerede givet h\u00f8je straffe for organiseret voldelige overfald og drabsfors\u00f8g, og derfor synes jeg nu, at vi skal lade politiet arbejde i ro, s\u00e5 de kan komme til bunds og f\u00e5 stillet gerningsm\u00e6ndene til regnskab\u00ab, fort\u00e6ller justitsministeren. <\/span><\/p>\n<p><span style=\"color: #800000;\">&#8230;<\/span><\/p>\n<p><span style=\"color: #800000;\">\u00bbHer skal b\u00e5de personale og medarbejdere kunne v\u00e6re helt trygge. Derfor vil De Konservative have sk\u00e6rpet strafferammerne for den type kriminalitet\u00ab, udtaler Lars Barfoed. <\/span><\/p>\n<p><span style=\"color: #800000;\">&#8230;<\/span><\/p>\n<p><span style=\"color: #800000;\">Ogs\u00e5 Dansk Folkeparti vil have regeringen p\u00e5 banen i sagen. <\/span><\/p>\n<p>Wow, regerengen synes ekke at man skal lave mere symbolpolitik? M\u00e6n, b\u00e5de K ov DF synes at man skal. Derp<\/p>\n<p>&#8211;<\/p>\n<p><a href=\"http:\/\/politiken.dk\/politik\/ECE1726924\/danmarks-foerste-kvindelige-forsvarsminister-opgiver-politik\/\">http:\/\/politiken.dk\/politik\/ECE1726924\/danmarks-foerste-kvindelige-forsvarsminister-opgiver-politik\/<\/a><\/p>\n<p>Jaj \u00e5ndrer maj over vorfor at hun overhodet var forsvarsminister tel at starte m\u00e6d. Jaj k\u00e6nder entet tel hende personlit, m\u00e6n ves man ser p\u00e5 enformasjonerne som Politiken har angivet om hende.<\/p>\n<p><span style=\"color: #800000;\"><strong>Uddannelse:<\/strong> <\/span><\/p>\n<ul>\n<li><span style=\"color: #800000;\">Cand.merc. fra Handelsh\u00f8jskolen i K\u00f8benhavn 1992 <\/span><\/li>\n<\/ul>\n<p><span style=\"color: #800000;\"><strong>Civil karriere:<\/strong> <\/span><\/p>\n<ul>\n<li><span style=\"color: #800000;\">Analytiker i Danske Bank 1991-1994 <\/span><\/li>\n<li><span style=\"color: #800000;\">Konsulent i COWI 1994-1998 <\/span><\/li>\n<li><span style=\"color: #800000;\">\u00d8konom i Nykredit 1998-1999 <\/span><\/li>\n<\/ul>\n<p><span style=\"color: #800000;\"><strong>Politisk karriere:<\/strong> <\/span><\/p>\n<ul>\n<li><span style=\"color: #800000;\">Folketingsmedlem for Venstre siden 1999 <\/span><\/li>\n<li><span style=\"color: #800000;\">Blev formand for Det Udenrigspolitiske N\u00e6vn i 2006 <\/span><\/li>\n<li><span style=\"color: #800000;\">Blev indf\u00f8dsretsordf\u00f8rer i 2007 <\/span><\/li>\n<li><span style=\"color: #800000;\">Blev udviklingsordf\u00f8rer i 2010 <\/span><\/li>\n<li><span style=\"color: #800000;\">Blev Danmarks f\u00f8rste kvindelige forsvarsminister i 2010, da S\u00f8ren Gade valgte at tr\u00e6kke sig <\/span><\/li>\n<li><span style=\"color: #800000;\">Blev genvalgt med 1745 personlige stemmer ved folketingsvalget i september 2011 <\/span><\/li>\n<\/ul>\n<p>De er sv\u00e6rt at se velken bavgr\u00e5nd hun skulle have for at v\u00e6re forsvarsminister.<\/p>\n<p>&#8211;<\/p>\n<p><a href=\"http:\/\/www.forskning.no\/artikler\/2012\/august\/330475\">N\u00e6rmere p-pille for menn<\/a><\/p>\n<p>Source: Bremner, Contraception for Men: A Breakthrough New Approach, Cell (2012), http:\/\/dx.doi.org\/10.1016\/.cell.2012.07.02<\/p>\n<p><span style=\"color: #800000;\">Amerikanske forskere har oppdaget en metode som kan tilby den f\u00f8rste effektive og hormonfrie prevensjonspillen for menn.<\/span><\/p>\n<p><span style=\"color: #800000;\">Middelet er testet p\u00e5 mus, og forskningen viser at det gj\u00f8r hannmusen ufruktbar, uten \u00e5 sette en demper p\u00e5 sexlysten. N\u00e5r musene sluttet \u00e5 ta medikamentet, ble s\u00e6den normal og de ble igjen i stand til \u00e5 avle helt friske avkom.<\/span><\/p>\n<p><span style=\"color: #800000;\">I kontrast til variasjonen kvinner har blant prevensjonsmidler, kan menn bare velge mellom kondomer eller sterilisering.\u00a0 \u00c5 bruke kondom er sv\u00e6rt effektivt, men nedsetter f\u00f8lsomheten og kan oppfattes som brysomt.<\/span><\/p>\n<p>&#8211;<\/p>\n<p><a href=\"http:\/\/www.dr.dk\/Nyheder\/Politik\/2012\/08\/21\/0821083703.htm\">DF: Ordb\u00f8ger er rigeligt til eksamen<\/a><\/p>\n<p>Man kan da sagtens vise vad man har l\u00e6rt s\u00e6lom man har adgang tel n\u00e6ttet. Ja, de er mulivis mere relevant p\u00e5 d\u00e6nne m\u00e5de da man ekke skal spilde tid p\u00e5 at l\u00e6re teng udenad som man i virkeliheden bare ville sl\u00e5 op alliev\u00e6l.<\/p>\n<p>&#8211;<\/p>\n<p><a href=\"http:\/\/www.damefrokosten.com\/to-ars-dagpengeperiode-sadan-er-det-jo\/\">http:\/\/www.damefrokosten.com\/to-ars-dagpengeperiode-sadan-er-det-jo\/<\/a><\/p>\n<p>En luder skriver om konsekv\u00e6nserne a et forbud.<\/p>\n<p><a href=\"http:\/\/www.damefrokosten.com\/farlige-nogne-kvinder\/\">http:\/\/www.damefrokosten.com\/farlige-nogne-kvinder\/<\/a><\/p>\n<p>Politiets skadelie adf\u00e6rd overfor ludere. -.-<\/p>\n<p>&#8211;<\/p>\n<p><a href=\"http:\/\/www.kristeligt-dagblad.dk\/artikel\/474907:Kirke---tro--Hver-anden-tyrker-droemmer-om-et-muslimsk-Tyskland\">http:\/\/www.kristeligt-dagblad.dk\/artikel\/474907:Kirke&#8212;tro&#8211;Hver-anden-tyrker-droemmer-om-et-muslimsk-Tyskland<\/a><\/p>\n<p><a href=\"http:\/\/www.180grader.dk\/Udland\/hver-anden-tyrker-drmmer-om-et-muslimsk-tyskland\">http:\/\/www.180grader.dk\/Udland\/hver-anden-tyrker-drmmer-om-et-muslimsk-tyskland<\/a><\/p>\n<p><span style=\"color: #800000;\">46 procent af de tyrkiske indvandrere i Tyskland \u00f8nsker, at landet f\u00e5r et muslimsk flertal, viser en unders\u00f8gelse fra meningsm\u00e5lingsinstituttet Info GmbH i Berlin. Det er en stigning p\u00e5 13 procentpoint i l\u00f8bet af kun to \u00e5r, idet instituttet offentliggjorde en lignende unders\u00f8gelse i 2010, hvor kun 33 procent af de adspurgte indvandrere med tyrkisk baggrund sagde, at de \u00f8nskede et muslimsk flertal.<\/span><\/p>\n<p><span style=\"color: #800000;\">&#8230;<\/span><\/p>\n<p><span style=\"color: #800000;\">\u201dDet er meget bet\u00e6nkeligt, at vi oplever en stigning af religi\u00f8se fordomme blandt indvandrerne,\u201d siger lederen af meningsm\u00e5lingsinstituttet Holger Liljeberg til Die Welt.<\/p>\n<p>For eksempel mener 25 procent af indvandrerne med tyrkisk baggrund, at ateister er \u201dmindrev\u00e6rdige\u201d , og den samme holdning har 18 procent over for j\u00f8derne. If\u00f8lge unders\u00f8gelsen har indvandrerne ligeledes et meget negativt syn p\u00e5 homoseksualitet. Hele 52 procent af de udspurgte betragter homoseksualitet som en sygdom. <\/span><\/p>\n<p><span style=\"color: #800000;\">&#8230;<\/span><\/p>\n<p><span style=\"color: #800000;\">I Tyskland lever 2,7 millioner borgere med tyrkisk baggrund, og kun 25 procent af dem har tysk pas.<\/p>\n<p>Unders\u00f8gelsen, der er foretaget blandt 1011 tyrkere i Tyskland, giver et billede af en befolkningsgruppe med meget forskellige \u2013 og af og til modsatrettede \u2013 holdninger.<\/p>\n<p>Hele 72 procent betegner islam som den eneste sande religion, men samtidig angiver 60 procent, at de kun er lidt religi\u00f8se, og 10 procent betegner sig selv som ikke religi\u00f8se. N\u00e6sten 78 procent af de udspurgte \u00f8nsker at integrere sig i det tyske samfund, men samtidig dr\u00f8mmer 45 procent om at sl\u00e5 sig fast ned i Tyrkiet. <\/span><\/p>\n<p><span style=\"color: #800000;\">&#8230;<\/span><\/p>\n<p><span style=\"color: #800000;\">Den venstreorienterede avis Tageszeitung vurderer, at de adspurgtes ambivalente forhold til Tyskland f\u00f8rst og fremmest skyldes de negative erfaringer, de har gjort sig. If\u00f8lge unders\u00f8gelsen har 25 procent p\u00e5 et eller andet tidspunkt oplevet at blive sk\u00e6ldt ud p\u00e5 deres arbejdspladser p\u00e5 grund af deres etniske baggrund eller religion, og 16 procent er endda blevet angrebet fysisk. <\/span><\/p>\n<p>J\u00e6p, de er di vides skyld.<\/p>\n<p>&#8230;<\/p>\n<p>Vi g\u00e5r samme fremtid i m\u00f8de.<\/p>\n<p>&#8211;<\/p>\n","protected":false},"excerpt":{"rendered":"<p>S\u00e5 skrappe er andre rygelove: K\u00e6mpeb\u00f8der, f\u00e6ngsel og totalforbud Se skr\u00e6mmebillederne: De nye australske cigaretpakker Wow wtf Hvis du eksempelvis t\u00e6nder en sm\u00f8g i Hong Kong, skal du v\u00e6re klar til at hive det store checkh\u00e6fte frem, alt efter hvor du befinder dig. Cirka 3800 kroner lyder b\u00f8den nemlig p\u00e5, hvis du ryger i et [&hellip;]<\/p>\n","protected":false},"author":4,"featured_media":0,"comment_status":"open","ping_status":"open","sticky":false,"template":"","format":"standard","meta":{"footnotes":""},"categories":[1695,1542,1663,1647,1540,1681],"tags":[],"class_list":["post-2658","post","type-post","status-publish","format-standard","hentry","category-indvandring","category-ligestillingfeminisme","category-puritanisme","category-statkirke","category-stoffer-paternalisme-politik","category-uddannelse-politik"],"_links":{"self":[{"href":"https:\/\/emilkirkegaard.dk\/da\/index.php?rest_route=\/wp\/v2\/posts\/2658","targetHints":{"allow":["GET"]}}],"collection":[{"href":"https:\/\/emilkirkegaard.dk\/da\/index.php?rest_route=\/wp\/v2\/posts"}],"about":[{"href":"https:\/\/emilkirkegaard.dk\/da\/index.php?rest_route=\/wp\/v2\/types\/post"}],"author":[{"embeddable":true,"href":"https:\/\/emilkirkegaard.dk\/da\/index.php?rest_route=\/wp\/v2\/users\/4"}],"replies":[{"embeddable":true,"href":"https:\/\/emilkirkegaard.dk\/da\/index.php?rest_route=%2Fwp%2Fv2%2Fcomments&post=2658"}],"version-history":[{"count":1,"href":"https:\/\/emilkirkegaard.dk\/da\/index.php?rest_route=\/wp\/v2\/posts\/2658\/revisions"}],"predecessor-version":[{"id":2659,"href":"https:\/\/emilkirkegaard.dk\/da\/index.php?rest_route=\/wp\/v2\/posts\/2658\/revisions\/2659"}],"wp:attachment":[{"href":"https:\/\/emilkirkegaard.dk\/da\/index.php?rest_route=%2Fwp%2Fv2%2Fmedia&parent=2658"}],"wp:term":[{"taxonomy":"category","embeddable":true,"href":"https:\/\/emilkirkegaard.dk\/da\/index.php?rest_route=%2Fwp%2Fv2%2Fcategories&post=2658"},{"taxonomy":"post_tag","embeddable":true,"href":"https:\/\/emilkirkegaard.dk\/da\/index.php?rest_route=%2Fwp%2Fv2%2Ftags&post=2658"}],"curies":[{"name":"wp","href":"https:\/\/api.w.org\/{rel}","templated":true}]}}