{"id":2664,"date":"2012-08-30T10:30:04","date_gmt":"2012-08-30T09:30:04","guid":{"rendered":"http:\/\/emilkirkegaard.dk\/da\/?p=2664"},"modified":"2012-08-30T10:37:51","modified_gmt":"2012-08-30T09:37:51","slug":"nyheder-kommentarer-30-08-2012","status":"publish","type":"post","link":"https:\/\/emilkirkegaard.dk\/da\/?p=2664","title":{"rendered":"Nyheder + kommentarer 30-08-2012"},"content":{"rendered":"<p><a href=\"http:\/\/politiken.dk\/indland\/ECE1730427\/unge-smadrer-bagrude-i-politibil-i-vollsmose\/\">http:\/\/politiken.dk\/indland\/ECE1730427\/unge-smadrer-bagrude-i-politibil-i-vollsmose\/<\/a><\/p>\n<p>M\u00e5ske fik di ekke nok <a href=\"http:\/\/jyllands-posten.dk\/indland\/article4816510.ece\">sykoloj\u00e6lp<\/a>? Se i\u00f8vrit osse <a href=\"http:\/\/rokokoposten.dk\/2012\/08\/23\/de-radikale-vollsmose-boeller-boer-straffes-med-uddannelse\/\">Rokokoposten&#8217;s fremravende parodi<\/a>.<\/p>\n<p>&#8211;<\/p>\n<p><a href=\"http:\/\/politiken.dk\/politik\/ECE1729448\/s-politiker-skoser-regeringen-for-omskaeringstiltag-tag-jer-sammen\/\">http:\/\/politiken.dk\/politik\/ECE1729448\/s-politiker-skoser-regeringen-for-omskaeringstiltag-tag-jer-sammen\/<\/a><\/p>\n<p><span style=\"color: #800000;\">S\u00e5dan betegner S-medlem af Borgerrepr\u00e6sentationen Lars Aslan Rasmussen statsminister Helle Thorning-Schmidts (S) melding om, at regeringen vil iv\u00e6rks\u00e6tte en unders\u00f8gelse, der skal afd\u00e6kke, om omsk\u00e6ringer i Danmark foreg\u00e5r efter Sundhedsstyrelsens regler. <\/span><\/p>\n<p><span style=\"color: #800000;\">\u00bbDe m\u00e5 tage sig sammen i Folketinget og turde tage stilling til, hvorvidt det er i orden, at b\u00f8rn ikke har mulighed for at bestemme over deres egen krop. Denne syltekrukke ender jo med, at man ikke kommer med noget forbud p\u00e5 omr\u00e5det\u00ab, siger Lars Aslan Rasmussen. <\/span><\/p>\n<p><span style=\"color: #800000;\">&#8230;<\/span><\/p>\n<p><span style=\"color: #800000;\">Argumentet om, at omsk\u00e6ring kan v\u00e6re en del af en religi\u00f8s praksis, der har fungeret i flere tusind \u00e5r, preller aldeles af p\u00e5 Lars Aslan Rasmussen: <\/span><\/p>\n<p><span style=\"color: #800000;\">\u00bbFor min skyld m\u00e5 folk g\u00f8re med deres krop, hvad de vil, n\u00e5r de er fyldt 18. Men vi m\u00e5 som samfund tage stilling til, hvad der kommer f\u00f8rst: b\u00f8rns rettigheder eller religi\u00f8se rettigheder\u00ab, siger han og forts\u00e6tter: <\/span><\/p>\n<p><span style=\"color: #800000;\">\u00bbDet er et overgreb at fjerne noget, som aldrig kan komme tilbage igen. Man s\u00e6tter et livsvarigt kropsm\u00e6rke p\u00e5 et barn, som viser et religi\u00f8st tilh\u00f8rsforhold, som barnet aldrig selv fik muligheden for at v\u00e6lge. Ud over at det er et fysisk overgreb p\u00e5 b\u00f8rn, s\u00e5 er det ogs\u00e5 et overgreb p\u00e5 barnets religionsfrihed\u00ab, mener han. <\/span><\/p>\n<p>Man m\u00e5 jo bare h\u00e5be at Lars h\u00e6r er konsist\u00e6nt i sine holdnenger ov d\u00e6rfor osse st\u00f8tter legalisereng a stofferne tel folk over 18.<\/p>\n<p>&#8211;<\/p>\n<p><a href=\"http:\/\/politiken.dk\/indland\/ECE1730298\/vollsmose-projekt-faar-dumpekarakterer\/\">http:\/\/politiken.dk\/indland\/ECE1730298\/vollsmose-projekt-faar-dumpekarakterer\/<\/a><\/p>\n<p>No surprise there<\/p>\n<p>&#8211;<\/p>\n<p><a href=\"http:\/\/www.dr.dk\/Nyheder\/Politik\/2012\/08\/23\/115316.htm?rss=true\">DF til regeringen: Vi kan hj\u00e6lpe jer med Vollsmose<\/a><\/p>\n<p>DF er i\u00f8vrit ekke glade for Voldsmose problemerne. Deres l\u00f8sneng er typisk for K, di vel bare straffe h\u00e5rdere i b\u00e6dste amerikanske stil tel at l\u00f8se sosjale problemer m\u00e6d negere.<\/p>\n<p><span style=\"color: #800000;\">&#8211; Vi vil sige til de\u00a0andre partier, at problemet ikke bare\u00a0bliver l\u00f8st ved bare at sende flere penge. Vi er n\u00f8dt til at s\u00e6tte langt h\u00e5rdere ind. Vi foresl\u00e5r en fuldst\u00e6ndig nultolerance i Vollsmose, hvor politiet f\u00e5r ordre p\u00e5 at sl\u00e5 ned p\u00e5 selv den mindste lovovertr\u00e6delse. Man skal tage h\u00e5rdere fat i Vollsmose og i andre ghettoomr\u00e5der, siger Martin Henriksen.<\/span><\/p>\n<p>Vordan er de nu m\u00e6d n\u00e5l tolerangse? N\u00e5 jo, n\u00e5l ent\u00e6llig\u00e6ns.<\/p>\n<p>&#8211;<\/p>\n<p>Klar tel sosjalkonstruktivistisk idioti?<\/p>\n<p><a href=\"http:\/\/www.180grader.dk\/Politik\/regeringens-lsning-p-ghettoproblemer-fjerne-ordet-ghetto\">http:\/\/www.180grader.dk\/Politik\/regeringens-lsning-p-ghettoproblemer-fjerne-ordet-ghetto<\/a><\/p>\n<p><a href=\"http:\/\/www.mbbl.dk\/ministeren\/debatindlaeg-og-taler\/slut-med-begrebet-ghetto-i-danmark\">http:\/\/www.mbbl.dk\/ministeren\/debatindlaeg-og-taler\/slut-med-begrebet-ghetto-i-danmark<\/a><\/p>\n<p>Kort fortalt: Vordan l\u00f8ser vi g\u00e6ttoprobl\u00e9met (ghetto) i Danmark? N\u00e6mt nok! Vi kalder de bare n\u00e5et andet. De er ek n\u00e5et jaj fender p\u00e5.<\/p>\n<p><span style=\"color: #800000;\">Ord skaber virkelighed. At kalde et omr\u00e5de for ghetto er at tr\u00e6de p\u00e5 dem, der ligger ned. Omr\u00e5det bliver endnu mere udsat for at komme ind i en d\u00e5rlig spiral med \u00f8get antal ledige og kriminelle beboere.<\/span><\/p>\n<p>De mender maj om at jaj fornylit s\u00e5 n\u00e5et linende p\u00e5 TED.<br \/>\n<iframe loading=\"lazy\" src=\"http:\/\/www.youtube.com\/embed\/te3u3MSpk1c?feature=player_detailpage\" frameborder=\"0\" width=\"640\" height=\"360\"><\/iframe><\/p>\n<p>De mender i\u00f8vrit osse om Newspeak (Orwell), <a href=\"http:\/\/en.wikipedia.org\/wiki\/Newspeak\">Jaj sit\u00e9rer Wikipedia<\/a>:<\/p>\n<p><a name=\"cite_ref-appendix_0-0\"><\/a><strong>Newspeak<\/strong> is a <a href=\"http:\/\/en.wikipedia.org\/wiki\/Fictional_language\">fictional language<\/a> in <a href=\"http:\/\/en.wikipedia.org\/wiki\/George_Orwell\">George Orwell<\/a>&#8216;s novel <a href=\"http:\/\/en.wikipedia.org\/wiki\/Nineteen_Eighty-Four\"><em>Nineteen Eighty-Four<\/em><\/a>. In the novel, it refers to the deliberately impoverished language promoted by the state. Orwell explained the basic principles of the language in an essay included as an appendix to the novel.<a href=\"http:\/\/en.wikipedia.org\/wiki\/Newspeak#cite_note-appendix-0\">[1]<\/a> Newspeak is closely based on <a href=\"http:\/\/en.wikipedia.org\/wiki\/English_language\">English<\/a> but has a greatly reduced and simplified <a href=\"http:\/\/en.wikipedia.org\/wiki\/Vocabulary\">vocabulary<\/a> and <a href=\"http:\/\/en.wikipedia.org\/wiki\/Grammar\">grammar<\/a>. The <a href=\"http:\/\/en.wikipedia.org\/wiki\/Totalitarianism\">totalitarian<\/a> aim of the <a href=\"http:\/\/en.wikipedia.org\/wiki\/Inner_Party\">Party<\/a> is to prevent any alternative thinking \u2014 &#8220;<a href=\"http:\/\/en.wikipedia.org\/wiki\/Thoughtcrime\">thoughtcrime<\/a>&#8220;, or &#8220;crimethink&#8221; in the newest edition of Newspeak \u2014 by destroying any vocabulary that <a href=\"http:\/\/en.wikipedia.org\/wiki\/Linguistic_relativity\">expresses such concepts<\/a> as <a href=\"http:\/\/en.wikipedia.org\/wiki\/Freedom\">freedom<\/a>, free enquiry, <a href=\"http:\/\/en.wikipedia.org\/wiki\/Individualism\">individualism<\/a>, resistance to the authority of the state and so on. One character, Syme, says admiringly of the diminishing scope of the new language: &#8220;It&#8217;s a beautiful thing, the destruction of words.&#8221;<\/p>\n<p>Alts\u00e5, ves vi fjerner ordet <em>g\u00e6tto<\/em>, s\u00e5 kan man ekke l\u00e6ngere snakke om g\u00e6ttoprobl\u00e9met.<\/p>\n<p>&#8211;<\/p>\n<p><a href=\"http:\/\/denkorteavis.dk\/2012\/vollsmose-3\/\">Volden i Vollsmose punkterer tre myter om integration<\/a><\/p>\n<p>De er jo sv\u00e6rt at v\u00e6re ueni.<\/p>\n<p>&#8211;<\/p>\n<p><a href=\"http:\/\/denkorteavis.dk\/2012\/forlader-finland-eller-graekenland-euroen-forst\/\">http:\/\/denkorteavis.dk\/2012\/forlader-finland-eller-graekenland-euroen-forst\/<\/a><\/p>\n<p>Et nordisk prosj\u00e6kt kunne v\u00e6re sp\u00e6ndende. DK+NO+SE+FI. Kalmarunijonen 2.0.<\/p>\n<p>&#8211;<\/p>\n<p><a href=\"http:\/\/denkorteavis.dk\/2012\/vindenergi-er-ikke-losningen\/\">http:\/\/denkorteavis.dk\/2012\/vindenergi-er-ikke-losningen\/<\/a><\/p>\n<p>Vendenergi er ekke.. tja.. win. De er for dyrt endnu. M\u00e5ske \u00e6fter at vi f\u00e5r ordentlie robotter tel at bygge d\u00e6m avtomatisk?<\/p>\n<p>&#8211;<\/p>\n<p>Flere danske medjer har skrevet om et studje som viste at hash har en sammenh\u00e6ng m\u00e6d fald i IQ. Dette er typisk medjehysteri.<\/p>\n<p><a href=\"http:\/\/nyhederne.tv2.dk\/article.php\/id-54375085:hashrygere-er-dummere-end-andre.html?fbs\">http:\/\/nyhederne.tv2.dk\/article.php\/id-54375085:hashrygere-er-dummere-end-andre.html?fbs<\/a><\/p>\n<p>Se fx overskreften \u201cIQ i frit fald\u201d.<\/p>\n<p>Vad viser studjet egentli? Tja. For de f\u00f8rste var de jo ret sv\u00e6rt at f\u00e5 fat p\u00e5 studjet, m\u00e6n jaj fandt \u00e6ndeli en <a href=\"http:\/\/healthland.time.com\/2012\/08\/28\/does-weekly-marijuana-use-by-teens-really-cause-a-drop-in-iq\/\">avis<\/a> som faktisk lenkede tel <a href=\"http:\/\/www.pnas.org\/content\/early\/2012\/08\/22\/1206820109\">studjet<\/a>. Udover de, s\u00e5 er studjet naturlivis ba en betalengsv\u00e6g. -.- Forskerne skriver<\/p>\n<p><span style=\"color: #800000;\">Results<\/span><\/p>\n<p><span style=\"color: #800000;\">Do Study Members with More Persistent Cannabis Use Show Greater<\/span><\/p>\n<p><span style=\"color: #800000;\">IQ Decline? Table 1 (far right column) shows effect sizes for within-<\/span><\/p>\n<p><span style=\"color: #800000;\">person IQ change from childhood to adulthood as a function of<\/span><\/p>\n<p><span style=\"color: #800000;\">persistent cannabis dependence. In this analysis, each study<\/span><\/p>\n<p><span style=\"color: #800000;\">member served as his or her own control; given that the groups<\/span><\/p>\n<p><span style=\"color: #800000;\">were not equivalent on childhood IQ, we accounted for premorbid<\/span><\/p>\n<p><span style=\"color: #800000;\">IQdifferences by looking at IQchange fromchildhood to age 38 y.<\/span><\/p>\n<p><span style=\"color: #800000;\">Study members with more persistent cannabis dependence<\/span><\/p>\n<p><span style=\"color: #800000;\">showed greater IQ decline. For example, study members who<\/span><\/p>\n<p><span style=\"color: #800000;\">never used cannabis experienced a slight increase in IQ, whereas<\/span><\/p>\n<p><span style=\"color: #800000;\">those who diagnosed with cannabis dependence at one, two, or<\/span><\/p>\n<p><span style=\"color: #800000;\">three or more study waves experienced IQ declines of \u22120.11,<\/span><\/p>\n<p><span style=\"color: #800000;\">\u22120.17, and\u22120.38 SDunits, respectively.An IQdecline of\u22120.38 SD<\/span><\/p>\n<p><span style=\"color: #800000;\">units corresponds to a loss of \u223c6 IQ points, from 99.68 to 93.93.<\/span><\/p>\n<p><span style=\"color: #800000;\">Results of analyses for persistent cannabis dependence and per-<\/span><\/p>\n<p><span style=\"color: #800000;\">sistent regular cannabis use were similar (Table 1).<\/span><\/p>\n<p>Ekke liefrem \u201cfrit fald\u201d, kun 6 poeng i v\u00e6rste telf\u00e6lde.<\/p>\n<p>&#8211;<\/p>\n<p><a href=\"http:\/\/politiken.dk\/udland\/ECE1736784\/101-aarig-bilist-koerer-ni-skoleboern-ned\/\">http:\/\/politiken.dk\/udland\/ECE1736784\/101-aarig-bilist-koerer-ni-skoleboern-ned\/<\/a><\/p>\n<p>Overskreften giver en id\u00e9 om at alderen er relevant. Vorfor \u00e6llers n\u00e6vne de? M\u00e6n&#8230;<\/p>\n<p><span style=\"color: #800000;\">F\u00f8reren af bilen slap uden st\u00f8rre skader og udtalte sig umiddelbart efter ulykken til en fremm\u00f8dt tv-station. <\/span><\/p>\n<p><span style=\"color: #800000;\"><strong>Mistede kontrollen over bilen<\/strong><br \/>\n\u00bbJeg mistede kontrollen over bilen, bremserne svigtede, tror jeg. Jeg bakkede ud af parkeringspladsen og var p\u00e5 vej hjem, men mistede kontrollen\u00ab, sagde manden til tv-stationen ABC7. <\/span><\/p>\n<p><span style=\"color: #800000;\">\u00bbJeg er ked af det, og jeg har sympati for dem. S\u00e5dan noget ville jeg aldrig g\u00f8re\u00ab, l\u00f8d det videre fra den 101-\u00e5rige bilist. <\/span><\/p>\n<p>S\u00e5 data tyder p\u00e5, at de var bremserne de var galt m\u00e6d, m\u00e6n sjurnalisten h\u00e6nviser tel billistens alder (ov k\u00f8n).<\/p>\n<p>&#8211;<\/p>\n<p><a href=\"http:\/\/politiken.dk\/uddannelse\/ECE1736670\/minister-garanterer-mere-fokus-paa-timetal-paa-universiteterne\/\">http:\/\/politiken.dk\/uddannelse\/ECE1736670\/minister-garanterer-mere-fokus-paa-timetal-paa-universiteterne\/<\/a><\/p>\n<div id=\"art-body\" dir=\"LTR\">\n<p><span style=\"color: #800000;\">Uddannelsesminister Morten \u00d8stergaard er enig i den skarpe kritik af landets universiteter, som Rigsrevisionen er kommet med. <\/span><\/p>\n<p><span style=\"color: #800000;\">Rigsrevisionen har kulegravet den undervisning, som universiteterne byder landets studerende, og dommen er h\u00e5rd: <\/span><\/p>\n<p><span style=\"color: #800000;\">P\u00e5 flere videreg\u00e5ende uddannelser undervises der s\u00e5 lidt &#8211; helt ned til 3-5 timer om ugen &#8211; at Rigsrevisionen s\u00e6tter sp\u00f8rgsm\u00e5lstegn ved, om de studerende overhovedet kan siges reelt at tage en uddannelse. <\/span><\/p>\n<\/div>\n<p>Lyder som en sp\u00e6ndende \u00e5nders\u00f8else. Jaj fandt d\u00e6n p\u00e5 Google, <a href=\"http:\/\/www.rigsrevisionen.dk\/composite-2970.htm\">her<\/a>. Jaj vel m\u00e5ske kommentere d\u00e6n i et andet endl\u00e6g.<\/p>\n<p>&#8211;<\/p>\n<p><a href=\"http:\/\/www.dr.dk\/Nyheder\/Politik\/2012\/08\/30\/0830061637.htm?rss=true\">Byr\u00e5d forst\u00e5r ikke det de stemmer om<\/a><\/p>\n<p><span style=\"color: #800000;\">Deres beslutninger har indflydelse p\u00e5 mangt, mange og meget i de danske kommuner. Men mange byr\u00e5dsmedlemmer ved slet ikke, hvad de vender tommelfingeren op og ned til, skriver Frederiksborg Amtsavis torsdag.<\/span><\/p>\n<p><strong><span style=\"color: #800000;\">Hver 4. forst\u00e5r intet<\/span><\/strong><\/p>\n<p><span style=\"color: #800000;\">En unders\u00f8gelse foretaget Nyhedsmagasinet Danske Kommuner viser, at op imod hver fjerde danske byr\u00e5dspolitiker p\u00e5 landsplan har stemt ved en given lejlighed uden at forst\u00e5 sagsfremstillingen.<\/span><\/p>\n<p><span style=\"color: #800000;\">Og det er is\u00e6r forslag til for eksempel Teknisk Udvalg eller Ejendoms- og Milj\u00f8udvalget, der kan volde problemer, n\u00e5r byr\u00e5dsmedlemmer skal stemme.<\/span><\/p>\n<p><span style=\"color: #800000;\">Problemet er, at sagerne tilsyneladende er s\u00e5 komplicerede og kringlede, at byr\u00e5dsmedlemmerne simpelthen har sv\u00e6rt ved at forst\u00e5 dem, skriver avisen.<\/span><\/p>\n<p>&#8211;<\/p>\n<p><a href=\"http:\/\/www.dr.dk\/Nyheder\/Indland\/2012\/08\/29\/0829174642.htm?rss=true\">Samlejer med steddatter kan give fire \u00e5r<\/a><\/p>\n<p>Lyder umiddelbart som en a di overdrevne s\u00f8vdop\u00e6dofilisaer. De fremg\u00e5r ekke a artiklen om pien var samtyggende. De er jo h\u00e6ller ekke ens\u00e6st da de er en st\u00e6ddatter.<\/p>\n<p>D\u00e6n anv\u00e6ndte \u00a7 er osse tel grin:<\/p>\n<p><span style=\"color: #800000;\">Det h\u00e6vder statsadvokaten i et anklageskrift, som angiver, at manden udnyttede sin fysiske og psykiske overlegenhed til at misbruge steddatteren.<\/span><\/p>\n<p>Dette h\u00e6nviser tel Straffelovens \u00a7222:<\/p>\n<p><a name=\"Par222_Stk1\"><\/a><a name=\"P222\"><\/a> <span style=\"color: #800000;\">\u00a7\u00a0222. Den, som har samleje med et barn under 15 \u00e5r, straffes med f\u00e6ngsel indtil 8 \u00e5r.<\/span><\/p>\n<p><a name=\"Par222_Stk2\"><\/a><span style=\"color: #800000;\">Stk.\u00a02. Har barnet v\u00e6ret under 12 \u00e5r, eller har gerningsmanden skaffet sig samlejet ved tvang eller frems\u00e6ttelse af trusler, kan straffen stige til f\u00e6ngsel indtil 12 \u00e5r.<\/span><\/p>\n<p><a name=\"Par222_Stk3\"><\/a><span style=\"color: #800000;\">Stk.\u00a03. Ved fasts\u00e6ttelse af straffen efter stk.\u00a01 og stk.\u00a02, 1.\u00a0led, skal det indg\u00e5 som en sk\u00e6rpende omst\u00e6ndighed, at gerningsmanden har skaffet sig samlejet ved udnyttelse af sin fysiske eller psykiske overlegenhed.<\/span><\/p>\n<p>En slags magisk gr\u00e6nse m\u00e5 eksistere m\u00e6llem alder 14 ov 15. Ov vad nu ves d\u00e6n ene person i et forhold er v\u00e6sentlit smartere end d\u00e6n anden? Ent\u00e6llig\u00e6ns varierer jo en del.<\/p>\n<p>Antaelivis har di osse t\u00e6nkt saj at brue \u00a7223:<\/p>\n<p><a name=\"Par223_Stk1\"><\/a><a name=\"P223\"><\/a> <span style=\"color: #800000;\">\u00a7\u00a0223. Den, som har samleje med en person under 18 \u00e5r, der er den skyldiges adoptivbarn, stedbarn eller plejebarn eller er betroet den p\u00e5g\u00e6ldende til undervisning eller opdragelse, straffes med f\u00e6ngsel indtil 4 \u00e5r.<\/span><\/p>\n<p><a name=\"Par223_Stk2\"><\/a><span style=\"color: #800000;\">Stk.\u00a02. Med samme straf anses den, som under groft misbrug af en p\u00e5 alder og erfaring beroende overlegenhed forf\u00f8rer en person under 18 \u00e5r til samleje.<\/span><\/p>\n<p>Betragt osse fra artiklen:<\/p>\n<p><span style=\"color: #800000;\">Desuden skal den 36-\u00e5rige have sendt pigen mindst 200 sms-beskeder, hvori han beskriver og opfordrer til seksuelle handlinger.<\/span><\/p>\n<p>Velket \u00e5ndlader at n\u00e6vne om pien var telfreds m\u00e6d dette ov evt. delto i samtalerne. M\u00e5ske ekke, for man kan l\u00e6se:<\/p>\n<p><span style=\"color: #800000;\">Nogle af beskederne blev sendt i eget navn &#8211; men i en r\u00e6kke tilf\u00e6lde underskrev han sig enten med navnet p\u00e5 en 14-\u00e5rig dreng eller med navnet p\u00e5 drengens moster.<\/span><\/p>\n<p>&#8211;<\/p>\n<p><a href=\"http:\/\/www.b.dk\/nationalt\/regeringens-sprogpolitik-faar-hug\">http:\/\/www.b.dk\/nationalt\/regeringens-sprogpolitik-faar-hug<\/a><\/p>\n<p><span style=\"color: #800000;\">Hun er fortaler for &#8211; s\u00e5dan som strategien ogs\u00e5 l\u00e6gger op til &#8211; at engelsk bliver obligatorisk allerede fra 1. klasse, og at eleverne tidligt f\u00e5r endnu et obligatorisk fremmedsprog.<\/span><\/p>\n<p>Vorfor ekke 0. klasse? Man m\u00e5 jo h\u00e5be p\u00e5, at di v\u00e6ljer Esperanto som fremmedspr\u00e5v, da dette jo g\u00f8r de <a href=\"http:\/\/en.wikipedia.org\/wiki\/Propaedeutic_value_of_Esperanto\">n\u00e6mmere at l\u00e6re flere andre fremmedspr\u00e5v<\/a>.<\/p>\n<p>&#8211;<\/p>\n<p><a href=\"http:\/\/www.b.dk\/kommentarer\/ikke-koensneutralitet-men-koensmangfoldighed\">http:\/\/www.b.dk\/kommentarer\/ikke-koensneutralitet-men-koensmangfoldighed<\/a><\/p>\n<p>En feminist (?) som telsyneladende ekke forst\u00e5r kritikken.<\/p>\n<p><span style=\"color: #800000;\">If\u00f8lge Selsing arbejder feminister ud fra et normativt ideal om k\u00f8nsneutralitet, hvor m\u00e5let er eliminering af k\u00f8nsforskelle og dannelse af en gennemfeminiseret arketype. Skr\u00e6mmende vision. Jeg vil dog vove den p\u00e5stand, at de fleste feminister snarere \u00f8nsker k\u00f8nsmangfoldighed.<\/span><\/p>\n<p>Eh. De som Selsing t\u00e6nker p\u00e5 er formentli di sk\u00f8re id\u00e9er som <a href=\"http:\/\/politiken.dk\/udland\/ECE1318417\/svensk-boernehave-afskaffer-drenge-og-piger\/\">flurerer i Sverige for tiden<\/a>.<\/p>\n<p><span style=\"color: #800000;\">Desv\u00e6rre er det ikke alle, der er s\u00e5 heldige at flugte med det, Selsing mener, er vores biologi. Det kan f.eks. v\u00e6re benh\u00e5rde karrierekvinder. Er de en del af noget ikke-biologisk? Er de et problem for samfundet? Det m\u00e5 v\u00e6re konsekvensen af Selsings argumentation.<\/span><\/p>\n<p>\u00d8h. D\u00e6r er tale om g\u00e6nnemsnit.<\/p>\n<p>&#8211;<\/p>\n<p><a href=\"http:\/\/www.180grader.dk\/Politik\/98-procent-af-indvandringen-er-ufaglaert-arbejdskraft\">http:\/\/www.180grader.dk\/Politik\/98-procent-af-indvandringen-er-ufaglaert-arbejdskraft<\/a><\/p>\n<p><a href=\"http:\/\/denkorteavis.dk\/2012\/98-procent-af-indvandringen-er-ufaglaert-arbejdskraft\/\">http:\/\/denkorteavis.dk\/2012\/98-procent-af-indvandringen-er-ufaglaert-arbejdskraft\/<\/a><\/p>\n<p><span style=\"color: #800000;\">Hvad ville de fleste vel svare, hvis de blev fortalt, at 98 procent af nettoindvandringen til Danmark best\u00e5r af ufagl\u00e6rt arbejdskraft?<\/span><\/p>\n<p><span style=\"color: #800000;\">\u00a0<\/span><\/p>\n<p><span style=\"color: #800000;\">De fleste ville tro, at det var l\u00f8gn, hvad det ulykkeligvis ikke er.<\/span><\/p>\n<p><span style=\"color: #800000;\">\u00a0<\/span><\/p>\n<p><span style=\"color: #800000;\">Tallet stammer ganske vist tilbage fra 2007, men der er intet, der i mellemtiden antyder, at udviklingen skulle v\u00e6re vendt p\u00e5 hovedet eller bare noget, der ligner.<\/span><\/p>\n<p><span style=\"color: #800000;\">\u00a0<\/span><\/p>\n<p><span style=\"color: #800000;\">Det rystende tal stammer fra noget af det mest trov\u00e6rdige, vi kan opdrive herhjemme, nemlig Rockwool Fondens Forskningsenhed. I et nyhedsbrev fra november 2011 med titlen \u201dDanmarks kvalifikationsbalance\u201d sl\u00e5s det fast, at der indvandrede i alt 322.000 \u00e5rsv\u00e6rk, og af disse bestod 316.000 \u00e5rsv\u00e6rk af ufagl\u00e6rt arbejdskraft.<\/span><\/p>\n<p>Ja, de blir en &#8216;sp\u00e6ndende&#8217; fremtid m\u00e6d \u00e6ldrebyrden + endvandrebyrden.<\/p>\n<p>&#8211;<\/p>\n<p><a href=\"http:\/\/www.damefrokosten.com\/farlig-symbolpolitik\/\">http:\/\/www.damefrokosten.com\/farlig-symbolpolitik\/<\/a><\/p>\n<p>Udm\u00e6rket.<\/p>\n<p>&#8211;<\/p>\n<p><a href=\"http:\/\/denkorteavis.dk\/2012\/danmark-haenger-pa-kriminelle-asylansogere\/\">http:\/\/denkorteavis.dk\/2012\/danmark-haenger-pa-kriminelle-asylansogere\/<\/a><\/p>\n<p>&#8211;<\/p>\n<p><a href=\"http:\/\/www.damefrokosten.com\/i-seng-med-ekstremismen\/\">http:\/\/www.damefrokosten.com\/i-seng-med-ekstremismen\/<\/a><\/p>\n<p>+1 for at v\u00e6re leftist ov ekke sk\u00f8r mht. k\u00f8bes\u00e6ks.<\/p>\n<p>&#8211;<\/p>\n","protected":false},"excerpt":{"rendered":"<p>http:\/\/politiken.dk\/indland\/ECE1730427\/unge-smadrer-bagrude-i-politibil-i-vollsmose\/ M\u00e5ske fik di ekke nok sykoloj\u00e6lp? Se i\u00f8vrit osse Rokokoposten&#8217;s fremravende parodi. &#8211; http:\/\/politiken.dk\/politik\/ECE1729448\/s-politiker-skoser-regeringen-for-omskaeringstiltag-tag-jer-sammen\/ S\u00e5dan betegner S-medlem af Borgerrepr\u00e6sentationen Lars Aslan Rasmussen statsminister Helle Thorning-Schmidts (S) melding om, at regeringen vil iv\u00e6rks\u00e6tte en unders\u00f8gelse, der skal afd\u00e6kke, om omsk\u00e6ringer i Danmark foreg\u00e5r efter Sundhedsstyrelsens regler. \u00bbDe m\u00e5 tage sig sammen i Folketinget og turde [&hellip;]<\/p>\n","protected":false},"author":4,"featured_media":0,"comment_status":"open","ping_status":"open","sticky":false,"template":"","format":"standard","meta":{"footnotes":""},"categories":[1],"tags":[],"class_list":["post-2664","post","type-post","status-publish","format-standard","hentry","category-uncategorized"],"_links":{"self":[{"href":"https:\/\/emilkirkegaard.dk\/da\/index.php?rest_route=\/wp\/v2\/posts\/2664","targetHints":{"allow":["GET"]}}],"collection":[{"href":"https:\/\/emilkirkegaard.dk\/da\/index.php?rest_route=\/wp\/v2\/posts"}],"about":[{"href":"https:\/\/emilkirkegaard.dk\/da\/index.php?rest_route=\/wp\/v2\/types\/post"}],"author":[{"embeddable":true,"href":"https:\/\/emilkirkegaard.dk\/da\/index.php?rest_route=\/wp\/v2\/users\/4"}],"replies":[{"embeddable":true,"href":"https:\/\/emilkirkegaard.dk\/da\/index.php?rest_route=%2Fwp%2Fv2%2Fcomments&post=2664"}],"version-history":[{"count":3,"href":"https:\/\/emilkirkegaard.dk\/da\/index.php?rest_route=\/wp\/v2\/posts\/2664\/revisions"}],"predecessor-version":[{"id":2666,"href":"https:\/\/emilkirkegaard.dk\/da\/index.php?rest_route=\/wp\/v2\/posts\/2664\/revisions\/2666"}],"wp:attachment":[{"href":"https:\/\/emilkirkegaard.dk\/da\/index.php?rest_route=%2Fwp%2Fv2%2Fmedia&parent=2664"}],"wp:term":[{"taxonomy":"category","embeddable":true,"href":"https:\/\/emilkirkegaard.dk\/da\/index.php?rest_route=%2Fwp%2Fv2%2Fcategories&post=2664"},{"taxonomy":"post_tag","embeddable":true,"href":"https:\/\/emilkirkegaard.dk\/da\/index.php?rest_route=%2Fwp%2Fv2%2Ftags&post=2664"}],"curies":[{"name":"wp","href":"https:\/\/api.w.org\/{rel}","templated":true}]}}