{"id":2673,"date":"2012-09-06T14:58:34","date_gmt":"2012-09-06T13:58:34","guid":{"rendered":"http:\/\/emilkirkegaard.dk\/da\/?p=2673"},"modified":"2012-09-06T14:58:34","modified_gmt":"2012-09-06T13:58:34","slug":"laesestof-mht-rasismeparagraffen-blasfemiparagraffen-ov-injurieparagraffen","status":"publish","type":"post","link":"https:\/\/emilkirkegaard.dk\/da\/?p=2673","title":{"rendered":"L\u00e6sestof mht. rasismeparagraffen, blasfemiparagraffen, ov injurieparagraffen"},"content":{"rendered":"<p>Som en go entell\u00e6ktuel, s\u00e5 <span style=\"text-decoration: line-through;\">dannede jaj maj f\u00f8rst en holdneng ov beg\u00f8ndte d\u00e6r\u00e6fter at lede \u00e6fter evid\u00e6ns for min holdneng<\/span> ville jaj gerne blive kl\u00e5vere p\u00e5 disse paragraffer, is\u00e6r mht. om man b\u00f8r beholde d\u00e6m, reformere d\u00e6m, \u00e6ller fjerne d\u00e6m. S\u00e5, jaj guglede [googlede] ledt omkreng&#8230; ov som s\u00e6dvanlit s\u00e5 blev de tel et ufattelit antal tabs (50!).<\/p>\n<p>&nbsp;<\/p>\n<p><a href=\"http:\/\/politiken.dk\/debat\/kroniker\/ECE134863\/afskaf-injurieparagraffen\/\">http:\/\/politiken.dk\/debat\/kroniker\/ECE134863\/afskaf-injurieparagraffen\/<\/a><\/p>\n<p><a href=\"http:\/\/buursblog.blogspot.dk\/2010\/07\/alle-arhusianere-er-pdofile.html\">http:\/\/buursblog.blogspot.dk\/2010\/07\/alle-arhusianere-er-pdofile.html<\/a><\/p>\n<p><a href=\"http:\/\/www.cevea.dk\/debatindlaeg\/drop-opportunisme-udvid-demokratiet\">http:\/\/www.cevea.dk\/debatindlaeg\/drop-opportunisme-udvid-demokratiet<\/a><\/p>\n<p><a href=\"http:\/\/www.dr.dk\/Nyheder\/Udland\/2011\/07\/29\/083952.htm?wbc_purpose=%3F\">http:\/\/www.dr.dk\/Nyheder\/Udland\/2011\/07\/29\/083952.htm?wbc_purpose=%3F<\/a><\/p>\n<p><a href=\"http:\/\/mchangama.blogs.berlingske.dk\/2010\/08\/05\/hedegaard-og-\u00a7266b\/\">http:\/\/mchangama.blogs.berlingske.dk\/2010\/08\/05\/hedegaard-og-%C2%A7266b\/<\/a><\/p>\n<p><a href=\"http:\/\/blogs.jp.dk\/setfrahoejre\/2010\/08\/03\/pa-vej-mod-en-de-facto-afskaffelse-af-ytringsfriheden\/\">http:\/\/blogs.jp.dk\/setfrahoejre\/2010\/08\/03\/pa-vej-mod-en-de-facto-afskaffelse-af-ytringsfriheden\/<\/a><\/p>\n<p><a href=\"http:\/\/jyllands-posten.dk\/indland\/krimi\/article2140081.ece\">http:\/\/jyllands-posten.dk\/indland\/krimi\/article2140081.ece<\/a><\/p>\n<p><a href=\"https:\/\/www.parlamentet.dk\/folketinget\/beslutningsforslag\/forslag_til_folketingsbeslutning_om_styrkelse_af_ytringsfriheden\">https:\/\/www.parlamentet.dk\/folketinget\/beslutningsforslag\/forslag_til_folketingsbeslutning_om_styrkelse_af_ytringsfriheden<\/a><\/p>\n<p><a href=\"http:\/\/www.multisamfund.dk\/kommentar\/2010\/racismeparagraf_og_injurielovgivning.htm\">http:\/\/www.multisamfund.dk\/kommentar\/2010\/racismeparagraf_og_injurielovgivning.htm<\/a><\/p>\n<p><a href=\"http:\/\/en.wikipedia.org\/wiki\/Freedom_of_speech\">http:\/\/en.wikipedia.org\/wiki\/Freedom_of_speech<\/a><\/p>\n<p><a href=\"http:\/\/en.wikipedia.org\/wiki\/Political_correctness\">http:\/\/en.wikipedia.org\/wiki\/Political_correctness<\/a><\/p>\n<p><a href=\"http:\/\/en.wikipedia.org\/wiki\/People-first_language\">http:\/\/en.wikipedia.org\/wiki\/People-first_language<\/a><\/p>\n<p><a href=\"http:\/\/en.wikipedia.org\/wiki\/Language_and_thought\">http:\/\/en.wikipedia.org\/wiki\/Language_and_thought<\/a><\/p>\n<p><a href=\"http:\/\/en.wikipedia.org\/wiki\/E-prime\">http:\/\/en.wikipedia.org\/wiki\/E-prime<\/a><\/p>\n<p><a href=\"http:\/\/en.wikipedia.org\/wiki\/Linguistic_prescriptivism\">http:\/\/en.wikipedia.org\/wiki\/Linguistic_prescriptivism<\/a><\/p>\n<p><a href=\"http:\/\/chronicle.com\/article\/50-Years-of-Stupid-Grammar\/25497\/\">http:\/\/chronicle.com\/article\/50-Years-of-Stupid-Grammar\/25497\/<\/a><\/p>\n<p><a href=\"http:\/\/languagelog.ldc.upenn.edu\/nll\/?p=2623\">http:\/\/languagelog.ldc.upenn.edu\/nll\/?p=2623<\/a><\/p>\n<p><a href=\"http:\/\/languagelog.ldc.upenn.edu\/nll\/?p=2780\">http:\/\/languagelog.ldc.upenn.edu\/nll\/?p=2780<\/a><\/p>\n<p><a href=\"http:\/\/en.wikipedia.org\/wiki\/Standard_language#List_of_standard_languages_and_regulators\">http:\/\/en.wikipedia.org\/wiki\/Standard_language#List_of_standard_languages_and_regulators<\/a><\/p>\n<p><a href=\"http:\/\/en.wikipedia.org\/wiki\/Pluricentric_language\">http:\/\/en.wikipedia.org\/wiki\/Pluricentric_language<\/a><\/p>\n<p><a href=\"http:\/\/en.wikipedia.org\/wiki\/Mutual_intelligibility\">http:\/\/en.wikipedia.org\/wiki\/Mutual_intelligibility<\/a><\/p>\n<p><a href=\"http:\/\/en.wikipedia.org\/wiki\/Dialect_continuum\">http:\/\/en.wikipedia.org\/wiki\/Dialect_continuum<\/a><\/p>\n<p><a href=\"http:\/\/en.wikipedia.org\/wiki\/Anti-racist_mathematics\">http:\/\/en.wikipedia.org\/wiki\/Anti-racist_mathematics<\/a><\/p>\n<p><a href=\"http:\/\/en.wikipedia.org\/wiki\/Politically_Correct_Bedtime_Stories\">http:\/\/en.wikipedia.org\/wiki\/Politically_Correct_Bedtime_Stories<\/a><\/p>\n<p><a href=\"http:\/\/en.wikipedia.org\/wiki\/Freedom_fries\">http:\/\/en.wikipedia.org\/wiki\/Freedom_fries<\/a><\/p>\n<p><a href=\"http:\/\/en.wikipedia.org\/wiki\/Second-hand_smoke\">http:\/\/en.wikipedia.org\/wiki\/Second-hand_smoke<\/a><\/p>\n<p><a href=\"http:\/\/en.wikipedia.org\/wiki\/Cultural_Marxism\">http:\/\/en.wikipedia.org\/wiki\/Cultural_Marxism<\/a><\/p>\n<p><a href=\"http:\/\/en.wikipedia.org\/wiki\/Euphemism_treadmill#Euphemism_treadmill\">http:\/\/en.wikipedia.org\/wiki\/Euphemism_treadmill#Euphemism_treadmill<\/a><\/p>\n<p><a href=\"http:\/\/en.wikipedia.org\/wiki\/Internet_censorship\">http:\/\/en.wikipedia.org\/wiki\/Internet_censorship<\/a><\/p>\n<p><a href=\"http:\/\/en.wikipedia.org\/wiki\/Internet_censorship_by_country\">http:\/\/en.wikipedia.org\/wiki\/Internet_censorship_by_country<\/a><\/p>\n<p><a href=\"http:\/\/en.wikipedia.org\/wiki\/Freedom_of_information\">http:\/\/en.wikipedia.org\/wiki\/Freedom_of_information<\/a><\/p>\n<p><a href=\"http:\/\/en.wikipedia.org\/wiki\/Information_society\">http:\/\/en.wikipedia.org\/wiki\/Information_society<\/a><\/p>\n<p><a href=\"http:\/\/en.wikipedia.org\/wiki\/On_Liberty\">http:\/\/en.wikipedia.org\/wiki\/On_Liberty<\/a><\/p>\n<p><a href=\"http:\/\/en.wikipedia.org\/wiki\/Freedom_of_the_press\">http:\/\/en.wikipedia.org\/wiki\/Freedom_of_the_press<\/a><\/p>\n<p><a href=\"http:\/\/en.wikipedia.org\/wiki\/Milton%27s_divorce_tracts\">http:\/\/en.wikipedia.org\/wiki\/Milton%27s_divorce_tracts<\/a><\/p>\n<p><a href=\"http:\/\/en.wikipedia.org\/wiki\/No-fault_divorce\">http:\/\/en.wikipedia.org\/wiki\/No-fault_divorce<\/a><\/p>\n<p><a href=\"http:\/\/en.wikipedia.org\/wiki\/Legal_fiction\">http:\/\/en.wikipedia.org\/wiki\/Legal_fiction<\/a><\/p>\n<p><a href=\"http:\/\/en.wikipedia.org\/wiki\/Slander\">http:\/\/en.wikipedia.org\/wiki\/Slander<\/a><\/p>\n<p><a href=\"http:\/\/da.wikipedia.org\/wiki\/Injurie\">http:\/\/da.wikipedia.org\/wiki\/Injurie<\/a><\/p>\n<p><a href=\"http:\/\/en.wikipedia.org\/wiki\/Bad_Science_%28book%29#Previously_unpublished_chapter:_The_Doctor_Will_Sue_You_Now\">http:\/\/en.wikipedia.org\/wiki\/Bad_Science_%28book%29#Previously_unpublished_chapter:_The_Doctor_Will_Sue_You_Now<\/a><\/p>\n<p><a href=\"http:\/\/www.liberalalliance.dk\/video\/folketinget\/simon-emil-ammitzb\u00f8ll-racismeparagraffen\">http:\/\/www.liberalalliance.dk\/video\/folketinget\/simon-emil-ammitzb%C3%B8ll-racismeparagraffen<\/a><\/p>\n<p><a href=\"http:\/\/www.denstoredanske.dk\/Samfund,_jura_og_politik\/Jura\/Kriminalret,_almindelig\/Straffeloven\">http:\/\/www.denstoredanske.dk\/Samfund,_jura_og_politik\/Jura\/Kriminalret,_almindelig\/Straffeloven<\/a><\/p>\n<p><a href=\"http:\/\/www.denstoredanske.dk\/Samfund%2C_jura_og_politik\/Jura\/Kriminalret%2C_almindelig\/Straffeloven\/Straffeloven_%28Strafbarhedsbetingelser%29\">http:\/\/www.denstoredanske.dk\/Samfund%2c_jura_og_politik\/Jura\/Kriminalret%2c_almindelig\/Straffeloven\/Straffeloven_%28Strafbarhedsbetingelser%29<\/a><\/p>\n<p>&nbsp;<\/p>\n<p>Jaj poster disse i telf\u00e6lde a at andre kan brue d\u00e6m tel n\u00e5et, ov s\u00e5 folk kan f\u00e5 et endtr\u00f8k a vordan de g\u00e5r n\u00e5r man f\u00f8rst starter p\u00e5 Wikipedia&#8230;<\/p>\n","protected":false},"excerpt":{"rendered":"<p>Som en go entell\u00e6ktuel, s\u00e5 dannede jaj maj f\u00f8rst en holdneng ov beg\u00f8ndte d\u00e6r\u00e6fter at lede \u00e6fter evid\u00e6ns for min holdneng ville jaj gerne blive kl\u00e5vere p\u00e5 disse paragraffer, is\u00e6r mht. om man b\u00f8r beholde d\u00e6m, reformere d\u00e6m, \u00e6ller fjerne d\u00e6m. S\u00e5, jaj guglede [googlede] ledt omkreng&#8230; ov som s\u00e6dvanlit s\u00e5 blev de tel et [&hellip;]<\/p>\n","protected":false},"author":4,"featured_media":0,"comment_status":"open","ping_status":"open","sticky":false,"template":"","format":"standard","meta":{"footnotes":""},"categories":[1510,1647,1667],"tags":[],"class_list":["post-2673","post","type-post","status-publish","format-standard","hentry","category-censur-politik","category-statkirke","category-ytringsfrihed"],"_links":{"self":[{"href":"https:\/\/emilkirkegaard.dk\/da\/index.php?rest_route=\/wp\/v2\/posts\/2673","targetHints":{"allow":["GET"]}}],"collection":[{"href":"https:\/\/emilkirkegaard.dk\/da\/index.php?rest_route=\/wp\/v2\/posts"}],"about":[{"href":"https:\/\/emilkirkegaard.dk\/da\/index.php?rest_route=\/wp\/v2\/types\/post"}],"author":[{"embeddable":true,"href":"https:\/\/emilkirkegaard.dk\/da\/index.php?rest_route=\/wp\/v2\/users\/4"}],"replies":[{"embeddable":true,"href":"https:\/\/emilkirkegaard.dk\/da\/index.php?rest_route=%2Fwp%2Fv2%2Fcomments&post=2673"}],"version-history":[{"count":1,"href":"https:\/\/emilkirkegaard.dk\/da\/index.php?rest_route=\/wp\/v2\/posts\/2673\/revisions"}],"predecessor-version":[{"id":2674,"href":"https:\/\/emilkirkegaard.dk\/da\/index.php?rest_route=\/wp\/v2\/posts\/2673\/revisions\/2674"}],"wp:attachment":[{"href":"https:\/\/emilkirkegaard.dk\/da\/index.php?rest_route=%2Fwp%2Fv2%2Fmedia&parent=2673"}],"wp:term":[{"taxonomy":"category","embeddable":true,"href":"https:\/\/emilkirkegaard.dk\/da\/index.php?rest_route=%2Fwp%2Fv2%2Fcategories&post=2673"},{"taxonomy":"post_tag","embeddable":true,"href":"https:\/\/emilkirkegaard.dk\/da\/index.php?rest_route=%2Fwp%2Fv2%2Ftags&post=2673"}],"curies":[{"name":"wp","href":"https:\/\/api.w.org\/{rel}","templated":true}]}}