{"id":2692,"date":"2012-09-26T15:32:40","date_gmt":"2012-09-26T14:32:40","guid":{"rendered":"http:\/\/emilkirkegaard.dk\/da\/?p=2692"},"modified":"2012-10-02T05:27:54","modified_gmt":"2012-10-02T04:27:54","slug":"2692","status":"publish","type":"post","link":"https:\/\/emilkirkegaard.dk\/da\/?p=2692","title":{"rendered":"Sjov m\u00e6d religi\u00f8se ov logik"},"content":{"rendered":"<p>Julius s\u00e6nder dette belled:<\/p>\n<p><a href=\"http:\/\/emilkirkegaard.dk\/da\/wp-content\/uploads\/2012-09-26-04.17.41-pm.png\"><img loading=\"lazy\" decoding=\"async\" class=\"alignleft size-full wp-image-2693\" title=\"2012-09-26 04.17.41 pm\" src=\"http:\/\/emilkirkegaard.dk\/da\/wp-content\/uploads\/2012-09-26-04.17.41-pm.png\" alt=\"\" width=\"543\" height=\"436\" srcset=\"https:\/\/emilkirkegaard.dk\/da\/wp-content\/uploads\/2012-09-26-04.17.41-pm.png 543w, https:\/\/emilkirkegaard.dk\/da\/wp-content\/uploads\/2012-09-26-04.17.41-pm-300x240.png 300w\" sizes=\"auto, (max-width: 543px) 100vw, 543px\" \/><\/a><\/p>\n<p>&nbsp;<\/p>\n<p>&nbsp;<\/p>\n<p>&nbsp;<\/p>\n<p>&nbsp;<\/p>\n<p>&nbsp;<\/p>\n<p>&nbsp;<\/p>\n<p>&nbsp;<\/p>\n<p>&nbsp;<\/p>\n<p>&nbsp;<\/p>\n<p>&nbsp;<\/p>\n<p>&nbsp;<\/p>\n<p>&nbsp;<\/p>\n<p>&nbsp;<\/p>\n<p>&nbsp;<\/p>\n<p>&nbsp;<\/p>\n<p>[16:18:01] Emil &#8211; Deleet: true<\/p>\n<p>[16:18:06] Tulimafat &#8211; Julius: yes<\/p>\n<p>[16:18:22] Tulimafat &#8211; Julius: det lyder m\u00e5ske lidt ledt, men den er god nok<\/p>\n<p>[16:18:25] Emil &#8211; Deleet: i dit persp\u00e6ktiv er d\u00e6r engen som s\u00f8nder \ud83d\ude1b<\/p>\n<p>[16:18:42] Emil &#8211; Deleet: ov i s\u00e5 fald fort\u00e6ller d\u00e6n d\u00e6r reel engenteng.<\/p>\n<p>[16:18:54] Emil &#8211; Deleet: logisk set \ud83d\ude1b<\/p>\n<p>[16:18:55] Emil &#8211; Deleet: s\u00e5<\/p>\n<p>[16:19:02] Tulimafat &#8211; Julius: np<\/p>\n<p>[16:21:11] Emil &#8211; Deleet: \u2200x\u2200y(Axy\u2192IM(Dxy))<\/p>\n<p>[16:21:57] Emil &#8211; Deleet: alts\u00e5, for env\u00e6r x ov y, ves x s\u00f8nder anderledes end y, s\u00e5 er de impermissible at x d\u00f8mmer y.<\/p>\n<p>[16:22:03] Emil &#8211; Deleet: m\u00e6n<\/p>\n<p>[16:23:24] Emil &#8211; Deleet: siden at:<\/p>\n<p>\u2200x\u2200y(Axy\u2192Sx\u2227Sy)<\/p>\n<p>ov<\/p>\n<p>\u2200x\u00acSx<\/p>\n<p>s\u00e5 f\u00f8ljer de at<\/p>\n<p>\u2200x\u2200y(\u00acAxy)<\/p>\n<p>ov d\u00e6rfor s\u00e5 empliserer relen ek n\u00e5et relevant<\/p>\n<p>[16:23:31] Emil &#8211; Deleet: p\u00e5 dansk<\/p>\n<p>[16:24:26] Emil &#8211; Deleet: \u2200x\u2200y(Axy\u2192Sx\u2227Sy)<\/p>\n<p>for env\u00e6r x ov y, ves x s\u00f8nder anderledes end y, s\u00e5 (x s\u00f8nder ov y s\u00f8nder)<\/p>\n<p>&nbsp;<\/p>\n<p>sand per definisjon, so to speak.<\/p>\n<p>[16:24:54] Emil &#8211; Deleet: \u2200x\u00acSx<\/p>\n<p>for env\u00e6r x, de er ek telf\u00e6ldet, at x s\u00f8nder<\/p>\n<p>mere normalt spr\u00e5v: engen s\u00f8nder<\/p>\n<p>[16:25:24] Emil &#8211; Deleet: ergo:<\/p>\n<p>\u2200x\u2200y(\u00acAxy)<\/p>\n<p>for env\u00e6r x ov y, de er ek telf\u00e6ldet, at x s\u00f8nder anderledes end y<\/p>\n<p>[16:25:54] Emil &#8211; Deleet: alts\u00e5, antesed\u00e6nten i relen er altid falsk, ov d\u00e6rfor kan d\u00e6n ek brues tel n\u00e5et s\u00e6rlit.<\/p>\n<p>[16:25:55] Emil &#8211; Deleet: \ud83d\ude1b<\/p>\n<p>[16:25:57] Emil &#8211; Deleet: dat logic<\/p>\n","protected":false},"excerpt":{"rendered":"<p>Julius s\u00e6nder dette belled: &nbsp; &nbsp; &nbsp; &nbsp; &nbsp; &nbsp; &nbsp; &nbsp; &nbsp; &nbsp; &nbsp; &nbsp; &nbsp; &nbsp; &nbsp; [16:18:01] Emil &#8211; Deleet: true [16:18:06] Tulimafat &#8211; Julius: yes [16:18:22] Tulimafat &#8211; Julius: det lyder m\u00e5ske lidt ledt, men den er god nok [16:18:25] Emil &#8211; Deleet: i dit persp\u00e6ktiv er d\u00e6r engen som s\u00f8nder [&hellip;]<\/p>\n","protected":false},"author":4,"featured_media":0,"comment_status":"open","ping_status":"open","sticky":false,"template":"","format":"standard","meta":{"footnotes":""},"categories":[5,29,9,11],"tags":[],"class_list":["post-2692","post","type-post","status-publish","format-standard","hentry","category-dialoger","category-etik-filosofi","category-humor","category-logik-filosofi"],"_links":{"self":[{"href":"https:\/\/emilkirkegaard.dk\/da\/index.php?rest_route=\/wp\/v2\/posts\/2692","targetHints":{"allow":["GET"]}}],"collection":[{"href":"https:\/\/emilkirkegaard.dk\/da\/index.php?rest_route=\/wp\/v2\/posts"}],"about":[{"href":"https:\/\/emilkirkegaard.dk\/da\/index.php?rest_route=\/wp\/v2\/types\/post"}],"author":[{"embeddable":true,"href":"https:\/\/emilkirkegaard.dk\/da\/index.php?rest_route=\/wp\/v2\/users\/4"}],"replies":[{"embeddable":true,"href":"https:\/\/emilkirkegaard.dk\/da\/index.php?rest_route=%2Fwp%2Fv2%2Fcomments&post=2692"}],"version-history":[{"count":6,"href":"https:\/\/emilkirkegaard.dk\/da\/index.php?rest_route=\/wp\/v2\/posts\/2692\/revisions"}],"predecessor-version":[{"id":2701,"href":"https:\/\/emilkirkegaard.dk\/da\/index.php?rest_route=\/wp\/v2\/posts\/2692\/revisions\/2701"}],"wp:attachment":[{"href":"https:\/\/emilkirkegaard.dk\/da\/index.php?rest_route=%2Fwp%2Fv2%2Fmedia&parent=2692"}],"wp:term":[{"taxonomy":"category","embeddable":true,"href":"https:\/\/emilkirkegaard.dk\/da\/index.php?rest_route=%2Fwp%2Fv2%2Fcategories&post=2692"},{"taxonomy":"post_tag","embeddable":true,"href":"https:\/\/emilkirkegaard.dk\/da\/index.php?rest_route=%2Fwp%2Fv2%2Ftags&post=2692"}],"curies":[{"name":"wp","href":"https:\/\/api.w.org\/{rel}","templated":true}]}}