{"id":2699,"date":"2012-09-29T18:18:07","date_gmt":"2012-09-29T17:18:07","guid":{"rendered":"http:\/\/emilkirkegaard.dk\/da\/?p=2699"},"modified":"2012-09-29T18:18:07","modified_gmt":"2012-09-29T17:18:07","slug":"nyhederkommentarer-29-09-2012","status":"publish","type":"post","link":"https:\/\/emilkirkegaard.dk\/da\/?p=2699","title":{"rendered":"Nyheder+kommentarer 29-09-2012"},"content":{"rendered":"<p><a href=\"http:\/\/www.dr.dk\/Nyheder\/Politik\/2012\/09\/19\/083138.htm\">DF: Enhedslisten inspirerer ekstremister<\/a><\/p>\n<p lang=\"da-DK\">s\u00e6lironi much?<\/p>\n<p lang=\"da-DK\">&#8211;<\/p>\n<p><a href=\"http:\/\/www.dr.dk\/Nyheder\/Indland\/2012\/09\/19\/122531.htm\">Redakt\u00f8r og forsker: Aktivister er frustrerede<\/a><\/p>\n<p lang=\"da-DK\">Jaj kan komme p\u00e5 et par teng: 1) \u00e5rgangene er mendre, 2) de er farliere at demonstrere givet di nye love, 3) folk har de s\u00e5 godt, at di ekke er motiverede nok tel at demonstrere.<\/p>\n<p lang=\"da-DK\">&#8211;<\/p>\n<p><a href=\"http:\/\/www.dr.dk\/Nyheder\/Politik\/2012\/09\/18\/232548.htm?rss=true\">S vil have demokratiet til debat i skolen<\/a><\/p>\n<p><span style=\"color: #800000;\">Socialdemokraterne vil have den demokratiske debat ind p\u00e5 skolerne og ungdomsuddannelserne. Form\u00e5let er, at flere unge skal f\u00f8le sig rustet til at s\u00e6tte krydset ved kommunal- og regionsr\u00e5dvalget n\u00e6ste \u00e5r, siger partiets kommunalordf\u00f8rer <a href=\"http:\/\/www.dr.dk\/info\/politik\/Politiker\/Simon%20Kollerup\/1197\">Simon Kollerup<\/a>.<\/span><\/p>\n<p lang=\"da-DK\">De er \u00e6llers n\u00e6mt nok da&#8230; Di er nok ekke mere r\u00e5stet end di voksne (engen a d\u00e6m ved n\u00e5et om politik).<\/p>\n<p lang=\"da-DK\">\n<p lang=\"da-DK\"><span style=\"color: #800000;\">&#8211; Det er dybt problematisk, at unge p\u00e5 ungdomsuddannelserne ikke f\u00e5r muligheden for at diskutere politik uden for de almindelige valgkampe, siger han.<\/span><\/p>\n<p lang=\"da-DK\"><span style=\"color: #800000;\">Simon Kollerup vil have styrket det, han kalder den frie demokratiske debat.<\/span><\/p>\n<p lang=\"da-DK\"><span style=\"color: #800000;\">&#8211; Al respekt for l\u00e6rere og veletablerede politikere, s\u00e5 er det noget andet at tage debatten ung-til-ung eksempelvis over frokosten, hvor det f\u00f8les ok at stille alle typer sp\u00f8rgsm\u00e5l. Ogs\u00e5 de sp\u00f8rgsm\u00e5l, som man ikke har lyst til at stille foran hele skolen, slutter den socialdemokratiske kommunalordf\u00f8rer.<\/span><\/p>\n<p lang=\"da-DK\">Har han ekke h\u00f8rt om entern\u00e6ttet? H\u00e6r man kan debatere s\u00e5 majet som man vel. Forums er jo opf\u00e5ndet.<\/p>\n<p lang=\"da-DK\">&#8211;<\/p>\n<p><a href=\"http:\/\/www.dr.dk\/Nyheder\/Politik\/2012\/09\/18\/232131.htm?rss=true\">Venstres Ungdom: G\u00f8r Margrethe arbejdsl\u00f8s<\/a><\/p>\n<p lang=\"da-DK\"><span style=\"color: #800000;\">Kongehuset skal afskaffes, lyder det fra VU. Dermed er der kun to ungdomspartier, som fortsat st\u00f8tter monarkiet i dets nuv\u00e6rende form. <\/span><\/p>\n<p lang=\"da-DK\"><span style=\"color: #800000;\">&#8230;<\/span><\/p>\n<p lang=\"da-DK\"><span style=\"color: #800000;\">Alle mennesker er f\u00f8dt lige. Derfor er det uacceptabelt og ikke mindst udemokratisk, at det danske statsoverhoved arver sin position. Kongehuset skal afskaffes.<\/span><\/p>\n<p lang=\"da-DK\"><span style=\"color: #800000;\">Det er holdningen hos Venstres Ungdom efter et netop overst\u00e5et landsst\u00e6vne i weekenden, skriver Berlingske Nyhedsbureau.<\/span><\/p>\n<p lang=\"da-DK\"><span style=\"color: #800000;\">Her besluttede et flertal at de unge politikere, at dronningen skal g\u00f8res arbejdsl\u00f8s\u00a0&#8211; noget, der ellers er blevet diskuteret mange gange, men alts\u00e5 f\u00f8rst endeligt vedtaget nu.<\/span><\/p>\n<p lang=\"da-DK\">Hurra. S\u00e5 slepper vi m\u00e5ske a m\u00e6d parasitterne om&#8230; 30 \u00e5r? Jaj skal g\u00f8re mit tel, at Piratpartiet st\u00f8tter en avskaffelse.<\/p>\n<p lang=\"da-DK\">&#8211;<\/p>\n<p><a href=\"http:\/\/nyhederne.tv2.dk\/article.php\/id-56605387:l\u00e6rerinde-sendte-n\u00f8genfotos-til-drenge.html?rss\">L\u00e6rerinde sendte n\u00f8genfotos til drenge<\/a><\/p>\n<p lang=\"da-DK\">En sj\u00e6lden sa m\u00e6d omv\u00e6ndte k\u00f8nsroller.<\/p>\n<p lang=\"da-DK\">\n<p lang=\"da-DK\"><span style=\"color: #800000;\">Den 27-\u00e5rige l\u00e6rerinde, der er sigtet for at have haft sex med to elever p\u00e5 Himmerlands Ungdomsskole, tog ogs\u00e5 n\u00f8genbilleder af sig selv og sendte dem til de to 16-\u00e5rige drenge.<\/span><\/p>\n<p lang=\"da-DK\"><span style=\"color: #800000;\">&#8230;<\/span><\/p>\n<p lang=\"da-DK\"><span style=\"color: #800000;\">L\u00e6rerinden blev bortvist fra skolen, da sagen kom frem i starten af \u00e5ret. Sagen mod hende er endnu ikke berammet, og det er uafklaret, om anklagemyndigheden g\u00e5r efter at afslutte sagen med en f\u00e6ngselsstraf eller en behandlingsdom p\u00e5 en sexologisk klinik.<\/span><\/p>\n<p lang=\"da-DK\">\nBehandlengsdom&#8230; for vad dov???<\/p>\n<p lang=\"da-DK\">&#8211;<\/p>\n<p><a href=\"http:\/\/ing.dk\/artikel\/132293-rumfartoej-skal-3d-printe-sig-selv-stoerre\">http:\/\/ing.dk\/artikel\/132293-rumfartoej-skal-3d-printe-sig-selv-stoerre<\/a><\/p>\n<p lang=\"da-DK\"><span style=\"color: #800000;\">Et rumfart\u00f8j, der kan bygge sig selv st\u00f8rre, eller en rumstation, der opbygges af materialer fra rumskrot eller asteroider. Det er fremtidsperspektivet i en 3D-printerteknologi, som det amerikanske firma Tethers Unlimited Inc. har f\u00e5et 600.000 kroner i st\u00f8tte fra Nasas Innovative Advanced Concepts-program til at udvikle. <\/span><\/p>\n<p lang=\"da-DK\">&#8211;<\/p>\n<p><a href=\"http:\/\/www.version2.dk\/artikel\/ingen-dokumenteret-effekt-skoler-koeber-ipads-i-blinde-millioner-47792\">http:\/\/www.version2.dk\/artikel\/ingen-dokumenteret-effekt-skoler-koeber-ipads-i-blinde-millioner-47792<\/a><\/p>\n<p lang=\"da-DK\"><span style=\"color: #800000;\">Folkeskolens it-historik viser, at udbredelsen af iPads i undervisningen p\u00e5 ingen m\u00e5de kan kaldes en revolution. Faktisk er der intet, som antyder, at Apples tablet vil \u00e6ndre noget som helst, mener forsker. <\/span><\/p>\n<p lang=\"da-DK\">&#8211;<\/p>\n<p><a href=\"http:\/\/www.version2.dk\/artikel\/ny-analyse-her-er-verdens-mest-sjaeldne-pinkode-47784\">http:\/\/www.version2.dk\/artikel\/ny-analyse-her-er-verdens-mest-sjaeldne-pinkode-47784<\/a><\/p>\n<p lang=\"da-DK\">&#8211;<\/p>\n<p lang=\"da-DK\">Videnskabelige argumenter preller af p\u00e5 \u00f8kologibev\u00e6gelsen<\/p>\n<p><a href=\"http:\/\/www.information.dk\/311289\">http:\/\/www.information.dk\/311289<\/a><\/p>\n<p lang=\"da-DK\">&#8211;<\/p>\n<p><a href=\"http:\/\/www.180grader.dk\/Politik\/mger-indfrer-helt-vanvittigt-bureaukrati-s-folk-kan-stikke-selvstaendige-erhvervsdrivende\">http:\/\/www.180grader.dk\/Politik\/mger-indfrer-helt-vanvittigt-bureaukrati-s-folk-kan-stikke-selvstaendige-erhvervsdrivende<\/a><\/p>\n<p lang=\"da-DK\">&#8211;<\/p>\n<p><a href=\"http:\/\/www.180grader.dk\/Oekonomi\/vi-sparer-milliarder-p-kopimedicin-nationalt-www-b-dk\">http:\/\/www.180grader.dk\/Oekonomi\/vi-sparer-milliarder-p-kopimedicin-nationalt-www-b-dk<\/a><\/p>\n<p lang=\"da-DK\">kul. m\u00e5ske man skulle pr\u00f8ve uden pat\u00e6nter?<\/p>\n<p lang=\"da-DK\">&#8211;<\/p>\n<p><a href=\"http:\/\/podia.dk\/site\/artikler\/1sektion\/artikel-politik\/326153-tabuet-kernekraft\">http:\/\/podia.dk\/site\/artikler\/1sektion\/artikel-politik\/326153-tabuet-kernekraft<\/a><\/p>\n<p lang=\"da-DK\">atomkraft, ja tak!<\/p>\n<p lang=\"da-DK\">&#8211;<\/p>\n<p><a href=\"http:\/\/www.b.dk\/kommentarer\/hvem-har-brug-for-folkesocialisme\">http:\/\/www.b.dk\/kommentarer\/hvem-har-brug-for-folkesocialisme<\/a><\/p>\n<p lang=\"da-DK\">Man blir altid ledt sk\u00e6ptisk n\u00e5r man l\u00e6ser folk som giver saj s\u00e6l titlen \u201cfilosof\u201d, m\u00e6n jaj synes, at hun klarede de ret fint.<\/p>\n<p lang=\"da-DK\">&#8211;<\/p>\n<p><a href=\"http:\/\/politiken.dk\/udland\/ECE1759711\/iransk-kvinde-slaar-formanende-imam-i-jorden\/\">http:\/\/politiken.dk\/udland\/ECE1759711\/iransk-kvinde-slaar-formanende-imam-i-jorden\/<\/a><\/p>\n<p lang=\"da-DK\"><span style=\"color: #800000;\">Overfaldet kostede imamen tre dage p\u00e5 hospitalet. Alligevel har han ikke meldt kvinden til politiet. Han understreger dog, at han ikke har noget imod, at sagen bliver unders\u00f8gt, \u00bbs\u00e5 l\u00e6nge det fremmer islamisk hijab (tild\u00e6kning, red.)\u00ab. <\/span><\/p>\n<p lang=\"da-DK\">S\u00e5dan var de nok ekke g\u00e5et ves k\u00f8nnene var byttet om.<\/p>\n<p lang=\"da-DK\">&#8211;<\/p>\n<p><a href=\"http:\/\/www.information.dk\/311721\">http:\/\/www.information.dk\/311721<\/a><\/p>\n<p lang=\"da-DK\">&#8211;<\/p>\n<p><a href=\"https:\/\/da.wikipedia.org\/wiki\/Wikipedia:Wikipedia_for_kvinder\">https:\/\/da.wikipedia.org\/wiki\/Wikipedia:Wikipedia_for_kvinder<\/a><\/p>\n<p>De liner p\u00e6nt majet EU fail kampanje <em>Science: It&#8217;s a girl thing!<\/em> &#8211; <a href=\"http:\/\/science-girl-thing.eu\/\">http:\/\/science-girl-thing.eu\/<\/a> &#8211; <a href=\"https:\/\/www.youtube.com\/watch?v=g032MPrSjFA\">https:\/\/www.youtube.com\/watch?v=g032MPrSjFA<\/a><\/p>\n<p lang=\"da-DK\">&#8211;<\/p>\n<p><a href=\"http:\/\/www.dr.dk\/Nyheder\/Kultur\/2012\/09\/25\/130852.htm?rss=true\">Tintin boykottet i Sverige: Skadelig for b\u00f8rn<\/a><\/p>\n<p lang=\"da-DK\"><span style=\"color: #800000;\">Den verdenskendte tegneseriehelt Tintin kan v\u00e6re skadelig for b\u00f8rn. Det mener man i hvert fald p\u00e5 biblioteket i Kulturhuset i Stockholm.<\/span><\/p>\n<p lang=\"da-DK\"><span style=\"color: #800000;\">Her skal b\u00f8rn nu ikke l\u00e6ngere uds\u00e6ttes for tegneseriefiguren, og derfor er samtlige Tintin-album fjernet fra hylderne &#8211; for menneskesynet i b\u00f8gerne er b\u00e5de racistisk og sexcistisk, og d\u00e9t kan p\u00e5virke b\u00f8rnene, er holdningen.<\/span><\/p>\n<p lang=\"da-DK\"><span style=\"color: #800000;\">If\u00f8lge lederen af kulturhusets b\u00f8rne- og ungeafdeling giver Tintin-b\u00f8gerne et alt for stereotypt billede af andre befolkningsgrupper, hvor afrikanerne har bananer p\u00e5 hovedet og folk fra Mellem\u00f8sten sidder p\u00e5 flyvende t\u00e6pper.<\/span><\/p>\n<p lang=\"da-DK\"><span style=\"color: #800000;\">Tintin har f\u00f8r v\u00e6ret under angreb: Sidste \u00e5r fors\u00f8gte en congolesisk mand &#8211; uden held &#8211; at f\u00e5 forbudt albummet &#8220;Tintin i Congo&#8221; ved en domstol i Belgien.<\/span><\/p>\n<p lang=\"da-DK\">&#8211;<\/p>\n<p><a href=\"http:\/\/www.dr.dk\/Nyheder\/Kultur\/2012\/09\/25\/132301.htm?rss=true\">Svensk bibliotek i kovending: Tintin f\u00e5r lov at blive<\/a><\/p>\n<p lang=\"da-DK\"><span style=\"color: #800000;\">&#8211; Det er rigtigt. Det billede, Tintin-b\u00f8gerne giver af afrikanere, er afrofobisk. Afrikanere er lidt dumme, mens arabere sidder p\u00e5 flyvende t\u00e6pper, og tyrkere ryger p\u00e5 vandpiber, mente Behrang Miri, der er leder for ungdomsaktiviteter i Kulturhuset.<\/span><\/p>\n<p lang=\"da-DK\"><span style=\"color: #800000;\">Men han siger nu til Sveriges Radio, at han er blevet misforst\u00e5et. Han og hans chef ville bare starte en debat om tegneserien.<\/span><\/p>\n<p lang=\"da-DK\"><span style=\"color: #800000;\">&#8211; Jeg ville skabe en debat om diskrimineringssp\u00f8rgsm\u00e5l, men jeg indser nu, at det var en fejl at udelukke litteratur, siger han.<\/span><\/p>\n<p lang=\"da-DK\">\n<p lang=\"da-DK\">Nu er afrikanere jo osse rimeli d\u00e5mme, s\u00e5\u00e5?<\/p>\n<p lang=\"da-DK\">\n<p>Sjurnalisterne stryr om saj m\u00e6d fancy ord. Di pr\u00f8vede b\u00e5de \u201csexcistisk\u201d og \u201c<strong>Empirialistisk\u201d og stavede majet fint b\u00e6gge to forkerte. F\u00f8rste fajl m\u00e5 sies, at komme fra ordet \u201cfascisme\u201d m\u00e6d et st\u00e5mt C. Andet fajl skyldes at en majet stor del a ord m\u00e6d udtalen [e] skrives m\u00e6d I.<\/strong><\/p>\n<p><strong>&#8211;<\/strong><\/p>\n<p><strong><a href=\"http:\/\/www.dr.dk\/Nyheder\/Indland\/2012\/09\/25\/075739.htm?rss=true\">S\u00e6dbank: Der er fuldst\u00e6ndig kaos i lovgivningen<\/a><\/strong><\/p>\n<p><strong><span style=\"color: #800000;\">Den 1. oktober m\u00e5 en s\u00e6ddonor g\u00f8re 12 danske kvinder gravide modsat i dag, hvor tallet er 25.<\/span><\/strong><\/p>\n<p lang=\"da-DK\"><span style=\"color: #800000;\">I Sverige er der omvendt\u00a0ikke noget loft p\u00e5, hvor mange kvinder, der m\u00e5 blive gravide med den samme donor. Dermed kan den samme mand g\u00f8re 12 danske kvinder gravide og &#8211; ja &#8211; rimelig mange svenske.<\/span><\/p>\n<p lang=\"da-DK\"><span style=\"color: #800000;\">Omr\u00e5det er pr\u00e6get af en kaotisk lovgivning, mener s\u00e6dbanken Cryos. Der er den ene af to s\u00e6dbanker herhjemme.<\/span><\/p>\n<p lang=\"da-DK\"><span style=\"color: #800000;\">&#8211; Det virker helt ude i hampen at s\u00e6tte nationale regler, n\u00e5r folk krydser gr\u00e6nser, siger direkt\u00f8r i Cryos, Ole Schou til DR Nyheder.<\/span><\/p>\n<p><strong><span style=\"color: #800000;\">&#8230;<\/span><\/strong><\/p>\n<p><strong><span style=\"color: #800000;\">Tal viser nemlig, at kvinder er parate til at rejse til et andet land for at blive gravide.<\/span><\/strong><\/p>\n<p lang=\"da-DK\"><span style=\"color: #800000;\">Svenske kvinder kommer i stor stil til Danmark, fordi man i hjemlandet ikke har mulighed for at v\u00e6re anonym som s\u00e6ddonor. Det betyder, at der er stor mangel p\u00e5 donorere og h\u00f8j eftersp\u00f8rgsel, med ventelister p\u00e5 op til fem \u00e5r.<\/span><\/p>\n<p lang=\"da-DK\"><span style=\"color: #800000;\">I Danmark er det omvendt muligt at v\u00e6re anonym som s\u00e6ddonor.<\/span><\/p>\n<p lang=\"da-DK\"><span style=\"color: #800000;\">Formanden for Dansk Fertilitetsselskab, Karin Erb, kan dog ikke se noget problem i de nationale regler.<\/span><\/p>\n<p lang=\"da-DK\"><span style=\"color: #800000;\"><strong>&#8211;\u00a0Man kan synes, at det er forf\u00e6rdeligt, at Sverige har en anden lov, men det er\u00a0svenskernes eget valg, og det kan vi andre da ikke kritisere, siger hun til DR Nyheder.<\/strong><\/span><\/p>\n<p><strong>vad er d\u00e6r galt m\u00e6d hende d\u00e6r? Relativisme -.-<\/strong><\/p>\n<p><strong>&#8211;<\/strong><\/p>\n<p><strong><a href=\"http:\/\/www.180grader.dk\/Leder\/kvinder-og-karriere-og-en-mand-og-en-mand\">http:\/\/www.180grader.dk\/Leder\/kvinder-og-karriere-og-en-mand-og-en-mand<\/a><\/strong><\/p>\n<p><strong>Retard politikere. De er da utrolit at vi ekke har sverie-linende telstande allerede.<\/strong><\/p>\n<p><strong>&#8211;<\/strong><\/p>\n<p><strong><a href=\"http:\/\/www.180grader.dk\/Politik\/en-aarhus-universitet-plumrdden\">http:\/\/www.180grader.dk\/Politik\/en-aarhus-universitet-plumrdden<\/a><\/strong><\/p>\n<p><strong>Tja. Jaj husker osse Nyborg saen ret tydelit. Man har \u00e5benbart ansat noen politisk korrekte dommere som ledere p\u00e5 universit\u00e9tet. Se osse min kommentar ende p\u00e5 sappho.dk.<\/strong><\/p>\n<p><strong>&#8211;<\/strong><\/p>\n<p>&nbsp;<\/p>\n","protected":false},"excerpt":{"rendered":"<p>DF: Enhedslisten inspirerer ekstremister s\u00e6lironi much? &#8211; Redakt\u00f8r og forsker: Aktivister er frustrerede Jaj kan komme p\u00e5 et par teng: 1) \u00e5rgangene er mendre, 2) de er farliere at demonstrere givet di nye love, 3) folk har de s\u00e5 godt, at di ekke er motiverede nok tel at demonstrere. &#8211; S vil have demokratiet til [&hellip;]<\/p>\n","protected":false},"author":4,"featured_media":0,"comment_status":"open","ping_status":"open","sticky":false,"template":"","format":"standard","meta":{"footnotes":""},"categories":[1],"tags":[],"class_list":["post-2699","post","type-post","status-publish","format-standard","hentry","category-uncategorized"],"_links":{"self":[{"href":"https:\/\/emilkirkegaard.dk\/da\/index.php?rest_route=\/wp\/v2\/posts\/2699","targetHints":{"allow":["GET"]}}],"collection":[{"href":"https:\/\/emilkirkegaard.dk\/da\/index.php?rest_route=\/wp\/v2\/posts"}],"about":[{"href":"https:\/\/emilkirkegaard.dk\/da\/index.php?rest_route=\/wp\/v2\/types\/post"}],"author":[{"embeddable":true,"href":"https:\/\/emilkirkegaard.dk\/da\/index.php?rest_route=\/wp\/v2\/users\/4"}],"replies":[{"embeddable":true,"href":"https:\/\/emilkirkegaard.dk\/da\/index.php?rest_route=%2Fwp%2Fv2%2Fcomments&post=2699"}],"version-history":[{"count":1,"href":"https:\/\/emilkirkegaard.dk\/da\/index.php?rest_route=\/wp\/v2\/posts\/2699\/revisions"}],"predecessor-version":[{"id":2700,"href":"https:\/\/emilkirkegaard.dk\/da\/index.php?rest_route=\/wp\/v2\/posts\/2699\/revisions\/2700"}],"wp:attachment":[{"href":"https:\/\/emilkirkegaard.dk\/da\/index.php?rest_route=%2Fwp%2Fv2%2Fmedia&parent=2699"}],"wp:term":[{"taxonomy":"category","embeddable":true,"href":"https:\/\/emilkirkegaard.dk\/da\/index.php?rest_route=%2Fwp%2Fv2%2Fcategories&post=2699"},{"taxonomy":"post_tag","embeddable":true,"href":"https:\/\/emilkirkegaard.dk\/da\/index.php?rest_route=%2Fwp%2Fv2%2Ftags&post=2699"}],"curies":[{"name":"wp","href":"https:\/\/api.w.org\/{rel}","templated":true}]}}