{"id":2715,"date":"2012-10-15T02:25:25","date_gmt":"2012-10-15T01:25:25","guid":{"rendered":"http:\/\/emilkirkegaard.dk\/da\/?p=2715"},"modified":"2012-10-15T02:25:47","modified_gmt":"2012-10-15T01:25:47","slug":"nyhederkommentarer-15-10-2012","status":"publish","type":"post","link":"https:\/\/emilkirkegaard.dk\/da\/?p=2715","title":{"rendered":"Nyheder+kommentarer 15-10-2012"},"content":{"rendered":"<p><a href=\"http:\/\/www.dr.dk\/Nyheder\/Indland\/2012\/10\/01\/172651.htm?rss=true\">Se liste og kort: Her er de nye ghettoer<\/a><\/p>\n<p>Alts\u00e5, de er h\u00e6r man ekke skal bo. N\u00e5r danskere l\u00e6ser dette, s\u00e5 er de pr\u00e6sis vad di har t\u00e6nkt saj at g\u00f8re.<\/p>\n<p>&#8211;<\/p>\n<p><a href=\"http:\/\/www.legaliser.nu\/hjernedopingen_kommer\">http:\/\/www.legaliser.nu\/hjernedopingen_kommer<\/a><\/p>\n<p>&#8211;<\/p>\n<p><a href=\"http:\/\/nyhederne.tv2.dk\/article.php\/id-58053630:jeg-t\u00f8r-ikke-at-tage-chancen-med-mine-b\u00f8rn.html?rss\">http:\/\/nyhederne.tv2.dk\/article.php\/id-58053630:jeg-t%C3%B8r-ikke-at-tage-chancen-med-mine-b%C3%B8rn.html?rss<\/a><\/p>\n<p><span style=\"color: #800000;\">For\u00e6ldrene p\u00e5 en folkeskole i Vejle sl\u00e5r nu alarm, fordi antallet af to-sprogede elever vokser. Det f\u00e5r mange til at v\u00e6lge skolen, som er placeret mellem et parcelhuskvarter og et alment boligbyggeri, fra. Og det p\u00e5 trods af, at skolens elever klarer sig fagligt godt.<\/span><\/p>\n<p>&nbsp;<\/p>\n<p><span style=\"color: #800000;\">Gruppen af for\u00e6ldre p\u00e5 N\u00f8rremarkskolen i Vejle er blevet bekymrede over, at over halvdelen af eleverne p\u00e5 skolen er to-sprogede. I den nye 0. \u00e5rgang g\u00e6lder det for 71 procent af eleverne. Det vil sige at fire ud af fem for\u00e6ldre fra parcelhuskvarteret har valgt at deres b\u00f8rn skal g\u00e5 p\u00e5 en anden skole.<\/span><\/p>\n<p>&nbsp;<\/p>\n<p>forudsielit.<\/p>\n<p>&#8211;<\/p>\n<p><a href=\"http:\/\/nyhederne.tv2.dk\/article.php\/id-58044132:ikea-undskylder-censur-af-kvinder.html?rss\">http:\/\/nyhederne.tv2.dk\/article.php\/id-58044132:ikea-undskylder-censur-af-kvinder.html?rss<\/a><\/p>\n<p><span style=\"color: #800000;\">Ikeas katalog for 2013 viser glade og k\u00f8belystne familier med b\u00e5de kvinder og m\u00e6nd.<\/span><\/p>\n<p>&nbsp;<\/p>\n<p><span style=\"color: #800000;\">Men ikke i muslimske Saudi-Arabien, hvor kvinder ikke er ligev\u00e6rdige med m\u00e6nd. Her er kataloget renset for kvinder. Kvinderne er sporl\u00f8st forsvundet.<\/span><\/p>\n<p>&nbsp;<\/p>\n<p><span style=\"color: #800000;\">Det beklager Ikea nu.<\/span><\/p>\n<p>&nbsp;<\/p>\n<p><span style=\"color: #800000;\">I en mail fra Ikea til MetroXpress.dk lyder det:<\/span><\/p>\n<p>&nbsp;<\/p>\n<p><span style=\"color: #800000;\">&#8220;Som producent af kataloget beklager vi denne situation. Vi burde have indset, at det at udelukke kvinder fra den saudiarabiske version af kataloget er i konflikt med Ikea koncernens v\u00e6rdier.&#8221;<\/span><\/p>\n<p>&nbsp;<\/p>\n<p>Derp<\/p>\n<p>&#8211;<\/p>\n<p><a href=\"http:\/\/www.b.dk\/nationalt\/borgmestre-kraever-opgoer-med-ghetto-begreb\">http:\/\/www.b.dk\/nationalt\/borgmestre-kraever-opgoer-med-ghetto-begreb<\/a><\/p>\n<p><span style=\"color: #800000;\">Overborgmester Frank Jensen (S) fra K\u00f8benhavn og borgmester Jakob Bundsgaard (S) fra Aarhus mener begge, at tiden er inde til et opg\u00f8r med ghettoerne.<\/span><\/p>\n<p><span style=\"color: #800000;\">&#8211; Jeg s\u00e5 helst, at man slet ikke brugte ghetto-betegnelsen. Det er et levn fra VKO-tiden. Man stempler nogle byomr\u00e5der, som man ellers gerne vil have ressourcest\u00e6rke beboere til at flytte til, siger Frank Jensen i en pressemeddelelse.<\/span><\/p>\n<p>[23:26:03] Emil &#8211; Deleet: alts\u00e5<\/p>\n<p>[23:26:19] Emil &#8211; Deleet: han vel gerne telbaeholde relevant enformasjon fra danskere, s\u00e5ledes at di laver d\u00e5rlie val n\u00e5r di skal fl\u00f8tte.<\/p>\n<p>[23:26:20] Emil &#8211; Deleet: ?!<\/p>\n<p>&nbsp;<\/p>\n<p><span style=\"color: #800000;\">Et boligomr\u00e5de havner p\u00e5 ghetto-listen, hvis det har en s\u00e6rlig h\u00f8j andel af nydanskere med ikke-vestlig baggrund, arbejdsl\u00f8se og kriminelle beboere. If\u00f8lge Carsten Hansen b\u00f8r kriterierne for ghetto-listen \u00e6ndres, <strong>\u00bbs\u00e5 de i h\u00f8jere grad kan s\u00e6tte retning for den samlede indsats\u00ab<\/strong>, og den holdning st\u00f8tter Jakob Bundsgaard.<\/span><\/p>\n<p>&nbsp;<\/p>\n<p><a href=\"http:\/\/iichan.hk\/vn\/src\/1329307262600.jpg\">http:\/\/iichan.hk\/vn\/src\/1329307262600.jpg<\/a><\/p>\n<p>&nbsp;<\/p>\n<p><span style=\"color: #800000;\">&#8211; I dag er andelen af indvandrere og efterkommere et af kriterierne, og det siger jo ikke i sig selv noget om den sociale udvikling. Derfor er der brug for at supplere med mere dynamiske kriterier, som i h\u00f8jere grad afspejler den aktuelle udvikling i de p\u00e5g\u00e6ldende boligomr\u00e5der, udtaler han.<\/span><\/p>\n<p><span style=\"color: #800000;\">Frank Jensen er enig.<\/span><\/p>\n<p><span style=\"color: #800000;\">&#8211; Det etniske kriterium er ikke konstruktivt. Kommunen kan jo ikke \u00e6ndre p\u00e5 folks etnicitet. Det kan den enkelte borger heller ikke selv. Det siger ikke noget om et boligomr\u00e5de, om der for eksempel bor vietnamesiske b\u00e5dflygtninge. Det afh\u00e6nger jo af, om de er i arbejde og er velfungerende, siger han.<\/span><\/p>\n<p>&nbsp;<\/p>\n<p>Di to andre kriterier viser om dette er telf\u00e6ldet \u00e6ller aj. En g\u00e6tto er s\u00e5dan set bare en tvivlsom bydel som befolkes a endvandre. For min skyld kunne man godt have et term for en tvivlsom bydel som befolkes a v\u00e6m som h\u00e6lst. De ville v\u00e6re sp\u00e6ndende at se vor mange tvivlsomme bydele som fendes, som befolkes a &gt;90% \u00e6tnisk danskere.<\/p>\n<p>&nbsp;<\/p>\n<p>&#8211;<\/p>\n<p><a href=\"http:\/\/www.information.dk\/312499\">http:\/\/www.information.dk\/312499<\/a><\/p>\n<p><span style=\"color: #800000;\">Hvorfor er det helt ok med bed\u00f8velse hos tandl\u00e6gen, men ikke ved en f\u00f8dsel? Svaret ligger i en kombination af lighedskultur \u2013 alle skal have ondt p\u00e5 samme m\u00e5de \u2013 og en st\u00e6rk branche, der styrer festen: jordem\u00f8drene<\/span><\/p>\n<p><span style=\"color: #800000;\">&#8230;<\/span><\/p>\n<p><span style=\"color: #800000;\">Den st\u00f8rste forskel p\u00e5 Danmark og de andre lande er ubetinget holdningen til smertelindring under f\u00f8dslen. Kort sagt er det mest velset i Danmark, at man indskriver sig til en s\u00e5kaldt \u2019naturlig f\u00f8dsel\u2019 akkompagneret af s\u00e5 f\u00e5 smertestillende indgreb eller s\u00e5 lidt medicin som muligt. Tilsvarende er det jordemoderen, der er i f\u00f8rers\u00e6det. P\u00e5 n\u00e6r et par l\u00e6gebes\u00f8g er det s\u00e5dan, at jordemoderen og senere sundhedsplejersken styrer \u2013 naturligvis sammen med den gravide kvinde selv, eftersom man helst ser st\u00e6rke og selvst\u00e6ndige kvinder blive m\u00f8dre, s\u00e5dan p\u00e5\u00a0vikingem\u00e5den.<\/span><\/p>\n<p><span style=\"color: #800000;\">&#8230;<\/span><\/p>\n<p><span style=\"color: #800000;\">Det undrede jeg mig over i sin tid i Paris, hvor 95 pct. af samtlige f\u00f8dsler p\u00e5 det hospital, jeg var tilknyttet, foregik med rygmarvsbed\u00f8velse \u2013 epiduralblokade. \u00bbDet er middelklassen, som f\u00f8der her, og den bryder sig ikke om at lide,\u00ab l\u00f8d det kontante svar fra l\u00e6gen. Oh, hvor anderledes i Danmark, hvor man skal ned p\u00e5 sine gr\u00e6dende kn\u00e6 (eller v\u00e6re medlem af Kongehuset) for at f\u00e5 tildelt en s\u00e5dan bed\u00f8velse. Heller ikke i Storbritannien er det bare noget man kan regne med. Her har man udtrykket <\/span><em><span style=\"color: #800000;\">too posh to push<\/span><\/em><span style=\"color: #800000;\"> \u2013 alts\u00e5, at man \u00e5benbart er for fin til at g\u00f8re arbejdet selv. Ikke en eneste af mine n\u00e6re danske veninder har bedt om, eller f\u00e5et, epiduralblokade, om end et par stykker er endt med kejsersnit, men det er jo en anden sag. P\u00e5 samme facon efter f\u00f8dslen, hvor man skal forhandle med personalet i det danske om en Panodil, mens man i Frankrig fyldes med alt fra vitaminpiller og smertestillende til bet\u00e6ndelsesh\u00e6mmende medicin. Hvad er\u00a0forklaringen?<\/span><\/p>\n<p>&nbsp;<\/p>\n<p>D\u00e5m praksis?<\/p>\n<p>&#8211;<\/p>\n<p><a href=\"http:\/\/www.bt.dk\/udland\/laerer-stak-af-med-15-aarig-nu-vil-hans-kone-skilles\">http:\/\/www.bt.dk\/udland\/laerer-stak-af-med-15-aarig-nu-vil-hans-kone-skilles<\/a><\/p>\n<p>disse historier er altid entrasante IMO<\/p>\n<p>&#8211;<\/p>\n<p><a href=\"http:\/\/www.180grader.dk\/Politik\/mchangama-totalkontroller-endnu-en-styrkelse-af-den-generelle-personlige-frihed\">http:\/\/www.180grader.dk\/Politik\/mchangama-totalkontroller-endnu-en-styrkelse-af-den-generelle-personlige-frihed<\/a><\/p>\n<p><a href=\"http:\/\/mchangama.blogs.berlingske.dk\/2012\/10\/01\/totalkontroller-endnu-en-styrkelse-af-den-generelle-personlige-frihed\/\">http:\/\/mchangama.blogs.berlingske.dk\/2012\/10\/01\/totalkontroller-endnu-en-styrkelse-af-den-generelle-personlige-frihed\/<\/a><\/p>\n<p>En vegti artikel mht. frihed ov Danmarks fork\u00e9rte skridt v\u00e6k fra dette.<\/p>\n<p>&#8211;<\/p>\n<p><a href=\"http:\/\/www.180grader.dk\/Politik\/kernekraft-hvad-ellers\">http:\/\/www.180grader.dk\/Politik\/kernekraft-hvad-ellers<\/a><\/p>\n<p>Ja, vad \u00e6llers? Atomkraft ftw.<\/p>\n<p>&#8211;<\/p>\n<p><a href=\"http:\/\/denkorteavis.dk\/2012\/25559\/\">http:\/\/denkorteavis.dk\/2012\/25559\/<\/a><\/p>\n<p>Endvandre er dyre for samf\u00e5ndet, i vert fald ves man ser p\u00e5 flertallet a d\u00e6m. Se osse: <a href=\"http:\/\/dispatch-international.com\/content\/western-countries-get-dumber-day\">http:\/\/dispatch-international.com\/content\/western-countries-get-dumber-day<\/a><\/p>\n<p>&#8211;<\/p>\n<p><a href=\"http:\/\/www.b.dk\/politiko\/la-vil-lukke-lukkeloven-helt\">http:\/\/www.b.dk\/politiko\/la-vil-lukke-lukkeloven-helt<\/a><\/p>\n<p><span style=\"color: #800000;\">Den nye lukkelov, der tr\u00e6der i kraft mandag, lemper butikkernes \u00e5bningstider s\u00e5 meget, at man liges\u00e5 godt kan afskaffe den helt, mener Liberal Alliance.<\/span><\/p>\n<p>Jaj tror at hun mente de modsatte. At l\u00e6mpe er at begr\u00e6nse n\u00e5et. Alts\u00e5, at begr\u00e6nse butikkernes \u00e5bnengstider. Hun mente nok \u201cs\u00e5 ledt\u201d i st\u00e6det for \u201cs\u00e5 majet\u201d.<\/p>\n<p>&nbsp;<\/p>\n<p><span style=\"color: #800000;\">&#8211; I praksis er der ikke nogen lukkelov at afskaffe &#8211; det er en helligdagslovgivning, og den b\u00f8r stadig g\u00e6lde. Det er fint med en lovgivning, der beskytter de ansatte i butikkerne, s\u00e5 vi kan s\u00f8rge for, at der er nogle faste dage om \u00e5ret, hvor de kan holde fri og v\u00e6re sammen med deres familier. Det tror jeg, vi alle sammen er interesserede i, siger han.<\/span><\/p>\n<p>&nbsp;<\/p>\n<p>De virker ekke n\u00f8dv\u00e6ndit m\u00e6d en lovgivneng tel at besk\u00f8tte arbajderne. Kan di ekke bare forhandle saj tel de? D\u00e6r er jo utvivlsomt noen som gerne vel handle ov arbajde p\u00e5 h\u00e6llidaene. Vorfor fjerne deres frihed tel at g\u00f8re dette?<\/p>\n<p>&#8211;<\/p>\n<p><a href=\"http:\/\/www.180grader.dk\/Rejser\/egen-k-for-maend-sexistisk-opdeling-varede-kun-en-uge\">http:\/\/www.180grader.dk\/Rejser\/egen-k-for-maend-sexistisk-opdeling-varede-kun-en-uge<\/a><\/p>\n<p>&#8211;<\/p>\n<p><a href=\"http:\/\/www.information.dk\/312684\">Den danske model er topambiti\u00f8s<\/a><\/p>\n<p><span style=\"color: #800000;\">Vi skal have flere kvinder toppen af danske virksomheder. I dag g\u00e5r vi glip af talent, potentiale og ressourcer ved at udelukke kvinder fra erhvervslivets top. Derfor har regeringen spillet ud med en ny model for flere kvinder i ledelse og bestyrelser, og inden l\u00e6nge bliver modellen omsat til\u00a0lovgivning.<\/span><\/p>\n<p>&nbsp;<\/p>\n<p>Manu Sareen blir ved m\u00e6d sit sludder. Samme skrammel ig\u00e6n ov ig\u00e6n. H\u00e6ldivis s\u00e5 holder di saj fra kvoter, s\u00e5 deres handlenger f\u00e5r nok ekke s\u00e5 stor en eff\u00e6kt. Dette er jo kun godt!<\/p>\n<p>&#8211;<\/p>\n<p><a href=\"http:\/\/www.information.dk\/312658\">Udenrigsministeriets forstokkede k\u00f8nspolitik<\/a><\/p>\n<p><span style=\"color: #800000;\">Jeg lagde f\u00f8rst m\u00e6rke til det, da jeg var i praktik p\u00e5 en ambassade i Asien sidste \u00e5r. P\u00e5 v\u00e6ggen udenfor mit kontor hang portr\u00e6tter af alle de tidligere ambassad\u00f8rer. Et fint herreselskab og tydeligvis en loge, hvor ingen kvinde havde sat sin fod.\u00a0Her til morgen bes\u00f8gte jeg samtlige danske repr\u00e6sentationers hjemmesider for at se, om det mon bare var tilf\u00e6ldigt \u2013 om der mon tegner sig et andet billede i \u00e5r 2012.\u00a0\u00a0Ud af 73 ambassad\u00f8rer var 59 m\u00e6nd og 14 kvinder, i procent cirka 81% m\u00e6nd overfor 19% kvinder. Det er bare ikke godt\u00a0nok.<\/span><\/p>\n<p>&nbsp;<\/p>\n<p>Jaj t\u00e6nker, at hun l\u00e6ser n\u00e5et humaniora. S\u00e5 jaj googlede ledt omkreng. De ser ud tel at v\u00e6re hende h\u00e6r. <a href=\"http:\/\/dk.linkedin.com\/in\/annerosas\">http:\/\/dk.linkedin.com\/in\/annerosas<\/a> L\u00e6ser PR og kommunikasjon p\u00e5 KU.<\/p>\n<p>&#8211;<\/p>\n<p><a href=\"http:\/\/epn.dk\/brancher\/detail\/article4859016.ece\">Nu laver Fakta gr\u00e6nsebutikker <\/a><\/p>\n<p>\u00c5benlys konsekv\u00e6ns a alle di avgifter. De blir kun v\u00e6rre i fremtiden endtel, at man s\u00e6tter priserne ned.<\/p>\n<p>&#8211;<\/p>\n<p><a href=\"http:\/\/www.180grader.dk\/Leder\/danmark-lavt-uddannelsesniveau-lav-opbakning-til-hrdt-arbejde\">http:\/\/www.180grader.dk\/Leder\/danmark-lavt-uddannelsesniveau-lav-opbakning-til-hrdt-arbejde<\/a><\/p>\n<p>wtf<\/p>\n<p><a href=\"http:\/\/www.b.dk\/globalt\/her-bor-verdens-bedst-uddannede\">http:\/\/www.b.dk\/globalt\/her-bor-verdens-bedst-uddannede<\/a><\/p>\n<p>mere om samme<\/p>\n<p>&#8211;<\/p>\n<p><a href=\"http:\/\/jyllands-posten.dk\/indland\/kbh\/article4858879.ece\">Forsker: Nydanske sofav\u00e6lgere et &#8220;k\u00e6mpe problem&#8221; <\/a><\/p>\n<p>Jaj ville da mere sie, at de er h\u00e6ldit at di ekke st\u00e6mmer. Di ved jo tydelivis ekke s\u00e5 majet om Danmark, ov desuden ville di formentlit st\u00e6mme p\u00e5 partier som k\u00f8rer landet i s\u00e6nk &#8211; dvs. alt andet end DF ov LA, m\u00e6n nok typisk n\u00e5et r\u00f8dt. Disse partier er jo positivt endstellet overfor endvandrengen.<\/p>\n<p>&nbsp;<\/p>\n<p><span style=\"color: #800000;\">&#8220;Da jeg var barn, tog min far mig med op og stemme, n\u00e5r der var valg &#8211; og det var der mange gange i halvfjerdserne. Vi fulgte med i valgene, og vi sad hele natten og s\u00e5, n\u00e5r resultaterne kom ind. Og p\u00e5 den m\u00e5de l\u00e6rer man jo en politisk kultur. Og jeg opfordrer alle for\u00e6ldre &#8211; nydanske og gammeldanske &#8211; til at fort\u00e6lle deres b\u00f8rn om demokratiet, s\u00e5 vi kan forts\u00e6tte med at have en h\u00f8j stemmeprocent, siger statsministeren.<\/span><\/p>\n<p>&nbsp;<\/p>\n<p>De lyder mere som om, at statsministeren er mere entraseret i at have en h\u00f8j st\u00e6mmepros\u00e6nt. Mulivis fordi, at s\u00e5 ser de godt ud i di raporter som vurd\u00e9rer vor godt demokratiet virker i et givet land.<\/p>\n<p>&#8211;<\/p>\n<p><a href=\"http:\/\/ekstrabladet.dk\/nyheder\/politik\/danskpolitik\/article1837151.ece\">Carsten Hansens nye ghettobommert<\/a><\/p>\n<p>Ledt mere om sosjalkonstruktivistens nye &#8216;sp\u00e6ndende&#8217; id\u00e9er. Ves l\u00e6seren ekke husker ham, s\u00e5 er de ham som t\u00e6nker, at \u201cord skaber virkeligheden\u201d, s\u00e5 ves man bare stopper m\u00e6d at kalde bydele for \u201cghettoer\u201d, s\u00e5 forsvender probl\u00e9merne nok. Jaj ville lie h\u00e6ld ov l\u00f8kke, m\u00e6n d\u00e6r er tale om en minister som faktisk har endflydelse, ov ekke en \u00e6ller anden random humanist hippie.<\/p>\n<p>&#8211;<\/p>\n<p><a href=\"http:\/\/denkorteavis.dk\/2012\/det-er-andssvagt-at-man-skal-skrive-andsvagt\/\">http:\/\/denkorteavis.dk\/2012\/det-er-andssvagt-at-man-skal-skrive-andsvagt\/<\/a><\/p>\n<p>Han er i\u00f8vrit en sp\u00e6ndende person. Se mit endl\u00e6g p\u00e5 Lyddansk.dk: <a href=\"http:\/\/lyddansk.dk\/node\/21\">http:\/\/lyddansk.dk\/node\/21<\/a><\/p>\n<p>&#8211;<\/p>\n<p><a href=\"http:\/\/ekstrabladet.dk\/nyheder\/politik\/danskpolitik\/article1838208.ece\">Helle kan ikke 7. klasses stof<\/a><\/p>\n<p>Statsministeren kan ekke pytagoras?!<\/p>\n<p>wtf man<\/p>\n<p>&#8211;<\/p>\n<p><a href=\"http:\/\/www.dr.dk\/Nyheder\/Udland\/2012\/10\/03\/131435.htm?rss=true\">Hackere erkl\u00e6rer krig mod svenske myndigheder<\/a><\/p>\n<p>Har man l\u00f8st tel at deltae, s\u00e5 kik p\u00e5 Twitter:<\/p>\n<p><a href=\"https:\/\/twitter.com\/i\/#!\/search\/?q=%23OpPRQ&amp;src=hash\">https:\/\/twitter.com\/i\/#!\/search\/?q=%23OpPRQ&amp;src=hash<\/a><\/p>\n<p><a href=\"https:\/\/twitter.com\/i\/#!\/search\/?q=%23OpPirateBay&amp;src=hash\">https:\/\/twitter.com\/i\/#!\/search\/?q=%23OpPirateBay&amp;src=hash<\/a><\/p>\n<p>&#8211;<\/p>\n<p><a href=\"http:\/\/www.dr.dk\/Nyheder\/Politik\/2012\/10\/03\/131950.htm?rss=true\">Partier uden for ny aftale: Regeringen lukker ministerier for offentligheden<\/a><\/p>\n<p><span style=\"color: #800000;\">N\u00e5r justitsminister <\/span><a href=\"http:\/\/www.dr.dk\/info\/politik\/Politiker\/Morten%20B\u00f8dskov\/1069\">Morten B\u00f8dskov<\/a><span style=\"color: #800000;\"> (S) i eftermiddag pr\u00e6senterer en ny aftale om offentlighedsloven, s\u00e5 bliver det uden Enhedslisten og Liberal Alliance.<\/span><\/p>\n<p><span style=\"color: #800000;\">&#8211; Vi frygter rigtig meget, at de s\u00e6dvanlige regeringsb\u00e6rende partier er ved at lukke ministerierne\u00a0for offentligheden, s\u00e5 det bliver sv\u00e6rere at f\u00e5 indsigt i, hvad der foreg\u00e5r, siger <\/span><a href=\"http:\/\/www.dr.dk\/info\/politik\/Politiker\/Simon%20Emil%20Ammitzb\u00f8ll\/1001\">Simon Emil Ammitzb\u00f8ll<\/a><span style=\"color: #800000;\">, retsordf\u00f8rer for Liberal Alliance.<\/span><\/p>\n<p>Den nye aftale indeholder if\u00f8lge DR Nyheders oplysninger en meget udsk\u00e6ldt paragraf om<br \/>\nministerbetjening, som blev beskyldt for at medf\u00f8re mere lukkethed, fordi der fremover vil v\u00e6re en del dokumenter, som kan undtages aktindsigt.<\/p>\n<p>&#8211;<\/p>\n<p><a href=\"http:\/\/punditokraterne.dk\/2012\/10\/02\/statens-alt-for-uambitiose-totalkontrol\/\">http:\/\/punditokraterne.dk\/2012\/10\/02\/statens-alt-for-uambitiose-totalkontrol\/<\/a><\/p>\n<p>&#8211;<\/p>\n<p><a href=\"http:\/\/www.dr.dk\/Nyheder\/Indland\/2012\/10\/07\/193227.htm?rss=true\">Ingen sammenh\u00e6ng mellem specielle l\u00f8besko og skader<\/a><\/p>\n<p>&#8211;<\/p>\n<p><a href=\"http:\/\/www.dr.dk\/Nyheder\/Udland\/2012\/10\/07\/230616.htm?rss=true\">Anonymous truer med angreb p\u00e5 Vatikanet<\/a><\/p>\n<p>&#8211;<\/p>\n<p><a href=\"http:\/\/www.dr.dk\/Nyheder\/Politik\/2012\/10\/07\/1007214049.htm?rss=true\">DF vil blokere for afskaffelse af v\u00e6rnepligt<\/a><\/p>\n<p>&#8211;<\/p>\n<p><a href=\"http:\/\/www.dr.dk\/Nyheder\/Indland\/2012\/10\/07\/142728.htm?rss=true\">Fange smugler sig selv ud af f\u00e6ngsel i burka<\/a><\/p>\n<p>&#8211;<\/p>\n<p><a href=\"http:\/\/www.b.dk\/kommentarer\/totalstaten\">http:\/\/www.b.dk\/kommentarer\/totalstaten<\/a><\/p>\n<p>&#8211;<\/p>\n<p><a href=\"http:\/\/www.180grader.dk\/Erhverv-og-finans\/laeger-amp-eksperter-kraever-e-cigaret-forbud-fik-million-gaver-af-pfizer-amp-glaxo\">http:\/\/www.180grader.dk\/Erhverv-og-finans\/laeger-amp-eksperter-kraever-e-cigaret-forbud-fik-million-gaver-af-pfizer-amp-glaxo<\/a><\/p>\n<p>anede ekke at kr\u00e6ftels bek\u00e6mpelse var s\u00e5 biasede. m\u00e6n d\u00e6n ser ud tel at v\u00e6re go nok.<\/p>\n<p>&#8211;<\/p>\n<p><a href=\"http:\/\/www.180grader.dk\/Politik\/swedish-lunch-lady-slammed-for-food-that-is-too-good\">http:\/\/www.180grader.dk\/Politik\/swedish-lunch-lady-slammed-for-food-that-is-too-good<\/a><\/p>\n<p>wtf<\/p>\n<p>&#8211;<\/p>\n<p><a href=\"http:\/\/blogs.jp.dk\/setfrahoejre\/2012\/10\/05\/myten-synes-begravet\/\">http:\/\/blogs.jp.dk\/setfrahoejre\/2012\/10\/05\/myten-synes-begravet\/<\/a><\/p>\n<p>&#8211;<\/p>\n<p><a href=\"http:\/\/blogs.jp.dk\/setfrahoejre\/2011\/12\/11\/om-gl\u00e6den-ved-at-bruge-harde-data\/\">http:\/\/blogs.jp.dk\/setfrahoejre\/2011\/12\/11\/om-gl%C3%A6den-ved-at-bruge-harde-data\/<\/a><\/p>\n<p>&nbsp;<\/p>\n<p>De kunne v\u00e6re at man skulle l\u00e6se hans b\u00e5v alliev\u00e6l. B\u00e5ven er diskut\u00e9ret h\u00e6r: <a href=\"http:\/\/punditokraterne.dk\/2012\/07\/15\/indvandringes-pris-eller-socialstatens-fallit\/\">http:\/\/punditokraterne.dk\/2012\/07\/15\/indvandringes-pris-eller-socialstatens-fallit\/<\/a><\/p>\n<p>&#8211;<\/p>\n<p><a href=\"http:\/\/jyllands-posten.dk\/indland\/article4863086.ece\">Metro-razzia gav b\u00f8der p\u00e5 258.000 kr.<\/a><\/p>\n<p>&#8211;<\/p>\n<p><a href=\"http:\/\/www.dr.dk\/Nyheder\/Indland\/2012\/10\/08\/175514.htm?rss=true\">Knivoverfaldt havde stukket sig selv<\/a><\/p>\n<p>&#8211;<\/p>\n<p><a href=\"http:\/\/www.dr.dk\/Nyheder\/Indland\/2012\/10\/06\/124743.htm\">Nyt projekt: Kvinder f\u00e5r m\u00e5lt skaml\u00e6berne<\/a><\/p>\n<p>Mere langtidsmake-up. M\u00e5ske er de en eff\u00e6kt a pornoen vor kvender m\u00e6d majet sm\u00e5 skaml\u00e6ber (not\u00e9r navnet) foretr\u00e6kkes?<\/p>\n<p>&#8211;<\/p>\n<p><a href=\"http:\/\/www.dr.dk\/Nyheder\/Udland\/2012\/10\/09\/114633.htm?rss=true\">Teenager f\u00e5r \u00e6tset maven af drink &#8230; der ogs\u00e5 er kommet til Danmark<\/a><\/p>\n<p>&#8211;<\/p>\n<p><a href=\"http:\/\/politiken.dk\/indland\/ECE1777384\/groenlandsk-hotelejer-vil-drive-bordel-for-2000-kinesiske-arbejdere\/\">http:\/\/politiken.dk\/indland\/ECE1777384\/groenlandsk-hotelejer-vil-drive-bordel-for-2000-kinesiske-arbejdere\/<\/a><\/p>\n<p>&#8211;<\/p>\n<p><a href=\"http:\/\/nyhederne.tv2.dk\/article.php\/id-58382929:19\u00e5rig-f\u00e6ngslet-for-jokes-om-april-jones.html?rss\">http:\/\/nyhederne.tv2.dk\/article.php\/id-58382929:19%C3%A5rig-f%C3%A6ngslet-for-jokes-om-april-jones.html?rss<\/a><\/p>\n<p>&#8211;<\/p>\n<p><a href=\"http:\/\/www.dr.dk\/Nyheder\/Indland\/2012\/10\/09\/104747.htm?rss=true\">Uegnede unge tvinges i uddannelse<\/a><\/p>\n<p><span style=\"color: #800000;\">Tag en uddannelse, eller du mister din kontanthj\u00e6lp. Det ultimatum stiller kommunerne til unge kontanthj\u00e6lpsmodtagere dagligt.<\/span><\/p>\n<p><span style=\"color: #800000;\">Alene sidste \u00e5r fik omkring 17.000 unge mellem 18 og 24 \u00e5r det s\u00e5kaldte uddannelsesp\u00e5l\u00e6g, der skal tvinge dem til at gennemf\u00f8re en kompetencegivende uddannelse.<\/span><\/p>\n<p><span style=\"color: #800000;\">Og kommunerne forventer, at endnu flere vil modtage et uddannelsesp\u00e5l\u00e6g i 2012.<\/span><\/p>\n<p><span style=\"color: #800000;\">&#8230;<\/span><\/p>\n<p><span style=\"color: #800000;\">Men en stor del af de unge er hverken parate eller motiverede til at tage en uddannelse, og derfor falder en stor del af dem fra igen.<\/span><\/p>\n<p><span style=\"color: #800000;\">S\u00e5ledes ansl\u00e5r fire ud af fem uddannelseschefer p\u00e5 erhvervsskolerne, at de modtager unge, som ikke kan eller vil gennemf\u00f8re en uddannelse. Det viser en unders\u00f8gelse, som DR Analyse har foretaget.<\/span><\/p>\n<p><span style=\"color: #800000;\">Og det v\u00e6kker bekymring hos formanden for Danske Erhvervsskoler, Lars Kunov:<\/span><\/p>\n<p><span style=\"color: #800000;\">&#8211; N\u00e5r eleverne m\u00f8der op p\u00e5 erhvervsskolen, s\u00e5 skal de v\u00e6re uddannelsesparate. De skal b\u00e5de v\u00e6re fagligt og personligt parate til at indg\u00e5 i en erhvervsuddannelse, siger han til DR Nyheder.<\/span><\/p>\n<p>&nbsp;<\/p>\n<p>De skal nok &#8216;virke&#8217;.<\/p>\n<p>&#8211;<\/p>\n<p><a href=\"http:\/\/www.dr.dk\/Nyheder\/Politik\/2012\/10\/09\/111024.htm?rss=true\">Venstre-ordf\u00f8rer stiller 696 sp\u00f8rgsm\u00e5l om museer<\/a><\/p>\n<p>Er d\u00e6r noen som husker probl\u00e9met m\u00e6d at stelle s\u00e5 mange sp\u00f8rsm\u00e5l?<\/p>\n<p>Jaj er p\u00e6nt sekker p\u00e5 at have l\u00e6st, at de koster et par tusind at stelle et sp\u00f8rsm\u00e5l ov f\u00e5 et svar i folketenget. M\u00e6n \u00e6fter at have br\u00e5gt 10 minutter p\u00e5 Google kunne jaj ekke fende artikler som omhandler dette.<\/p>\n<p>Disse er dov ledt relevante:<\/p>\n<p><a href=\"http:\/\/www.b.dk\/politiko\/politikere-kraever-ellen-tranes-museumsspoergsmaal-trukket-tilbage\">http:\/\/www.b.dk\/politiko\/politikere-kraever-ellen-tranes-museumsspoergsmaal-trukket-tilbage<\/a><\/p>\n<p><a href=\"http:\/\/www.dr.dk\/Nyheder\/Politik\/2012\/10\/09\/153147.htm\">http:\/\/www.dr.dk\/Nyheder\/Politik\/2012\/10\/09\/153147.htm<\/a><\/p>\n<p><a href=\"http:\/\/nyhederne.tv2.dk\/article.php\/id-58385517:vrede-p\u00e5-facebook-din-dumhed-kender-ingen-gr\u00e6nser.html?rss\">http:\/\/nyhederne.tv2.dk\/article.php\/id-58385517:vrede-p%C3%A5-facebook-din-dumhed-kender-ingen-gr%C3%A6nser.html?rss<\/a><\/p>\n<p>&nbsp;<\/p>\n<p>D\u00e6n sidste viser da vordan demokratiet virker en smule.<\/p>\n<p>&#8211;<\/p>\n<p><a href=\"http:\/\/www.dr.dk\/Nyheder\/Indland\/2012\/10\/09\/1009113345.htm?rss=true\">Stifter af sekt f\u00e5r b\u00f8de for kvaksalveri<\/a><\/p>\n<p>Jaj er vest altid glad n\u00e5r kvaksalvere blir d\u00f8mt!<\/p>\n<p>&nbsp;<\/p>\n<p><span style=\"color: #800000;\">Psykisk syge blev behandlet med flere dages b\u00f8n og faste, og det har nu kostet manden bag den omstridte kristne sket Evangelist en b\u00f8de p\u00e5 40.000 kroner for kvaksalveri.<\/span><\/p>\n<p><span style=\"color: #800000;\">\u00d8stre Landsret har fastsl\u00e5et, at den 46-\u00e5rige Niels-Christian Hedegaard har brudt loven om sundhedsfaglig virksomhed, popul\u00e6rt sagt ved at ud\u00f8ve kvaksalveri. Dermed stadf\u00e6ster landsretten dommen fra Retten i Hiller\u00f8d.<\/span><\/p>\n<p><span style=\"color: #800000;\">Stifteren af Evangelist ankede dommen i byretten for frifindelse, mens anklagemyndigheden ogs\u00e5 ankede, fordi den mente, at b\u00f8den skulle v\u00e6re 100.000 kroner i stedet<\/span><\/p>\n<p><span style=\"color: #800000;\">&#8230;<\/span><\/p>\n<p><span style=\"color: #800000;\">De psykisk syge personer, der kom i behandling p\u00e5 Evangelists bosteder, skulle droppe den antipsykotiske medicin, som deres l\u00e6ger havde ordineret dem, og i stedet skulle de s\u00e5 kureres med tre d\u00f8gns b\u00f8n og faste.<\/span><\/p>\n<p><span style=\"color: #800000;\">En kvinde i behandling fortalte under retssagen, hvordan hun oplevede behandlingen som psykisk terror, hvor hun skulle smile p\u00e5 kommando og bede konstant.<\/span><\/p>\n<p><span style=\"color: #800000;\">Tidligere under retssagen har Niels-Christian Hedegaard forklaret, at han fik id\u00e9en til behandlingen af sindslidende igennem sit forhold til Gud, der if\u00f8lge Niels-Christian Hedegaard selv taler til ham hver dag.<\/span><\/p>\n<p><span style=\"color: #800000;\">&#8230;<\/span><\/p>\n<p><span style=\"color: #800000;\">Politiet gik ind i sagen mod Evangelist i 2009, da tv-programmet Operation X havde vist, hvordan bev\u00e6gelsen tog medicinen fra de psykisk syge og i stedet fors\u00f8gte at kurere dem ved at uddrive deres d\u00e6moner.<\/span><\/p>\n<p><span style=\"color: #800000;\">Evangelist blev oprettet i 2000 og er en del af pinsebev\u00e6gelsen. Den har is\u00e6r fodf\u00e6ste i den nordsj\u00e6llandske by G\u00f8rl\u00f8se.<\/span><\/p>\n<p>&nbsp;<\/p>\n<p>D\u00e6n er go nok. De er ren middelalder. Uddrive d\u00e6moner???<\/p>\n<p>&#8211;<\/p>\n<p><a href=\"http:\/\/nyhederne.tv2.dk\/article.php\/id-58407756:casper-er-17-\u00e5r-og-hjeml\u00f8s.html?rss\">http:\/\/nyhederne.tv2.dk\/article.php\/id-58407756:casper-er-17-%C3%A5r-og-hjeml%C3%B8s.html?<\/a><a href=\"http:\/\/nyhederne.tv2.dk\/article.php\/id-58407756:casper-er-17-\u00e5r-og-hjeml\u00f8s.html?rss\">rss<\/a><\/p>\n<p>M\u00e5ske moren skulle have pr\u00f8vet en abort ist\u00e6det?<\/p>\n<p>&#8211;<\/p>\n<p><a href=\"http:\/\/www.dr.dk\/Nyheder\/Indland\/2012\/10\/10\/10144217.htm?rss=true\">Alt for sv\u00e6rt at tvangsadoptere b\u00f8rn<\/a><\/p>\n<p>&nbsp;<\/p>\n<p>[07:18:01] Emil &#8211; Deleet: tvangsadoptioner?<\/p>\n<p>[07:18:02] Emil &#8211; Deleet: !<\/p>\n<p>[07:18:07] Emil &#8211; Deleet: tvangsfjernelser?<\/p>\n<p>[07:18:24] Emil &#8211; Deleet: tvangsadopsjoner er like.. h\u00e6r er et barn, du skal beholde de!<\/p>\n<p>&#8211;<\/p>\n<p><a href=\"http:\/\/www.b.dk\/viden\/kvinder-nej-tak-til-behaarede-mandebryster\">http:\/\/www.b.dk\/viden\/kvinder-nej-tak-til-behaarede-mandebryster<\/a><\/p>\n<p>M\u00e6rkelit<\/p>\n<p>&#8211;<\/p>\n<p><a href=\"http:\/\/www.information.dk\/313361\">Er det noget, vi skal kunne til eksamen?<\/a><\/p>\n<p>&#8211;<\/p>\n<p><a href=\"http:\/\/politiken.dk\/kultur\/ECE1782138\/koenslaebernes-stoerrelser-kortlaegges-i-nyt-projekt\/\">http:\/\/politiken.dk\/kultur\/ECE1782138\/koenslaebernes-stoerrelser-kortlaegges-i-nyt-projekt\/<\/a><\/p>\n<p>Godt nok d\u00e6n m\u00e6rkeliste artikel jaj l\u00e6nge har set.<\/p>\n<p>&#8211;<\/p>\n<p><a href=\"http:\/\/ing.dk\/artikel\/133130-opfordring-til-forskere-samarbejd-med-dine-fjender\">http:\/\/ing.dk\/artikel\/133130-opfordring-til-forskere-samarbejd-med-dine-fjender<\/a><\/p>\n<p>&#8211;<\/p>\n<p><a href=\"http:\/\/www.180grader.dk\/Krimi\/damefrokosten-nr-politiet-lytter-til-sexarbejdere\">http:\/\/www.180grader.dk\/Krimi\/damefrokosten-nr-politiet-lytter-til-sexarbejdere<\/a><\/p>\n<p>endnu en overv\u00e5vnengslov som misbrues<\/p>\n<p>ov som er bas\u00e9ret p\u00e5 fork\u00e9rt gr\u00e5ndla osse.<\/p>\n<p>&nbsp;<\/p>\n<p>Min kommentar p\u00e5 180grader.dk:<\/p>\n<p>Politikere har det med ikke at afskaffe love n\u00e5r de har indf\u00f8rt dem. Dette f\u00f8rer til, at vi f\u00e5r flere og flere love. Mange af dem er dyre at h\u00e5ndh\u00e6ve, virker ikke efter hensigten, og var baseret p\u00e5 forkert grundlag til at starte med. Dette er jo et fint eksempel p\u00e5 s\u00e5danne love. Engang i mellem lykkes det at f\u00e5 fjernet en d\u00e5rlig lov. Jeg kan komme i tanker om knivloven og loven om de farlige hunde.<\/p>\n<p>&nbsp;<\/p>\n<p>&#8211;<\/p>\n<p><a href=\"http:\/\/www.180grader.dk\/Sladder\/180grader-dk-loonie-site#c446544\">http:\/\/www.180grader.dk\/Sladder\/180grader-dk-loonie-site#c446544<\/a><\/p>\n<p>Se osse min kommentar:<\/p>\n<p><a name=\"comment_content-446544\"><\/a>Der er mange sjove typer p\u00e5 180grader. Det er s\u00e5dan set fint nok. S\u00e5 h\u00f8rer man lidt af hvert, og h\u00f8rer m\u00e5ske om ting man ikke normalt ville have h\u00f8rt om. Sk\u00f8re personer (som dem i Faderhuset) kan jo sagtens have ret mht. EU. Eller scientologer kan jo godt have ret i nogle af deres p\u00e5stande om psykiatrien.<\/p>\n<p>&nbsp;<\/p>\n<p>Nogle gange kan det dog blive lidt ensformigt fra nogle bidragere. Jeg t\u00e6nker p\u00e5 ham som bliver ved med at poste nyheder om indvandre som har lavet et eller andet skidt med overskriften &#8220;endnu et enkeltst\u00e5ende tilf\u00e6lde&#8221;. Jeg er godt klar over, at indvandre er mere kriminelle, jeg beh\u00f8ver ikke h\u00f8re om hver eneste sag som lige kan findes p\u00e5 Google.<\/p>\n<p>Dette mender maj i\u00f8vrit om Paul Graham&#8217;s <a href=\"http:\/\/www.paulgraham.com\/say.html\">http:\/\/www.paulgraham.com\/say.html<\/a> ov <a href=\"http:\/\/soundproofsuite1850.blogspot.dk\/2007\/12\/book-review-which-way-western-man.html\">http:\/\/soundproofsuite1850.blogspot.dk\/2007\/12\/book-review-which-way-western-man.html<\/a><\/p>\n<p>&#8211;<\/p>\n<p><a href=\"http:\/\/www.180grader.dk\/Politik\/lidt-om-valgsvindel\">http:\/\/www.180grader.dk\/Politik\/lidt-om-valgsvindel<\/a><\/p>\n<p>sp\u00e6ndende<\/p>\n<p>&#8211;<\/p>\n<p><a href=\"http:\/\/www.business.dk\/ledelse\/koenskamp-raser-hos-lego\">http:\/\/www.business.dk\/ledelse\/koenskamp-raser-hos-lego<\/a><\/p>\n<p><span style=\"color: #800000;\">Legos topchef &#8211; som af regeringen og DI blev udpeget som &#8220;ambassad\u00f8r for flere kvinder i ledelse&#8221; &#8211; f\u00e5r kritik af egne ansatte efter at have udpeget 22 m\u00e6nd og nul kvinder til koncernledelsen. \u00bbDer var meget f\u00e5 kvinder at v\u00e6lge imellem,\u00ab lyder hans forklaring. <\/span><\/p>\n<p>Engen overraskelse.<\/p>\n<p>&#8211;<\/p>\n","protected":false},"excerpt":{"rendered":"<p>Se liste og kort: Her er de nye ghettoer Alts\u00e5, de er h\u00e6r man ekke skal bo. N\u00e5r danskere l\u00e6ser dette, s\u00e5 er de pr\u00e6sis vad di har t\u00e6nkt saj at g\u00f8re. &#8211; http:\/\/www.legaliser.nu\/hjernedopingen_kommer &#8211; http:\/\/nyhederne.tv2.dk\/article.php\/id-58053630:jeg-t%C3%B8r-ikke-at-tage-chancen-med-mine-b%C3%B8rn.html?rss For\u00e6ldrene p\u00e5 en folkeskole i Vejle sl\u00e5r nu alarm, fordi antallet af to-sprogede elever vokser. Det f\u00e5r mange til [&hellip;]<\/p>\n","protected":false},"author":4,"featured_media":0,"comment_status":"open","ping_status":"open","sticky":false,"template":"","format":"standard","meta":{"footnotes":""},"categories":[1],"tags":[],"class_list":["post-2715","post","type-post","status-publish","format-standard","hentry","category-uncategorized"],"_links":{"self":[{"href":"https:\/\/emilkirkegaard.dk\/da\/index.php?rest_route=\/wp\/v2\/posts\/2715","targetHints":{"allow":["GET"]}}],"collection":[{"href":"https:\/\/emilkirkegaard.dk\/da\/index.php?rest_route=\/wp\/v2\/posts"}],"about":[{"href":"https:\/\/emilkirkegaard.dk\/da\/index.php?rest_route=\/wp\/v2\/types\/post"}],"author":[{"embeddable":true,"href":"https:\/\/emilkirkegaard.dk\/da\/index.php?rest_route=\/wp\/v2\/users\/4"}],"replies":[{"embeddable":true,"href":"https:\/\/emilkirkegaard.dk\/da\/index.php?rest_route=%2Fwp%2Fv2%2Fcomments&post=2715"}],"version-history":[{"count":2,"href":"https:\/\/emilkirkegaard.dk\/da\/index.php?rest_route=\/wp\/v2\/posts\/2715\/revisions"}],"predecessor-version":[{"id":2717,"href":"https:\/\/emilkirkegaard.dk\/da\/index.php?rest_route=\/wp\/v2\/posts\/2715\/revisions\/2717"}],"wp:attachment":[{"href":"https:\/\/emilkirkegaard.dk\/da\/index.php?rest_route=%2Fwp%2Fv2%2Fmedia&parent=2715"}],"wp:term":[{"taxonomy":"category","embeddable":true,"href":"https:\/\/emilkirkegaard.dk\/da\/index.php?rest_route=%2Fwp%2Fv2%2Fcategories&post=2715"},{"taxonomy":"post_tag","embeddable":true,"href":"https:\/\/emilkirkegaard.dk\/da\/index.php?rest_route=%2Fwp%2Fv2%2Ftags&post=2715"}],"curies":[{"name":"wp","href":"https:\/\/api.w.org\/{rel}","templated":true}]}}