{"id":2719,"date":"2012-10-23T05:06:04","date_gmt":"2012-10-23T04:06:04","guid":{"rendered":"http:\/\/emilkirkegaard.dk\/da\/?p=2719"},"modified":"2012-10-23T05:06:04","modified_gmt":"2012-10-23T04:06:04","slug":"nyhederkommentarer-23-10-2012","status":"publish","type":"post","link":"https:\/\/emilkirkegaard.dk\/da\/?p=2719","title":{"rendered":"Nyheder+kommentarer 23-10-2012"},"content":{"rendered":"<p>Drengene spiller fodbold og pigerne hepper: K\u00f8nsopdeling m\u00f8der skarp kritik<br \/>\n<a href=\"http:\/\/www.dr.dk\/Nyheder\/Indland\/2012\/10\/15\/165720.htm?rss=true\">http:\/\/www.dr.dk\/Nyheder\/Indland\/2012\/10\/15\/165720.htm?rss=true<\/a><\/p>\n<p>\u00c5 naj dov. En enstitusjon har en laj som er k\u00f8nsopdelt. Lissom d\u00e6ngang vi lajede pierne \u00e6fter drengene i folkeskolens 0. klasse. Dette var d\u00e6r vest engen som to skade a.<\/p>\n<p>Et opslag p\u00e5 en tavle i en unavngiven b\u00f8rneinstitution inviterer til fodboldturnering.<\/p>\n<p>Drengene skal spille fodbold, og pigerne skal heppe og v\u00e6re cheerleadere, st\u00e5r der i opslaget.<\/p>\n<p>&#8211; Det synes jeg er en rigtig, rigtig d\u00e5rlig id\u00e9. Det g\u00e5r stik imod alle tendenser i samfundet i forhold til at skabe mere lighed imellem k\u00f8nnene, siger Ida Flachs til DR Nyheder.<\/p>\n<p>Nu er k\u00f8nnene jo ekke lie tel at starte m\u00e6d, s\u00e5\u00e5.. Vorfor fors\u00f8e at skabe mere lihed? Jaj ser h\u00e6ller ekke lie probl\u00e9met i at d\u00e6nne enstitusjon har l\u00f8st tel at lave en k\u00f8nspodelt laj. Vordan skulle dette result\u00e9re i ulihed? Antaelivis mener di n\u00e5et andet end bare forsk\u00e6llihed? Vordan skaber de \u00f8konomisk \u00e6ller juridisk ulihed? Fordi at flere m\u00e6nd blir godt betalte sportsfolk senere i livet?<\/p>\n<p>&#8211;<\/p>\n<p>Skotland skal stemme om uafh\u00e6ngighed<br \/>\n<a href=\"http:\/\/www.dr.dk\/Nyheder\/Udland\/2012\/10\/15\/1015171346.htm?rss=true\">http:\/\/www.dr.dk\/Nyheder\/Udland\/2012\/10\/15\/1015171346.htm?rss=true<\/a><\/p>\n<p>Tja. Jaj ser ekke lie vorfor at UK er imod en l\u00f8srivelse. F\u00e5r di da en \u00f8konomisk fordel ud a, at have Skotland?<\/p>\n<p>&#8211;<br \/>\n<a href=\"http:\/\/www.b.dk\/kommentarer\/et-studie-i-overfloedighed\">http:\/\/www.b.dk\/kommentarer\/et-studie-i-overfloedighed<\/a><\/p>\n<p>Hende d\u00e6r ig\u00e6n. Hun g\u00f8r de fint ig\u00e6n. Mere farverit i sit spr\u00e5v end jaj ville v\u00e6re, m\u00e6n de er fint nok.<\/p>\n<p>&#8211;<\/p>\n<p><a href=\"http:\/\/www.dr.dk\/Nyheder\/Politik\/2012\/10\/16\/165926.htm?rss=true\">http:\/\/www.dr.dk\/Nyheder\/Politik\/2012\/10\/16\/165926.htm?rss=true<\/a><br \/>\nSvensk tv har f\u00e5et \u00f8je p\u00e5 kvinderne i dansk toppolitik<\/p>\n<p>Over for SVT fors\u00f8ger tidligere minister og radikal leder<a href=\"http:\/\/www.dr.dk\/info\/politik\/Politiker\/Marianne%20Jelved\/1054\"> Marianne Jelved<\/a> at finde en forklaring.<br \/>\n&#8211; Det er jo et godt sp\u00f8rgsm\u00e5l. Hvordan er det lykkedes os uden kvoter, og uden vi har haft en eller anden strategisk plan for det, sp\u00f8rger hun og giver selv det simple svar:<br \/>\n&#8211;<a href=\"http:\/\/www.dr.dk\/info\/politik\/Politiker\/Margrethe%20Vestager\/1058\"> Margrethe Vestager<\/a> (radikal leder og \u00f8konomi- og indenrigsminister, red.) blev jo valgt, fordi hun var kompetent.<\/p>\n<p>man frestes jo tel at svare: de gjorde Helle i vert fald ekke! Pia K gjorde de osse godt. d\u00e6n nye SF formand m\/k liner en som er kompet\u00e6nt &#8211; i mods\u00e6tneng tel hendes tidl. rival tel formandsposten.<\/p>\n<p>Tidligere folketingsmedlem for Socialdemokraterne<a href=\"http:\/\/www.dr.dk\/info\/politik\/Politiker\/Yildiz%20Akdogan\/1063\"> Yildiz Akdogan<\/a> kommenterede i dag udviklingen p\u00e5 Facebook:<br \/>\n&#8211; Tre seje, dygtige og faktisk ret smukke kvinder st\u00e5r for ledelsen af Danmark &#8211; det er da ret sejt!<\/p>\n<p>De var alliev\u00e6l vegtit at bem\u00e6rke, at di er sm\u00e5kke. de har jaj da vedst aldri h\u00f8rt om en mandeli politiker. m\u00e5sk\u00e9 er k\u00f8nnene ekke heeeelt ens alliev\u00e6l, \u00e6ller?<\/p>\n<p>&#8211;<\/p>\n<p><a href=\"http:\/\/nyhederne.tv2.dk\/article.php\/id-58752281:succesm%C3%B8der-ofre-og-gerningsm%C3%A6nd-taler-ud.html?rss\">http:\/\/nyhederne.tv2.dk\/article.php\/id-58752281:succesm%C3%B8der-ofre-og-gerningsm%C3%A6nd-taler-ud.html?rss<\/a><br \/>\nSucces-m\u00f8der: Ofre og gerningsm\u00e6nd taler ud<\/p>\n<p>Ofre for alt fra voldt\u00e6gter og r\u00f8veri til afpresning og indbrud f\u00e5r det bedre af at se forbryderen i \u00f8jnene.<br \/>\nOg ogs\u00e5 forbryderne s\u00e6tter pris p\u00e5 de konfliktr\u00e5d, hvor offer og gerningsmand m\u00f8des efter en forbrydelse.<br \/>\nHer knap tre \u00e5r efter ordningen blev indf\u00f8rt, betegner 85 procent af b\u00e5de ofre og gerningsm\u00e6nd if\u00f8lge en evalueringsrapport konfliktr\u00e5dene som vellykkede, skriver metroXpress.<\/p>\n<p>lyder fandme m\u00e6rkelit. m\u00e6n ves de virker, s\u00e5 er de jo som de ska v\u00e6re.<\/p>\n<p>&#8211;<\/p>\n<p><a href=\"http:\/\/www.b.dk\/nationalt\/danskere-er-traette-af-sensationshungrende-journalister\">http:\/\/www.b.dk\/nationalt\/danskere-er-traette-af-sensationshungrende-journalister<\/a><br \/>\nDanskere er tr\u00e6tte af sensationshungrende journalister<\/p>\n<p>Der er for alt for meget \u00bbchok, drama og skandale\u00ab i de danske medier.De danske journalister er nemlig alt for fokuserede p\u00e5 sensationshistorier, og desuden er journaliststanden herhjemme mest interesseret i negative og konfliktfyldte historier.<br \/>\nS\u00e5dan lyden konklusionen i en unders\u00f8gelse, som Epinion har lavet for Radius Kommunikation. Unders\u00f8gelsen bygger p\u00e5 svar fra godt 1.000 personer, og den viser, at is\u00e6r sensationshistorier if\u00f8lge befolkningen fylder for meget.<br \/>\nOtte ud af ti danskere synes s\u00e5ledes, at journalister er for optagede af sensationshistorier. Samtidigt mener syv ud af ti, at der er for meget fokus p\u00e5 negative historier og konflikter i medierne herhjemme.<\/p>\n<p>Men det er ikke kun de mange sensationshistorier, der g\u00e5r danskerne p\u00e5, n\u00e5r de skal vurdere journalisterne herhjemme. Den er ogs\u00e5 gal med den generelle tillid til, at de historier, som medierne bringer, er sande.<\/p>\n<p>Kun 14 procent af danskerne tror p\u00e5, at det, der gengives i medierne, er korrekt. N\u00e6sten halvdelen af danskerne, 48 procent, er direkte uenige i, at medierne gengiver den korrekte historie.<\/p>\n<p>aviserne leverer osse lortesjunalistik som bloggere &#8211; dvs. folk som ekke er uddannet sjurnalister ov som prim\u00e6rt arbajder gratis &#8211; g\u00f8r B\u00c6DRE. en kedeli situasjon, m\u00e6n best\u00e6mt ekke n\u00e5et nyt.<\/p>\n<p>m\u00e5n ekke, at de kr\u00e6ver en reform a sjurnalistik-udd.en?<\/p>\n<p>&#8211;<\/p>\n<p><a href=\"http:\/\/politiken.dk\/udland\/ECE1783511\/tyske-forbrugere-skal-betale-for-atomkraftstop\/\">http:\/\/politiken.dk\/udland\/ECE1783511\/tyske-forbrugere-skal-betale-for-atomkraftstop\/<\/a><br \/>\nTyske forbrugere skal betale for atomkraftstop<\/p>\n<p>Den s\u00e6rlige afgift, tyskerne betaler for at g\u00e5 fra a-kraft til gr\u00f8n energi, stiger fra n\u00e6ste \u00e5r med 47 procent, oplyser landets fire store elselskaber.<\/p>\n<p>surprise surprise&#8230;<\/p>\n<p>&#8211;<\/p>\n<p><a href=\"http:\/\/annesophia.blogs.berlingske.dk\/2012\/10\/15\/nedbring-antallet-af-politikere-i-folketinget\/\">http:\/\/annesophia.blogs.berlingske.dk\/2012\/10\/15\/nedbring-antallet-af-politikere-i-folketinget\/<\/a><br \/>\nNedbring antallet af politikere i Folketinget<\/p>\n<p>I USA f\u00f8lger man ved nogle valg det princip, der kaldes \u201dNone of the Above\u201d, dvs. hvis et flertal stemmer blankt, bliver embedet ikke besat. Folket har ret til at v\u00e6lge \u2013 og til ikke at v\u00e6lge en af de opstillede kandidater, hvis udvalget vurderes at v\u00e6re for ringe. Ogs\u00e5 i Danmark har politiske anarkister foresl\u00e5et at lade blanke stemmer t\u00e6lle som personlige stemmer. Derved kan borgerne f\u00e5 nedbragt antallet af levebr\u00f8ds- og karrierepolitikere, og ideen er bestemt ikke blevet mindre relevant i dag. Lad os se lidt p\u00e5 Christiansborg:<\/p>\n<p>Sk\u00e6g id\u00e9<\/p>\n<p>\u00a7en hun refererer tel er:<\/p>\n<p>\u00a7 28<br \/>\nFolketinget udg\u00f8r een forsamling best\u00e5ende af h\u00f8jst 179 medlemmer, hvoraf 2 medlemmer v\u00e6lges p\u00e5 F\u00e6r\u00f8erne og 2 i Gr\u00f8nland.<\/p>\n<p>&#8211;<\/p>\n<p><a href=\"http:\/\/www.dr.dk\/P4\/Fyn\/Nyheder\/Odense\/2012\/10\/17\/130144.htm\">http:\/\/www.dr.dk\/P4\/Fyn\/Nyheder\/Odense\/2012\/10\/17\/130144.htm<\/a><br \/>\nFlere udtalelser bag racismeanmeldelse<\/p>\n<p>man har probl\u00e9mer m\u00e6d muslimer. m\u00e6n de m\u00e5 man ekke sie&#8230;<\/p>\n<p>se osse <a href=\"http:\/\/denkorteavis.dk\/2012\/12-arige-grinede-skoleleder-op-i-ansigtet-nu-er-hun-meldt-for-racisme\/\">http:\/\/denkorteavis.dk\/2012\/12-arige-grinede-skoleleder-op-i-ansigtet-nu-er-hun-meldt-for-racisme\/<\/a><\/p>\n<p>De kunne v\u00e6re at man skulle f\u00e5 avskaffet d\u00e6n rasisme\u00a7. Appeasement virker ekke jf. fx <a href=\"http:\/\/online.wsj.com\/article\/SB10000872396390443768804578034331419449540.html\">http:\/\/online.wsj.com\/article\/SB10000872396390443768804578034331419449540.html<\/a><\/p>\n<p>&#8211;<\/p>\n<p><a href=\"http:\/\/www.b.dk\/nationalt\/unge-bliver-ikke-religioese-af-livstruende-diagnose\">http:\/\/www.b.dk\/nationalt\/unge-bliver-ikke-religioese-af-livstruende-diagnose<\/a><br \/>\nUnge bliver ikke religi\u00f8se af livstruende diagnose<\/p>\n<p>Det er en udbredt teori inden for religionssociologien, at store religi\u00f8se omvendelser kan h\u00e6nge sammen med personlige kriser som eksempelvis en alvorlig kr\u00e6ftdiagnose. Men en ny afhandling viser nu, at unge kr\u00e6ftpatienter forts\u00e6tter i samme mere eller mindre religi\u00f8se spor b\u00e5de f\u00f8r og efter diagnosen.<br \/>\n&#8211; Hvis de her yngre kr\u00e6ftpatienter ikke er religi\u00f8se, inden de f\u00e5r diagnosen, s\u00e5 bliver de det heller ikke undervejs. Men hvis man er religi\u00f8s p\u00e5 forh\u00e5nd, s\u00e5 kan man bruge religi\u00f8siteten til at forst\u00e5 og bearbejde sygdommen, siger religionssociolog Nadja Ausker fra K\u00f8benhavns Universitet, der i sin ph.d.-afhandling har kortlagt religi\u00f8sitet og eksistentielle tanker hos yngre patienter med en livstruende kr\u00e6ftsygdom.<\/p>\n<p>Id\u00e9en om at d\u00e6r ekke er noen at\u00e9ister i sk\u00f8ttegrave er \u00e5benbart fork\u00e9rt. M\u00e6n s\u00e6lom d\u00e6n var regti, s\u00e5 ville de bare vise m\u00e6nneskers svah\u00e9d ov mangel p\u00e5 rasjonalit\u00e9t.<\/p>\n<p>&#8211;<br \/>\n<a href=\"http:\/\/www.b.dk\/sundhed-og-motion\/spis-vitaminer-og-undgaa-kraeft\">http:\/\/www.b.dk\/sundhed-og-motion\/spis-vitaminer-og-undgaa-kraeft<\/a><br \/>\nSpis vitaminer og undg\u00e5 kr\u00e6ft<\/p>\n<p>Jaj var nysgerri, ov da d\u00e6n enkompet\u00e6nte sjurnalist ekke lenkede tel kilden&#8230; s\u00e5 m\u00e5tte jaj ty tel Google:<\/p>\n<p>f\u00f8rst: <a href=\"http:\/\/www.medpagetoday.com\/MeetingCoverage\/AACR-FCPR\/35369\">http:\/\/www.medpagetoday.com\/MeetingCoverage\/AACR-FCPR\/35369<\/a><\/p>\n<p>som hade kilden: <a href=\"http:\/\/jama.jamanetwork.com\/article.aspx?articleid=1380451\">http:\/\/jama.jamanetwork.com\/article.aspx?articleid=1380451<\/a><\/p>\n<p>De er et godt studje. M\u00e6n eff\u00e6kten er majet lille, -8%, mere pr\u00e6sis data: 0.92; 95% CI, 0.86-0.998; P = .04. D\u00e6n er knap nok signifikant alts\u00e5. D\u00e6r var engen sig. eff\u00e6kt p\u00e5 prostatakanser, som vestnok er d\u00e6n v\u00e6rste kanser for m\u00e6nd. Deler man personerne op i folk som tidl. har haft kanser, ov d\u00e6m som ekke har, s\u00e5 kunne en sig. eff\u00e6kt kun ses hos d\u00e6m som tidl. har haft.<\/p>\n<p>S\u00e5 tja. M\u00e5sk\u00e9 er d\u00e6r en lille eff\u00e6kt. Sp\u00f8rsm\u00e5l er s\u00e5 om de er prisen v\u00e6rd. Vitaminpeller koster jo penge. M\u00e5sk\u00e9 man h\u00e6llere skulle brue di penge p\u00e5 n\u00e5et andet.<\/p>\n<p>&#8211;<\/p>\n<p>Sur MF&#8217;er: &#8220;T\u00e5belige islamiske stater&#8221;<br \/>\n<a href=\"http:\/\/jyllands-posten.dk\/politik\/article4876142.ece\">http:\/\/jyllands-posten.dk\/politik\/article4876142.ece<\/a><\/p>\n<p>Det muslimske kongerige Bahrain vil ikke lade Dansk Folkepartis folketingsmedlem S\u00f8ren Espersen rejse ind i landet samen med de \u00f8vrige medlemmer i n\u00e6vnet.<br \/>\n\u00c5rsag: Han har israelske stempler i sit pas.<\/p>\n<p>Bahrain har meddelt, at han kan f\u00e5 lov til at rejse ind i landet, hvis han f\u00e5r et nyt pas &#8211; uden israelske stempler.<br \/>\nMen nu kan det v\u00e6re nok, lyder det fra s\u00f8ren Espersen. Han siger i en pressemeddelelse om sagen bl.a.:<\/p>\n<p>&#8220;Faktisk mener jeg, at det nu er p\u00e5 tide, at \u00e9n eller anden siger stop i forhold til disse pinlige arabiske lande, som &#8211; alene for at dyrke deres perverse had til Israel, ustandselig leger kispus med diplomater, politikere og erhvervsfolk, som har &#8220;formastet&#8221; sig til at afl\u00e6gge bes\u00f8g i Israel.&#8221;<br \/>\n&#8220;Regeringen i Bahrain v\u00e9d, at hver og \u00e9n af de medlemmer af Udenrigspolitisk N\u00e6vn, som rejser til landet i november, naturligvis har v\u00e6ret i Israel. Og dermed v\u00e9d Regeringen i Bahrain, at hver og \u00e9n af de danske politikere, der kommer, har skaffet sig et ekstra-pas, hvori de israelske stempler s\u00e5 ikke forekommer.<\/p>\n<p>Appeasement virker ekke. Hold op m\u00e6d at st\u00f8tte muslimlande.<\/p>\n<p>&#8211;<\/p>\n<p>Zenia Stampe politianmelder regeringen for ikke-k\u00f8nsneutral ledelse<br \/>\n<a href=\"http:\/\/heltnormalt.dk\/rydforsiden\/2012\/10\/16\/133625\">http:\/\/heltnormalt.dk\/rydforsiden\/2012\/10\/16\/133625<\/a><\/p>\n<p>hahahaha<\/p>\n<p>de virker jo helt realistisk!<\/p>\n<p>&#8211;<\/p>\n<p>Fransk erotik-legende er d\u00f8d<br \/>\n<a href=\"http:\/\/politiken.dk\/navne\/doedsfald\/ECE1786035\/fransk-erotik-legende-er-doed\/\">http:\/\/politiken.dk\/navne\/doedsfald\/ECE1786035\/fransk-erotik-legende-er-doed\/<\/a><br \/>\nhar jaj aldri h\u00f8rt om<br \/>\n<a href=\"http:\/\/www.imdb.com\/title\/tt0071464\/\">http:\/\/www.imdb.com\/title\/tt0071464\/<\/a><br \/>\n5.0 p\u00e5 IMDb &#8211; downloading anyway (fra usenet)<\/p>\n<p>&#8211;<\/p>\n<p>Twitter blokerer for tyske nynazister<br \/>\n<a href=\"http:\/\/www.dr.dk\/Nyheder\/Kultur\/2012\/10\/18\/115448.htm?rss=true\">http:\/\/www.dr.dk\/Nyheder\/Kultur\/2012\/10\/18\/115448.htm?rss=true<\/a><\/p>\n<p>ov&#8230; glidebanen er g\u00e5et i gang ig\u00e6n.<\/p>\n<p>Den nynazistiske gruppe, Besseres Hannover, blev i sidste m\u00e5ned erkl\u00e6ret ulovlig af de tyske myndigheder, hvilket er \u00e5rsagen til blokeringen.<\/p>\n<p>Twitter gjorde allerede i januar gjorde opm\u00e6rksom p\u00e5, at de kunne finde p\u00e5 at gribe ind over for kontroversielt indhold, siger tjenestens advokat, Alex Macgillivray.<\/p>\n<p>&#8211; Vi bruger det nu for f\u00f8rste gang mod en gruppe, der anses for ulovlig i Tyskland, skriver han p\u00e5 Twitters hjemmeside.<\/p>\n<p>Min kommentar postet via Piratpartiet\u2019s sosjale medjer, <a href=\"https:\/\/www.facebook.com\/piratpartietdk\">FB<\/a> <a href=\"https:\/\/plus.google.com\/b\/110104014765371755397\/110104014765371755397\/posts\">G+<\/a>.<br \/>\nTwitter har for f\u00f8rste gang lukket en profil. Dette gik ud over en nynazistisk gruppe fra Tyskland. Dette skete p\u00e5 baggrund af, at gruppen var blevet erkl\u00e6ret ulovlige i Tyskland.<br \/>\nDette \u00e5bner naturligvis op for en glidebane med profillukninger. Mulige m\u00e5l: Hacktivist grupper: Anonymous, Lulzsec. Grupper som offentligg\u00f8r fortrolige oplysninger: Wikileaks, Openleaks. Grupper som opfordrer til at bryde copyrightlovene: Pirate Bay, Piratpartierne, og diverse enkelt personer.<br \/>\nEr vi sikre p\u00e5, at dette er den rette vej at g\u00e5? \/Emil<\/p>\n<p>&#8211;<\/p>\n<p>Ashley Cole f\u00e5r b\u00f8de p\u00e5 820.000 kroner for at skrive grimt p\u00e5 Twitter<br \/>\n<a href=\"http:\/\/politiken.dk\/sport\/fodbold\/premierleague\/ECE1786714\/ashley-cole-faar-boede-paa-820000-kroner-for-at-skrive-grimt-paa-twitter\/\">http:\/\/politiken.dk\/sport\/fodbold\/premierleague\/ECE1786714\/ashley-cole-faar-boede-paa-820000-kroner-for-at-skrive-grimt-paa-twitter\/<\/a><\/p>\n<p>kr\u00e6nkerkulturen lever videre, \u00e6ller? vorfor er de ulovlit at sie d\u00e6n slags? \u00e6ller er de bare en entern b\u00f8de?<\/p>\n<p>&#8211;<\/p>\n<p>Pige: Ikke rart at blive kontaktet af 38-\u00e5rig<br \/>\n<a href=\"http:\/\/nyhederne.tv2.dk\/article.php\/id-58863951:pige-ikke-rart-at-blive-kontaktet-af-38%C3%A5rig.html?rss\">http:\/\/nyhederne.tv2.dk\/article.php\/id-58863951:pige-ikke-rart-at-blive-kontaktet-af-38%C3%A5rig.html?rss<\/a><\/p>\n<p>di ensist\u00e9rer p\u00e5 ekke at forst\u00e5 vordan m\u00e6nnesker virker, \u00e6ller? En typisk 14-\u00e5ri er k\u00f8nsmoden, ov s\u00e5 er de jo ekke \u00e5nderlit, at noen voksne m\u00e6nd tar sjangsen. d\u00e6r er jo ekke majet at meste ved at skrive tel en person p\u00e5 fx Arto.<br \/>\nd\u00e6r er masser a 14-\u00e5rie i dette land som lie nu har s\u00e6ks m\u00e6d m\u00e6nd p\u00e5 d\u00e6n alder. sekkert flere 100. i\u00f8vrit var d\u00e6r da <a href=\"http:\/\/finans.tv2.dk\/nyheder\/article.php\/id-10970565:politikere-stop-hysteri-i-sexsag.html\">en politiker som var sammen m\u00e6d en p\u00e5 15 \u00e5r<\/a> ov han var 34 \u00e5r. velket fint illustrerer folks ensist\u00e9ren p\u00e5 d\u00e6n magiske gr\u00e6nse ved 15 \u00e5r.<\/p>\n<p>&#8211;<\/p>\n<p>Midtjysk kvinde d\u00f8mt for sex med &#8216;s\u00e5rbare&#8217; teenagere<br \/>\n<a href=\"http:\/\/politiken.dk\/indland\/ECE1787298\/midtjysk-kvinde-doemt-for-sex-med-saarbare-teenagere\/\">http:\/\/politiken.dk\/indland\/ECE1787298\/midtjysk-kvinde-doemt-for-sex-med-saarbare-teenagere\/<\/a><\/p>\n<p>Alts\u00e5, k\u00f8nsmodne drenge p\u00e5 hhv. 16 ov 17 \u00e5r forf\u00f8rer en ansat. Resulatet er, at hun blir fyret, fordi at di var \u00e5nder 18, ov i kategorien \u201cs\u00e5rbar\u201d. Antaelivis, s\u00e5 drajer de saj om:<\/p>\n<p><a href=\"https:\/\/www.retsinformation.dk\/forms\/r0710.aspx?id=133530\">\u00a7 223<\/a>. Den, som har samleje med en person under 18 \u00e5r, der er den skyldiges adoptivbarn, stedbarn eller plejebarn eller er betroet den p\u00e5g\u00e6ldende til undervisning eller opdragelse, straffes med f\u00e6ngsel indtil 4 \u00e5r.<br \/>\nStk. 2. Med samme straf anses den, som under groft misbrug af en p\u00e5 alder og erfaring beroende overlegenhed forf\u00f8rer en person under 18 \u00e5r til samleje.<\/p>\n<p>M\u00e5ske de er p\u00e5 tide, at lave disse love ledt mere tidssvarende ov mendre besk\u00f8ttende overfor \u201cs\u00e5rbare\u201d personer?<\/p>\n<p>Jaj t\u00e6nker, at de m\u00e5ske er p\u00e5 tide at neds\u00e6tte en kommisjon som skal fende ud a: velke a disse love har vi i DK som besk\u00f8tter \u201cs\u00e5rbare\u201d personer? Virker de \u00e6fter h\u00e6nsegten? Dvs. fend ud a, at folk som er blevet \u2018ofre\u2019 for disse forbrydelser rent faktisk osse har lidt, \u00e6ller om de blot er en lov som un\u00f8dv\u00e6ndit kriminalis\u00e9rer ufarli adf\u00e6rd.<\/p>\n<p>&#8211;<\/p>\n<p>Abortturisme udl\u00f8ser heftig debat<br \/>\n<a href=\"http:\/\/www.dr.dk\/Nyheder\/Indland\/2012\/10\/20\/183606.htm?rss=true\">http:\/\/www.dr.dk\/Nyheder\/Indland\/2012\/10\/20\/183606.htm?rss=true<\/a><\/p>\n<p>s\u00e5danne \u00f8vgenik-agtie teng kommer d\u00e6r langt flere a i n\u00e6r fremtid.<br \/>\nsiden at de drajer saj mest om ekke-v\u00e6stlenge, s\u00e5 l\u00f8ser deres probl\u00e9m saj s\u00e6l. ves di f\u00e5r flere drenge b\u00f8rn, s\u00e5 falder deres populasjon endtel at di f\u00e5r b\u00e6dre id\u00e9er.<\/p>\n<p>er de i\u00f8vrit et endirekte tajn p\u00e5 vor ledt pieb\u00f8rn er v\u00e6rd i deres kultur?<\/p>\n<p>&#8211;<\/p>\n<p>75 procent i skat: De rigeste skal rette op p\u00e5 Frankrigs \u00f8konomi<br \/>\n<a href=\"http:\/\/www.dr.dk\/Nyheder\/Udland\/2012\/10\/19\/1019234503.htm?rss=true\">http:\/\/www.dr.dk\/Nyheder\/Udland\/2012\/10\/19\/1019234503.htm?rss=true<\/a><\/p>\n<p>folk fl\u00f8tter v\u00e6l bare&#8230; \u201cvoting with your feet\u201d<\/p>\n<p>&#8211;<\/p>\n<p>Leder: Politikerne m\u00e5 stoppe misbruget af eksperter<br \/>\n<a href=\"http:\/\/ing.dk\/artikel\/133311-leder-politikerne-maa-stoppe-misbruget-af-eksperter\">http:\/\/ing.dk\/artikel\/133311-leder-politikerne-maa-stoppe-misbruget-af-eksperter<\/a><\/p>\n<p>evid\u00e6nsbas\u00e9ret politik p\u00e5 en fork\u00e9rt m\u00e5de<\/p>\n<p>&#8211;<\/p>\n<p>Banedanmark lover: Togtrafik i hovedstaden er tilbage p\u00e5 sporet<br \/>\n<a href=\"http:\/\/www.dr.dk\/Nyheder\/Indland\/2012\/10\/21\/1021233713.htm?rss=true\">http:\/\/www.dr.dk\/Nyheder\/Indland\/2012\/10\/21\/1021233713.htm?rss=true<\/a><\/p>\n<p>dat pun<\/p>\n<p>&#8211;<\/p>\n<p>Politikerlede<br \/>\n<a href=\"http:\/\/www.b.dk\/kommentarer\/politikerlede\">http:\/\/www.b.dk\/kommentarer\/politikerlede<\/a><br \/>\nendnu en fin artikel fra Peter Kurrild-Klitgaard<\/p>\n<p>de mender maj i\u00f8vrit om d\u00e6nne sjove side: <a href=\"http:\/\/politikerlede.com\/\">http:\/\/politikerlede.com\/<\/a><\/p>\n<p>&#8211;<\/p>\n<p>Adoptivb\u00f8rn trives med homoseksuelle for\u00e6ldre<br \/>\n<a href=\"http:\/\/www.b.dk\/viden\/adoptivboern-trives-med-homoseksuelle-foraeldre\">http:\/\/www.b.dk\/viden\/adoptivboern-trives-med-homoseksuelle-foraeldre<\/a><\/p>\n<p>kilden er: <a href=\"http:\/\/onlinelibrary.wiley.com\/doi\/10.1111\/j.1939-0025.2012.01176.x\/abstract\">http:\/\/onlinelibrary.wiley.com\/doi\/10.1111\/j.1939-0025.2012.01176.x\/abstract<\/a><\/p>\n<p>Abstract: Adoption is known to promote cognitive and emotional development in children from foster care, but policy debates remain regarding whether children adopted by gay and lesbian parents can achieve these positive outcomes. This study compared the cognitive development and behavior problems at 2, 12, and 24 months postplacement of 82 high-risk children adopted from foster care in heterosexual and gay or lesbian households. On average, children in both household types showed significant gains in cognitive development and maintained similar levels of behavior problems over time, despite gay and lesbian parents raising children with higher levels of biological and environmental risks prior to adoptive placement. Results demonstrated that high-risk children show similar patterns of development over time in heterosexual and gay and lesbian adoptive households.<\/p>\n<p>gad vide vorfor at de ekke giver probl\u00e9mer. er de fordi at en a disse partnere overtaer moderrollen, b\u00e6gge deler d\u00e6n, \u00e6ller m\u00e5ske fordi at moderrollen \u00e5benbart ekke er s\u00e5 vegti som antaet?<\/p>\n<p>&#8211;<\/p>\n<p>Stolelegen om det danske atomskrot<br \/>\n<a href=\"http:\/\/ing.dk\/artikel\/133337-stolelegen-om-det-danske-atomskrot\">http:\/\/ing.dk\/artikel\/133337-stolelegen-om-det-danske-atomskrot<\/a><\/p>\n<p>1) tj\u00e6k lenket.. 133337.. how awesome is that? \ud83d\ude00<br \/>\n2) som en not\u00e9rer i kommentarerne:<\/p>\n<p>Hysteriske medier<\/p>\n<p>Uanset hvordan man vender og drejer hele atomdeponeringssp\u00f8rgsm\u00e5let, s\u00e5 vil medierne altid f\u00e5 det til at ligne en tabersag, da den almindelige befolkning (herunder den gennemsnitlige moderne journalist), er skr\u00e6mt fra vid og sans over alt med str\u00e5ling. Problemet er at sensationsjournalistikken glemmer det faktum at s\u00e5fremt skidtet bliver hvor det er (Ris\u00f8), er det endnu mere farligt for flere mennesker end ved at flytte det til de udpegede sikre omr\u00e5der, hvilket desuden er uskadeligt for mennesker, hvis deponeret korrekt. F\u00f8lg fagkundskaben og f\u00e5 skidtet ned i undergrunden, og l\u00f8st en gang for alle (og g\u00f8r i\u00f8vrigt gerne anl\u00e6gget s\u00e5 stort at vi ogs\u00e5 kan modtage andre ikke-atomkraft landes affald, og tjen lidt p\u00e5 andre landes irrationelle frygt).<\/p>\n<p>De er jo n\u00e6mme penge. Endnu b\u00e6dre &#8211; ves vi nu bygger noen breeders, s\u00e5 kan vi genbrue \u2018avfaldet\u2019. Dvs. vi f\u00e5r b\u00e5de penge for at modtae de, ov s\u00e5 kan vi lave str\u00f8m+varme a de. 2x win<\/p>\n<p>&#8211;<\/p>\n<p>\u2018To-sprogede elever er en ressource\u2018<br \/>\n<a href=\"http:\/\/www.information.dk\/314585\">http:\/\/www.information.dk\/314585<\/a><\/p>\n<p>Bl\u00e5g\u00e5rd Skoles nye skoleleder Pia Madsen ser kun fremad og vil g\u00f8re skolen attraktiv for gadens b\u00f8rn ved at minde for\u00e6ldre om at mangfoldighed og to-sprogede elever er en ressource og ikke en hindring \u2013 hverken i undervisning eller i b\u00f8rns dannelse.<br \/>\n&#8230;<br \/>\n\u00bbJa, vi er en tosproget skole, men det at have flere sprog betyder jo, at de b\u00f8rn har gang i flere hjerneceller. Man skal slet ikke v\u00e6re bekymret for, om de har kapaciteten til at l\u00e6re tredje og fjerde sprog. Det er ikke det sproglige, der g\u00f8r, at man skal bryde den sociale arv \u2013 det er om der er sociale problemer. Vi t\u00e6nker ikke om b\u00f8rn er tosprogede eller ej \u2013 det er tv\u00e6rtimod en fordel,\u00ab fort\u00e6ller Pia Madsen, skoleder p\u00e5 Bl\u00e5g\u00e5rd Skole. Foto: Sigrid Nygaard<br \/>\n\u2026<br \/>\nSkolen har dog de n\u00f8gne tal imod sig. Kun 31 pct. af for\u00e6ldrene i distriktet v\u00e6lger skolen til, og en national rangliste over karakterer ved afgangseksamen placerede i 2009 skolen i bunden. Flere har siden forsvaret skolen med, at det var en uheldig \u00e5rgang at m\u00e5le skolens resultater p\u00e5, og karaktererne har da ogs\u00e5 taget et gevaldigt hop opad i de seneste \u00e5r. Men det har skabt nogle \u00e5r med d\u00e5rlige historier i pressen.<br \/>\n\u2026<br \/>\nTrods relativ lighed i Danmark, er det endnu en udfordring at f\u00e5 brudt den sociale arv. Forskning viser, at for\u00e6ldrenes baggrund spiller en stor rolle for b\u00f8rns l\u00e6ring. Det skyldes ikke mindst, at lektierne stadig l\u00f8ses i hjemmet, hvor ikke alle for\u00e6ldre har samme sproglige og uddannelsesm\u00e6ssige foruds\u00e6tninger. Det problem fors\u00f8ger Bl\u00e5g\u00e5rd Skole at tackle ved at tilpasse lektiel\u00e6sningen.<\/p>\n<p>\u00bbI stedet for at lege miniskole, hvor b\u00f8rnene bliver uvenner med deres for\u00e6ldre, fordi de har sv\u00e6rt ved at hj\u00e6lpe til med matematikken, s\u00e5 giver vi barnet en opgave med hjem som han nemt kan overs\u00e6tte til familiens sprog. Et eksempel er at man f\u00e5r ordet fisk med hjem, og s\u00e5 kan sp\u00f8rgsm\u00e5let v\u00e6re, hvilke retter man laver med fisk. Det kan enhver familie bidrage med og s\u00e5 bliver der mere dialog og kommunikation,\u00ab fort\u00e6ller Pia Madsen<\/p>\n<p>daens mest virkelih\u00e9dsfjerne person?<\/p>\n<p>Nok ekke n\u00e6rmere de skyldes at ent. er arvelit&#8230;<\/p>\n<p>&#8211;<\/p>\n<p>F\u00e6ngselsansatte jubler over \u00bbbanebrydende nyt\u00ab fra regeringen<br \/>\n<a href=\"http:\/\/politiken.dk\/politik\/ECE1788823\/faengselsansatte-jubler-over-banebrydende-nyt-fra-regeringen\/\">http:\/\/politiken.dk\/politik\/ECE1788823\/faengselsansatte-jubler-over-banebrydende-nyt-fra-regeringen\/<\/a><br \/>\n<a href=\"http:\/\/politiken.dk\/politik\/ECE1788950\/voldsforbrydere-straffes-langt-haardere\/\">http:\/\/politiken.dk\/politik\/ECE1788950\/voldsforbrydere-straffes-langt-haardere\/<\/a><\/p>\n<p>SF&#8217;s forslag om, at strengere straffe kun kan gennemf\u00f8res, hvis de er fuldt finansieret, f\u00e5r ros fra de f\u00e6ngselsansatte.<br \/>\n\u00bbVi synes, det er en rigtig god id\u00e9\u00ab, siger John Hatting, landsformand for Kriminalforsorgsforeningen, der er fagforening for civilt ansatte (bl.a. l\u00e6rere og p\u00e6dagoger) i landets f\u00e6ngsler.<br \/>\n\u00bbDet er vigtigt, at man som ansvarlig politiker sikrer, at der f\u00f8lger penge med til de forslag, man stiller\u00ab, siger John Hatting.<br \/>\n&#8230;<br \/>\nKritik fra V<br \/>\nForslaget fra SF lanceres p\u00e5 dagen, hvor Folketinget tager hul p\u00e5 forhandlingerne om kriminalforsorgens \u00f8konomi.<br \/>\nVenstres retsordf\u00f8rer, Karsten Lauritzen, har allerede kritiseret forslaget for at k\u00e6de strafl\u00e6ngde sammen med finansiering af kriminalforsorgen.<\/p>\n<p>Man risikerer \u00bbat bringe lovgivere i en situation, hvor man eksempelvis \u00f8nsker at straffe p\u00e6dofili h\u00e5rdere, men ikke kan finde pengene. Den forklaring vil jeg meget n\u00f8digt give til for\u00e6ldre til et barn, der er udsat for et overgreb. Det er n\u00e6rmest usmageligt\u00ab, siger han i dagens Politiken.<br \/>\n\u00bbPopulistisk vr\u00f8vl\u00ab<br \/>\nMen det afviser John Hatting, landsformand for Kriminalforsorgsforeningen:<br \/>\n\u00bbDet er noget populistisk vr\u00f8vl for at sige det lige ud\u00ab, siger han til politiken.dk.<br \/>\n\u00bbHvorfor skal man ikke v\u00e6re en ansvarlig politiker p\u00e5 det retlige omr\u00e5de, n\u00e5r man stiller forslag? P\u00e5 alle andre omr\u00e5de bliver politikere kritiseret, n\u00e5r de stiller forslag og bare svinger dankortet\u00ab, tilf\u00f8jer han.<\/p>\n<p>vav! reg\u00e9rengen har gjort n\u00e5et regtit?!<\/p>\n<p>&#8211;<\/p>\n<p>&nbsp;<\/p>\n","protected":false},"excerpt":{"rendered":"<p>Drengene spiller fodbold og pigerne hepper: K\u00f8nsopdeling m\u00f8der skarp kritik http:\/\/www.dr.dk\/Nyheder\/Indland\/2012\/10\/15\/165720.htm?rss=true \u00c5 naj dov. En enstitusjon har en laj som er k\u00f8nsopdelt. Lissom d\u00e6ngang vi lajede pierne \u00e6fter drengene i folkeskolens 0. klasse. Dette var d\u00e6r vest engen som to skade a. Et opslag p\u00e5 en tavle i en unavngiven b\u00f8rneinstitution inviterer til fodboldturnering. Drengene [&hellip;]<\/p>\n","protected":false},"author":4,"featured_media":0,"comment_status":"open","ping_status":"open","sticky":false,"template":"","format":"standard","meta":{"footnotes":""},"categories":[1],"tags":[],"class_list":["post-2719","post","type-post","status-publish","format-standard","hentry","category-uncategorized"],"_links":{"self":[{"href":"https:\/\/emilkirkegaard.dk\/da\/index.php?rest_route=\/wp\/v2\/posts\/2719","targetHints":{"allow":["GET"]}}],"collection":[{"href":"https:\/\/emilkirkegaard.dk\/da\/index.php?rest_route=\/wp\/v2\/posts"}],"about":[{"href":"https:\/\/emilkirkegaard.dk\/da\/index.php?rest_route=\/wp\/v2\/types\/post"}],"author":[{"embeddable":true,"href":"https:\/\/emilkirkegaard.dk\/da\/index.php?rest_route=\/wp\/v2\/users\/4"}],"replies":[{"embeddable":true,"href":"https:\/\/emilkirkegaard.dk\/da\/index.php?rest_route=%2Fwp%2Fv2%2Fcomments&post=2719"}],"version-history":[{"count":1,"href":"https:\/\/emilkirkegaard.dk\/da\/index.php?rest_route=\/wp\/v2\/posts\/2719\/revisions"}],"predecessor-version":[{"id":2720,"href":"https:\/\/emilkirkegaard.dk\/da\/index.php?rest_route=\/wp\/v2\/posts\/2719\/revisions\/2720"}],"wp:attachment":[{"href":"https:\/\/emilkirkegaard.dk\/da\/index.php?rest_route=%2Fwp%2Fv2%2Fmedia&parent=2719"}],"wp:term":[{"taxonomy":"category","embeddable":true,"href":"https:\/\/emilkirkegaard.dk\/da\/index.php?rest_route=%2Fwp%2Fv2%2Fcategories&post=2719"},{"taxonomy":"post_tag","embeddable":true,"href":"https:\/\/emilkirkegaard.dk\/da\/index.php?rest_route=%2Fwp%2Fv2%2Ftags&post=2719"}],"curies":[{"name":"wp","href":"https:\/\/api.w.org\/{rel}","templated":true}]}}