{"id":2736,"date":"2012-12-04T01:54:31","date_gmt":"2012-12-04T00:54:31","guid":{"rendered":"http:\/\/emilkirkegaard.dk\/da\/?p=2736"},"modified":"2012-12-04T01:55:45","modified_gmt":"2012-12-04T00:55:45","slug":"puner","status":"publish","type":"post","link":"https:\/\/emilkirkegaard.dk\/da\/?p=2736","title":{"rendered":"puner"},"content":{"rendered":"<p>[01:28:13] Emil &#8211; Deleet: \u00a755 \u201cVed lov bestemmes, at Folketinget v\u00e6lger en eller to personer, der ikke er medlemmer af Folketinget, til<br \/>\nat have indseende med statens civile og milit\u00e6re forvaltning\u201d.<\/p>\n<p>vorfor har vi ekke 2 ombudsm\u00e6nd?<br \/>\n[01:28:35] Emil &#8211; Deleet: desuden er de n\u00e5et probl\u00e9matisk at FT v\u00e6ljer sin ajne kontroll\u00f8rer&#8230;<br \/>\n[01:28:45] Emil &#8211; Deleet: folket burde nok v\u00e6lje FTs kontroll\u00f8rer<br \/>\n[01:30:51] Jens Arh\u00f8j &#8211; Strawb: Tjah<br \/>\n[01:46:39] Andreas Petri: jah egentlig<br \/>\n[01:47:11] Emil &#8211; Deleet: GRL*en er ret kompl\u00e6ks, de ville v\u00e6re sv\u00e6rt at lave en totalreform<br \/>\n[01:47:39] Andreas Petri: yeah det er jo den der ligger til&#8230; grund&#8230; for alle andre love \ud83d\ude1b<br \/>\n[01:47:46] Emil &#8211; Deleet: &#8230;<br \/>\n[01:47:55] Emil &#8211; Deleet: s\u00e5 man ska v\u00e6r \u00e6kstra&#8230; gr\u00e5ndi?<br \/>\n[01:48:02] Andreas Petri: haha \ud83d\ude00<br \/>\n[01:48:05] Jens Arh\u00f8j &#8211; Strawb: Den skal ogs\u00e5 helst v\u00e6re lovlig<br \/>\n[01:48:08] Emil &#8211; Deleet: wat<br \/>\n[01:48:15] Jens Arh\u00f8j &#8211; Strawb: Ellers g\u00e5r vi til grunde<br \/>\n[01:48:16] Emil &#8211; Deleet: self-consistent?<br \/>\n[01:48:20] Emil &#8211; Deleet: oh god<br \/>\n[01:48:41] Emil &#8211; Deleet: jaj tror nu at din fr\u00f8gt er &#8230; gr\u00e5ndl\u00f8s&#8230;<br \/>\n[01:49:16] Emil &#8211; Deleet: \u00e6llers, s\u00e5 m\u00e5 du komme m\u00e6d en go be&#8230;gr\u00e5ndelse&#8230;<br \/>\n[01:49:37] Jens Arh\u00f8j &#8211; Strawb: Nej nej, jeg har unders\u00f8gt hvad der ligger til&#8230;.grunde&#8230;for min frygt<br \/>\n[01:50:21 ] Emil &#8211; Deleet: s\u00e5 m\u00e5 vi h\u00e5be at d\u00e6n holder vand, s\u00e5 de ek FOS&#8217;er ud&#8230; [advanced pun]<br \/>\n[01:50:49] Jens Arh\u00f8j &#8211; Strawb: Ellers kunne det jo v\u00e6re det siver ned i&#8230;grund&#8230;vandet<br \/>\n[01:50:52] Emil &#8211; Deleet: &#8230;<br \/>\n[01:52:05] Emil &#8211; Deleet: i de mendste ka de ek komme l\u00e6ngere ned, dvs. at de m\u00e5sk\u00e9 er en id\u00e9 at starte m\u00e6d at bygge sit &#8230; gr\u00e5nd&#8230;la d\u00e6r&#8230;<\/p>\n<p>&nbsp;<\/p>\n<p>&#8211;<\/p>\n<p>&nbsp;<\/p>\n<p>[01:08:28] Emil &#8211; Deleet: dolan.jpg<br \/>\n[01:08:30] Emil &#8211; Deleet: (.exe)<br \/>\n[01:08:35] Jens Arh\u00f8j &#8211; Strawb: .swf<br \/>\n[01:08:42] Emil &#8211; Deleet: .js<br \/>\n[01:08:47] Jens Arh\u00f8j &#8211; Strawb: .bat<br \/>\n[01:08:53] Emil &#8211; Deleet: m\u00e6rkeli fil<br \/>\n[01:10:33 ] Emil &#8211; Deleet: en flavermusefil i en stammefolksskreftspr\u00e5vsfil i en blitsfil i en h\u00e6ndretnengsfil i en malerifil&#8230;.<\/p>\n<p>&nbsp;<\/p>\n<p>&#8211;<\/p>\n<p>&nbsp;<\/p>\n<p>[01:55:11] Emil &#8211; Deleet: ves man laver puns p\u00e5 valer&#8230; ska man s\u00e5 sie at man har puner?<\/p>\n<p>&nbsp;<\/p>\n<p>&#8211;<\/p>\n<p>&nbsp;<\/p>\n<p>&nbsp;<\/p>\n","protected":false},"excerpt":{"rendered":"<p>[01:28:13] Emil &#8211; Deleet: \u00a755 \u201cVed lov bestemmes, at Folketinget v\u00e6lger en eller to personer, der ikke er medlemmer af Folketinget, til at have indseende med statens civile og milit\u00e6re forvaltning\u201d. vorfor har vi ekke 2 ombudsm\u00e6nd? [01:28:35] Emil &#8211; Deleet: desuden er de n\u00e5et probl\u00e9matisk at FT v\u00e6ljer sin ajne kontroll\u00f8rer&#8230; [01:28:45] Emil &#8211; [&hellip;]<\/p>\n","protected":false},"author":4,"featured_media":0,"comment_status":"open","ping_status":"open","sticky":false,"template":"","format":"standard","meta":{"footnotes":""},"categories":[5,9],"tags":[],"class_list":["post-2736","post","type-post","status-publish","format-standard","hentry","category-dialoger","category-humor"],"_links":{"self":[{"href":"https:\/\/emilkirkegaard.dk\/da\/index.php?rest_route=\/wp\/v2\/posts\/2736","targetHints":{"allow":["GET"]}}],"collection":[{"href":"https:\/\/emilkirkegaard.dk\/da\/index.php?rest_route=\/wp\/v2\/posts"}],"about":[{"href":"https:\/\/emilkirkegaard.dk\/da\/index.php?rest_route=\/wp\/v2\/types\/post"}],"author":[{"embeddable":true,"href":"https:\/\/emilkirkegaard.dk\/da\/index.php?rest_route=\/wp\/v2\/users\/4"}],"replies":[{"embeddable":true,"href":"https:\/\/emilkirkegaard.dk\/da\/index.php?rest_route=%2Fwp%2Fv2%2Fcomments&post=2736"}],"version-history":[{"count":3,"href":"https:\/\/emilkirkegaard.dk\/da\/index.php?rest_route=\/wp\/v2\/posts\/2736\/revisions"}],"predecessor-version":[{"id":2738,"href":"https:\/\/emilkirkegaard.dk\/da\/index.php?rest_route=\/wp\/v2\/posts\/2736\/revisions\/2738"}],"wp:attachment":[{"href":"https:\/\/emilkirkegaard.dk\/da\/index.php?rest_route=%2Fwp%2Fv2%2Fmedia&parent=2736"}],"wp:term":[{"taxonomy":"category","embeddable":true,"href":"https:\/\/emilkirkegaard.dk\/da\/index.php?rest_route=%2Fwp%2Fv2%2Fcategories&post=2736"},{"taxonomy":"post_tag","embeddable":true,"href":"https:\/\/emilkirkegaard.dk\/da\/index.php?rest_route=%2Fwp%2Fv2%2Ftags&post=2736"}],"curies":[{"name":"wp","href":"https:\/\/api.w.org\/{rel}","templated":true}]}}