{"id":2756,"date":"2012-12-21T03:00:28","date_gmt":"2012-12-21T02:00:28","guid":{"rendered":"http:\/\/emilkirkegaard.dk\/da\/?p=2756"},"modified":"2012-12-21T03:00:28","modified_gmt":"2012-12-21T02:00:28","slug":"nyhederkommentarer-21-12-12","status":"publish","type":"post","link":"https:\/\/emilkirkegaard.dk\/da\/?p=2756","title":{"rendered":"Nyh\u00e9der+kommentarer 21-12-12"},"content":{"rendered":"<p><a href=\"http:\/\/politiken.dk\/uddannelse\/ECE1839202\/rapporter-regeringens-flere-timer-goer-ikke-eleverne-dygtigere\/\">http:\/\/politiken.dk\/uddannelse\/ECE1839202\/rapporter-regeringens-flere-timer-goer-ikke-eleverne-dygtigere\/<\/a><\/p>\n<p><a href=\"http:\/\/politiken.dk\/politik\/ECE1839498\/thorning-afviser-eksperter-flere-skoletimer-er-sund-fornuft\/\">http:\/\/politiken.dk\/politik\/ECE1839498\/thorning-afviser-eksperter-flere-skoletimer-er-sund-fornuft\/<\/a><\/p>\n<p><a href=\"http:\/\/politiken.dk\/uddannelse\/ECE1839773\/antorini-slaar-fast-selvfoelgelig-betyder-flere-timer-noget\/\">http:\/\/politiken.dk\/uddannelse\/ECE1839773\/antorini-slaar-fast-selvfoelgelig-betyder-flere-timer-noget\/<\/a><\/p>\n<p>&nbsp;<\/p>\n<p>mere antievid\u00e6nsbas\u00e9ret politik<\/p>\n<p>&nbsp;<\/p>\n<p>&nbsp;<\/p>\n<p>di penge man ek bruer p\u00e5 en\u00e6ffektiv ov dyre id\u00e9er et st\u00e6d, ka jo brues p\u00e5 andre st\u00e6der, som fx vajn\u00e6ttet: <a href=\"http:\/\/www.dr.dk\/Nyheder\/Politik\/2012\/12\/11\/163216.htm?rss=true\">http:\/\/www.dr.dk\/Nyheder\/Politik\/2012\/12\/11\/163216.htm?rss=true<\/a><\/p>\n<p>&nbsp;<\/p>\n<p>&nbsp;<\/p>\n<p>Antorini er osse telsyneladende blank slatist<\/p>\n<p>&nbsp;<\/p>\n<p><span style=\"color: #800000;\"><em>Antorini, hvorfor skal man lave en omfattende reform af folkeskolen, hvis vi allerede har nogle af verdens dygtigste elever?<\/em><\/span><\/p>\n<p><span style=\"color: #800000;\">\u00bbFordi vi jo desv\u00e6rre stadigv\u00e6k kan se, at der er mellem 15 og 17 procent eleverne, der forlader folkeskolen uden at kunne l\u00e6se og regne tilstr\u00e6kkeligt. Vi kan se, at den sociale arv stadig sl\u00e5r alt for tydeligt igennem, vi kan se, at vi ikke er gode nok til at l\u00f8fte de tosprogede elever, og s\u00e5 mister vi flere og flere drenge. Omdrejningspunktet for vores udspil er jo at g\u00f8re en god skole bedre\u00ab, siger undervisningsminister Christine Antorini. <\/span><\/p>\n<p>&nbsp;<\/p>\n<p>d\u00e6n genetiske arv blir ek n\u00e6vnt.<\/p>\n<p>&nbsp;<\/p>\n<p>&#8211;<\/p>\n<p>&nbsp;<\/p>\n<p><a href=\"http:\/\/www.dr.dk\/Nyheder\/Politik\/2012\/12\/11\/083320.htm?rss=true\">http:\/\/www.dr.dk\/Nyheder\/Politik\/2012\/12\/11\/083320.htm?rss=true<\/a><\/p>\n<p>&nbsp;<\/p>\n<p>haha!<\/p>\n<p>&nbsp;<\/p>\n<p>&#8211;<\/p>\n<p>&nbsp;<\/p>\n<p><a href=\"http:\/\/nyhederne.tv2.dk\/article.php\/id-61399099:narkod\u00f8mte-fri-efter-fejl-i-retten.html?rss\">http:\/\/nyhederne.tv2.dk\/article.php\/id-61399099:narkod%C3%B8mte-fri-efter-fejl-i-retten.html?rss<\/a><\/p>\n<p>&nbsp;<\/p>\n<p><span style=\"color: #800000;\">If\u00f8lge terrorbestemmelserne kan anklagemyndigheden forlange at dele af dets materiale bliver holdt tilbage for forsvarerne. Selv om bestemmelsen er en del af terrorlovgivningen bruges den nu p\u00e5 flere omr\u00e5der &#8211; og alts\u00e5 ogs\u00e5 i denne sag om narko.<\/span><\/p>\n<p>&nbsp;<\/p>\n<p>terrorloven br\u00e5gt tel.. ekke terror<\/p>\n<p>&nbsp;<\/p>\n<p>&#8211;<\/p>\n<p>&nbsp;<\/p>\n<p><a href=\"http:\/\/www.information.dk\/319601\">http:\/\/www.information.dk\/319601<\/a><\/p>\n<p>&nbsp;<\/p>\n<p>mja<\/p>\n<p>&nbsp;<\/p>\n<p>&#8211;<\/p>\n<p>&nbsp;<\/p>\n<p><a href=\"http:\/\/www.b.dk\/globalt\/ateister-risikerer-doedsstraf-i-flere-lande\">http:\/\/www.b.dk\/globalt\/ateister-risikerer-doedsstraf-i-flere-lande<\/a><\/p>\n<p>&nbsp;<\/p>\n<p>de gir ek s\u00e5 majet meneng at forf\u00f8lje di smarteste personer&#8230;<\/p>\n<p>&nbsp;<\/p>\n<p>&#8211;<\/p>\n<p>&nbsp;<\/p>\n<p><a href=\"http:\/\/politiken.dk\/sport\/fodbold\/ECE1839089\/platini-staar-fast-uefa-er-imod-maallinjeteknologi\/\">http:\/\/politiken.dk\/sport\/fodbold\/ECE1839089\/platini-staar-fast-uefa-er-imod-maallinjeteknologi\/<\/a><\/p>\n<p><a href=\"http:\/\/politiken.dk\/sport\/fodbold\/ECE1840600\/dbu-bakker-op-om-uefas-nej-til-maallinjeteknologi\/\">http:\/\/politiken.dk\/sport\/fodbold\/ECE1840600\/dbu-bakker-op-om-uefas-nej-til-maallinjeteknologi\/<\/a><\/p>\n<p>&nbsp;<\/p>\n<p>fail.<\/p>\n<p>&nbsp;<\/p>\n<p>&#8211;<\/p>\n<p>&nbsp;<\/p>\n<p><a href=\"http:\/\/www.information.dk\/319683\">http:\/\/www.information.dk\/319683<\/a><\/p>\n<p>&nbsp;<\/p>\n<p><span style=\"color: #800000;\">Juristen og den ufagl\u00e6rte arbejder har formelt lige adgang til sundhed. Alligevel lever den ene ti \u00e5r l\u00e6ngere end den anden og har bedre chancer for at overleve samme sygdom. Hvis vi skal g\u00f8re op med uligheden i danskernes sundhed, kr\u00e6ver det politisk handling og et fokus p\u00e5, hvad der skaber uligheden<\/span><\/p>\n<p>&nbsp;<\/p>\n<p>lih\u00e9dskompl\u00e6kset er klar ig\u00e6n. anyway, sir hun faktisk at vi ska ha mer fokus p\u00e5 GENER? de er jo d\u00e6m som skaber ulih\u00e9den.<\/p>\n<p>&nbsp;<\/p>\n<p align=\"LEFT\">\u00e5, ves vi dov bar ku g\u00f8re folk <a href=\"https:\/\/en.wikipedia.org\/wiki\/Clone\">helt ens genetisk set<\/a>!<\/p>\n<p align=\"LEFT\">\n<p align=\"LEFT\">&#8211;<\/p>\n<p align=\"LEFT\">\n<p align=\"LEFT\"><a href=\"http:\/\/www.180grader.dk\/Politik\/israels-ambassadr-advarer-jder-mod-overfald-politiet-der-er-omrder-hvor-de-bare-ikke-br-komme\">http:\/\/www.180grader.dk\/Politik\/israels-ambassadr-advarer-jder-mod-overfald-politiet-der-er-omrder-hvor-de-bare-ikke-br-komme<\/a><\/p>\n<p align=\"LEFT\">\n<p align=\"LEFT\"><span style=\"color: #800000;\">Skrevet af <\/span><a href=\"http:\/\/www.180grader.dk\/profil\/TroelsHansen\">TroelsHansen<\/a><span style=\"color: #800000;\"> 6 timer og 13 minutter siden &#8211; <\/span><a href=\"http:\/\/www.180grader.dk\/Politik\/israels-ambassadr-advarer-jder-mod-overfald-politiet-der-er-omrder-hvor-de-bare-ikke-br-komme#c477650\"><span style=\"color: #800000;\"><span style=\"font-size: small;\">Direkte link<\/span><\/span><\/a><\/p>\n<div id=\"wholecomment477650\" dir=\"LTR\">\n<p><a name=\"comment_content-477650\"><\/a><span style=\"color: #800000;\">Ja, det er tankev\u00e6kkende at det snart er farligere at v\u00e6re j\u00f8de i Danmark idag, end det var under den tyske bes\u00e6ttelse&#8230;.<\/span><\/p>\n<\/div>\n<p><a name=\"c477656\"><\/a><\/p>\n<p><span style=\"color: #800000;\"><img loading=\"lazy\" decoding=\"async\" src=\"http:\/\/static.180grader.dk\/avatars\/Gravatar_15.gif\" alt=\"\" name=\"graphics1\" width=\"15\" height=\"15\" align=\"TOP\" border=\"0\" \/> Skrevet af <\/span><a href=\"http:\/\/www.180grader.dk\/profil\/davidk\">Alex Damgaard<\/a><span style=\"color: #800000;\"> 6 timer og 1 minut siden &#8211; <\/span><a href=\"http:\/\/www.180grader.dk\/Politik\/israels-ambassadr-advarer-jder-mod-overfald-politiet-der-er-omrder-hvor-de-bare-ikke-br-komme#c477656\"><span style=\"color: #800000;\"><span style=\"font-size: small;\">Direkte link<\/span><\/span><\/a><\/p>\n<div id=\"wholecomment477656\" dir=\"LTR\">\n<p><a name=\"comment_content-477656\"><\/a><span style=\"color: #800000;\">Det er i hvert fald ikke l\u00e6ngere en mulighed at blive sejlet til Sverige.<\/span><\/p>\n<\/div>\n<p align=\"LEFT\">\n<p align=\"LEFT\">right about that&#8230;<\/p>\n<p align=\"LEFT\">\n<p align=\"LEFT\">&#8211;<\/p>\n<p align=\"LEFT\">\n<p align=\"LEFT\"><a href=\"http:\/\/www.180grader.dk\/Udland\/nyt-fra-feministernes-paradis-knsneutral-snerydning\">http:\/\/www.180grader.dk\/Udland\/nyt-fra-feministernes-paradis-knsneutral-snerydning<\/a><\/p>\n<p align=\"LEFT\">\n<p align=\"LEFT\">wtf<\/p>\n<p align=\"LEFT\">\n<p align=\"LEFT\">&#8211;<\/p>\n<p align=\"LEFT\">\n<p align=\"LEFT\"><a href=\"http:\/\/ekstrabladet.dk\/nyheder\/politik\/danskpolitik\/article1882241.ece\">http:\/\/ekstrabladet.dk\/nyheder\/politik\/danskpolitik\/article1882241.ece<\/a><\/p>\n<p align=\"LEFT\">\n<p align=\"LEFT\">sekke en tard. en l\u00e6rreddragt??? <a href=\"https:\/\/en.wikipedia.org\/wiki\/Canvas\">https:\/\/en.wikipedia.org\/wiki\/Canvas<\/a><\/p>\n<p align=\"LEFT\">\n<p align=\"LEFT\">&#8211;<\/p>\n<p align=\"LEFT\">\n<p align=\"LEFT\"><a href=\"http:\/\/www.manfo.dk\/node\/115\">http:\/\/www.manfo.dk\/node\/115<\/a><\/p>\n<p align=\"LEFT\">\n<p align=\"LEFT\">CRAAAAZY<\/p>\n<p align=\"LEFT\">\n<p align=\"LEFT\">&#8211;<\/p>\n<p align=\"LEFT\">\n<p><a href=\"http:\/\/www.b.dk\/satiren\/min-intimsfaere-vedkommer-alle\">http:\/\/www.b.dk\/satiren\/min-intimsfaere-vedkommer-alle<\/a><\/p>\n<p><span style=\"color: #800000;\">Ellas v\u00e6ltede havregr\u00f8d fik mig ogs\u00e5 til at reflektere over forholdet til min k\u00e6reste, Sten, og de utallige myter, fordomme og heteronormative barrierer, der befinder sig omkring os. Jeg f\u00f8lte nemlig, at han forventede, at jeg t\u00f8rrede havregr\u00f8den op, hvilket siger utrolig meget om kvinders pr\u00e6stationsangst og det implicitte glasloft i bestyrelses- og havregr\u00f8dsproblematikker. <\/span><\/p>\n<p>&nbsp;<\/p>\n<p align=\"JUSTIFY\">wtf am i reading<\/p>\n<p align=\"JUSTIFY\">\n<p align=\"JUSTIFY\">&#8211;<\/p>\n<p align=\"JUSTIFY\">\n<p align=\"JUSTIFY\"><a href=\"http:\/\/jyllands-posten.dk\/politik\/article4949997.ece\">http:\/\/jyllands-posten.dk\/politik\/article4949997.ece<\/a><\/p>\n<p align=\"JUSTIFY\">Konservativ: Fjern alt velf\u00e6rd<\/p>\n<p align=\"JUSTIFY\">\n<p align=\"JUSTIFY\">&#8211;<\/p>\n<p align=\"JUSTIFY\">\n<p align=\"JUSTIFY\"><a href=\"http:\/\/videnskab.dk\/sporg-videnskaben\/gem-til-bogudgivelse-i-november-hvorfor-er-maend-klogere-end-kvinder#comment-39642\">http:\/\/videnskab.dk\/sporg-videnskaben\/gem-til-bogudgivelse-i-november-hvorfor-er-maend-klogere-end-kvinder#comment-39642<\/a><\/p>\n<p align=\"JUSTIFY\">\n<p align=\"JUSTIFY\">d\u00e5rli artikel, se osse min kommentar<\/p>\n<p align=\"JUSTIFY\">\n<p align=\"JUSTIFY\">&#8211;<\/p>\n<p align=\"JUSTIFY\">\n<p align=\"JUSTIFY\"><a href=\"http:\/\/punditokraterne.dk\/2012\/11\/28\/hov-det-var-ikke-det-lovgiver-mente\/\">http:\/\/punditokraterne.dk\/2012\/11\/28\/hov-det-var-ikke-det-lovgiver-mente\/<\/a><\/p>\n<p align=\"JUSTIFY\">\n<p align=\"JUSTIFY\">de p\u00e6jper er nok v\u00e6rd at l\u00e6se<\/p>\n<p align=\"JUSTIFY\">\n<p align=\"JUSTIFY\">&#8211;<\/p>\n<p align=\"JUSTIFY\">\n<p align=\"JUSTIFY\"><a href=\"http:\/\/politiken.dk\/indland\/ECE1842632\/optaelling-fra-landets-stoerste-foedested-hver-sjette-aboterede-foster-var-i-live\/\">http:\/\/politiken.dk\/indland\/ECE1842632\/optaelling-fra-landets-stoerste-foedested-hver-sjette-aboterede-foster-var-i-live\/<\/a><\/p>\n<p align=\"JUSTIFY\">\n<p align=\"JUSTIFY\">&#8211;<\/p>\n<p align=\"JUSTIFY\">\n<p align=\"JUSTIFY\"><a href=\"http:\/\/politiken.dk\/tjek\/sundhedogmotion\/familieliv\/ECE1807282\/unge-kvinder-dropper-babydroemmen-efter-besoeg-fra-robotbaby\/\">http:\/\/politiken.dk\/tjek\/sundhedogmotion\/familieliv\/ECE1807282\/unge-kvinder-dropper-babydroemmen-efter-besoeg-fra-robotbaby\/<\/a><\/p>\n<p align=\"JUSTIFY\">\n<p align=\"JUSTIFY\"><span style=\"color: #800000;\">Her tilbyder de unge ned til 15-\u00e5rsalderen at f\u00e5 bes\u00f8g af en robotbaby. Og mere end ni ud af ti dropper dr\u00f8mmen om en baby, siger sundhedsplejerske og familieterapeut i Babysimulatorteamet i Svendborg, Jette Schaarup i dagens udgave af Berlingske. <\/span><\/p>\n<p align=\"JUSTIFY\"><span style=\"color: #800000;\">[&#8230;]<\/span><\/p>\n<p align=\"JUSTIFY\"><span style=\"color: #800000;\">Jette Schaarup underviser ligeledes andre sundhedsplejersker i brugen af robotbabyen, og hun forklarer, at de unge, der har taget imod tilbuddet, oftest har en del ting i bagagen. <\/span><\/p>\n<p><span style=\"color: #800000;\">\u00bbOmsorgssvigt, brud i familien eller psykiske problematikker. Med de tiltagende krav til uddannelse og job, som er vanskelige for de s\u00e5rbare unge, rykker dr\u00f8mmen om barnet endnu t\u00e6ttere. For kan man ikke blive andet, kan man da blive mor eller far\u00ab, siger hun. <\/span><\/p>\n<p align=\"JUSTIFY\">\n<p align=\"JUSTIFY\">hurra for \u00f8vgenik! de er jo prim\u00e6rt d\u00e5mme pier som v\u00e6ljer at f\u00e5 b\u00f8rn i d\u00e6n alder.<\/p>\n<p align=\"JUSTIFY\">\n<p align=\"JUSTIFY\">&#8211;<\/p>\n<p align=\"JUSTIFY\">\n<p align=\"JUSTIFY\"><a href=\"http:\/\/politiken.dk\/indland\/ECE1842576\/firmaer-staar-i-koe-for-at-foere-retssager-for-staten\/\">http:\/\/politiken.dk\/indland\/ECE1842576\/firmaer-staar-i-koe-for-at-foere-retssager-for-staten\/<\/a><\/p>\n<p align=\"JUSTIFY\">tid tel f\u00e6rre monopoler?!<\/p>\n<p align=\"JUSTIFY\">\n<p align=\"JUSTIFY\">&#8211;<\/p>\n<p align=\"JUSTIFY\">\n<p align=\"JUSTIFY\"><a href=\"http:\/\/www.b.dk\/politiko\/flertal-uden-om-regeringen-siger-nej-til-eus-kvindekvoter\">http:\/\/www.b.dk\/politiko\/flertal-uden-om-regeringen-siger-nej-til-eus-kvindekvoter<\/a><\/p>\n<p align=\"JUSTIFY\">\n<p align=\"JUSTIFY\">hurra!<\/p>\n<p align=\"JUSTIFY\">\n<p align=\"JUSTIFY\">&#8211;<\/p>\n<p align=\"JUSTIFY\">\n<p align=\"JUSTIFY\"><a href=\"http:\/\/jyllands-posten.dk\/aarhus\/article4945402.ece\">http:\/\/jyllands-posten.dk\/aarhus\/article4945402.ece<\/a><\/p>\n<p align=\"JUSTIFY\">n\u00e5<\/p>\n<p align=\"JUSTIFY\">\n<p align=\"JUSTIFY\">&#8211;<\/p>\n<p align=\"JUSTIFY\">\n<p align=\"JUSTIFY\"><a href=\"http:\/\/www.180grader.dk\/Politik\/guide-til-at-blive-rd-mf-er\">http:\/\/www.180grader.dk\/Politik\/guide-til-at-blive-rd-mf-er<\/a><\/p>\n<p align=\"JUSTIFY\">\n<p align=\"JUSTIFY\">p\u00e6nt sjov \ud83d\ude00<\/p>\n<p align=\"JUSTIFY\">\n<p align=\"JUSTIFY\">&#8211;<\/p>\n<p align=\"JUSTIFY\">\n<p align=\"JUSTIFY\"><a href=\"http:\/\/www.180grader.dk\/Krimi\/fn-pisser-p-ytringsfriheden\">http:\/\/www.180grader.dk\/Krimi\/fn-pisser-p-ytringsfriheden<\/a><\/p>\n<p align=\"JUSTIFY\">\n<p align=\"JUSTIFY\">&#8230;<\/p>\n<p align=\"JUSTIFY\">\n<p align=\"JUSTIFY\">&#8211;<\/p>\n<p align=\"JUSTIFY\">\n<p align=\"JUSTIFY\"><a href=\"http:\/\/www.180grader.dk\/Indenfor\/vi-tager-det-hele\">http:\/\/www.180grader.dk\/Indenfor\/vi-tager-det-hele<\/a><\/p>\n<p align=\"JUSTIFY\">\n<p align=\"JUSTIFY\">HAHAHA!<\/p>\n<p align=\"JUSTIFY\">\n<p align=\"JUSTIFY\">&#8211;<\/p>\n<p align=\"JUSTIFY\">\n<p align=\"JUSTIFY\"><a href=\"http:\/\/politiken.dk\/udland\/ECE1845901\/svensk-kvinde-doemt-for-at-samle-paa-skeletter\/\">http:\/\/politiken.dk\/udland\/ECE1845901\/svensk-kvinde-doemt-for-at-samle-paa-skeletter\/<\/a><\/p>\n<p align=\"JUSTIFY\">\n<p align=\"JUSTIFY\">hendes forbrydelse lyder mest tel at v\u00e6re s\u00e6rlie akademiske enterasser, m\u00e6n de er jo fint nok. nekrofili er v\u00e6l som s\u00e5dan ek ulovlit.<\/p>\n<p align=\"JUSTIFY\">\n<p align=\"JUSTIFY\">also <a href=\"http:\/\/img.chan4chan.com\/img\/2009-04-13\/skullfuck.jpg\">http:\/\/img.chan4chan.com\/img\/2009-04-13\/skullfuck.jpg<\/a><\/p>\n<p align=\"JUSTIFY\">\n<p align=\"JUSTIFY\">&#8211;<\/p>\n<p align=\"JUSTIFY\">\n<p align=\"JUSTIFY\"><a href=\"http:\/\/politiken.dk\/indland\/ECE1845863\/75-aarig-skal-14-aar-i-faengsel-for-at-have-draebt-rival\/\">http:\/\/politiken.dk\/indland\/ECE1845863\/75-aarig-skal-14-aar-i-faengsel-for-at-have-draebt-rival\/<\/a><\/p>\n<p align=\"JUSTIFY\">\n<p align=\"JUSTIFY\"><span style=\"color: #800000;\">Han havde nemlig forud for bes\u00f8get hos ekskonen og rivalen siddet i sin bil og drukket \u00f8l, mens han ventede p\u00e5 at g\u00f8re k\u00e5l p\u00e5 en r\u00e6v. <\/span><\/p>\n<p align=\"JUSTIFY\">\n<p>dat idiom<\/p>\n<p>&#8211;<\/p>\n<p><a href=\"http:\/\/nyhederne.tv2.dk\/article.php\/id-61698568:sex-p\u00e5-job-kvinde-fik-arbejdskade.html?rss\">http:\/\/nyhederne.tv2.dk\/article.php\/id-61698568:sex-p%C3%A5-job-kvinde-fik-arbejdskade.html?rss<\/a><\/p>\n<p>wat<\/p>\n<p>&#8211;<\/p>\n<p><a href=\"http:\/\/jyllands-posten.dk\/indland\/trafik\/article4951749.ece\">http:\/\/jyllands-posten.dk\/indland\/trafik\/article4951749.ece<\/a><\/p>\n<p>lyder besv\u00e6rlit, m\u00e6n de g\u00e5r da i retneng a at regerengen overholder sit vall\u00f8fte<\/p>\n<p>&#8211;<\/p>\n<p><a href=\"http:\/\/jyllands-posten.dk\/rejser\/article4951192.ece\">http:\/\/jyllands-posten.dk\/rejser\/article4951192.ece<\/a><\/p>\n<p>lol<\/p>\n<p>&#8211;<\/p>\n<p><a href=\"http:\/\/www.information.dk\/320196#comment-716123\">http:\/\/www.information.dk\/320196#comment-716123<\/a><\/p>\n<p><span style=\"color: #800000;\">&gt;Jo flere b\u00f8ger, desto dygtigere b\u00f8rn<\/span><\/p>\n<p>gab, jaj husker godt sidste gang jaj l\u00e6ste s\u00e5dan en \u00e5nders\u00f8else.. engen kontrol for IQ, verken barnets \u00e6ller for\u00e6ldrenes.<\/p>\n<p>&#8211;<\/p>\n<p><a href=\"http:\/\/www.180grader.dk\/Politik\/private-organisationer-er-meget-bedre-til-godgrenhed-end-staten-hit-amp-run-reason-com#c481059\">http:\/\/www.180grader.dk\/Politik\/private-organisationer-er-meget-bedre-til-godgrenhed-end-staten-hit-amp-run-reason-com#c481059<\/a><\/p>\n<p>&#8211;<\/p>\n<p><a href=\"http:\/\/www.180grader.dk\/Krimi\/sort-pige-klippet-ud-af-kendt-juleklassiker\">http:\/\/www.180grader.dk\/Krimi\/sort-pige-klippet-ud-af-kendt-juleklassiker<\/a><\/p>\n<p>&#8211;<\/p>\n<p><a href=\"http:\/\/www.180grader.dk\/Politik\/medicinsk-rapport-afslrer-nye-beviser-p-omfattende-befolkningsudskiftning-i-frankrig#c481170\">http:\/\/www.180grader.dk\/Politik\/medicinsk-rapport-afslrer-nye-beviser-p-omfattende-befolkningsudskiftning-i-frankrig#c481170<\/a><\/p>\n<blockquote><p><span style=\"color: #800000;\">&#8220;Ethnic and religious statistics are banned in France, so those curious about how fast the French are losing their country to the invaders have to approach the matter indirectly. One marker of demographic replacement is the proportion of the population considered at risk of developing sickle-cell disease, since this concerns mainly &#8220;people originating in the Antilles, sub-Saharan Africa but also North Africa.&#8221;<\/p>\n<p>The graphic shows the proportion of new-born babies considered at risk of developing sickle-cell disease in France. In the Paris region, we see that a shocking 60% of births are now to non-Europeans! In 2005, the comparable figure was &#8220;only&#8221; 54%, so France&#8217;s genocide by substitution is proceeding at a galloping pace. As the image shows, Marseilles and the South of France generally form additional &#8220;blackspots&#8221;, but no part of the country is untouched by the alien presence. Of course, in France, these non-Europeans are overwhelmingly Muslim.&#8221;<\/span><\/p><\/blockquote>\n<p>tallene ser ud tel at v\u00e6re legit.<\/p>\n<p><a href=\"https:\/\/en.wikipedia.org\/wiki\/Sickle-cell_disease#France\">https:\/\/en.wikipedia.org\/wiki\/Sickle-cell_disease#France<\/a><\/p>\n<p>&#8211;<\/p>\n<p><a href=\"http:\/\/denkorteavis.dk\/2012\/verdensfjern-islamforsker-overrasket-over-islamister\/\">http:\/\/denkorteavis.dk\/2012\/verdensfjern-islamforsker-overrasket-over-islamister\/<\/a><\/p>\n<p>danske sokalaff\u00e6rer?!<\/p>\n<p>&#8211;<\/p>\n<p><a href=\"http:\/\/www.dr.dk\/Nyheder\/Indland\/2012\/12\/18\/1218154452.htm?rss=true\">http:\/\/www.dr.dk\/Nyheder\/Indland\/2012\/12\/18\/1218154452.htm?rss=true<\/a><\/p>\n<p>&#8211;<\/p>\n<p><a href=\"http:\/\/www.180grader.dk\/Udland\/gteborg-svenske-medier-skjuler-indvandreres-amoklb\">http:\/\/www.180grader.dk\/Udland\/gteborg-svenske-medier-skjuler-indvandreres-amoklb<\/a><\/p>\n<p>&#8211;<\/p>\n<p><a href=\"http:\/\/www.180grader.dk\/Politik\/stor-respekt-for-danskerne-i-sverige\">http:\/\/www.180grader.dk\/Politik\/stor-respekt-for-danskerne-i-sverige<\/a><\/p>\n<p>&#8211;<\/p>\n<p><a href=\"http:\/\/ekstrabladet.dk\/vrangen\/article1887315.ece\">http:\/\/ekstrabladet.dk\/vrangen\/article1887315.ece<\/a><\/p>\n<p>wat<\/p>\n<p>&#8211;<\/p>\n<p><a href=\"http:\/\/www.180grader.dk\/Politik\/svensker-fr-frtidspension-for-sin-heavy-metal-afhaengighed\">http:\/\/www.180grader.dk\/Politik\/svensker-fr-frtidspension-for-sin-heavy-metal-afhaengighed<\/a><\/p>\n<p>yes&#8230;<\/p>\n<p>&#8211;<\/p>\n<p><a href=\"http:\/\/www.180grader.dk\/Politik\/vrede-it-folk-tvinger-politikere-til-ekspertmde-om-e-valg-version2\">http:\/\/www.180grader.dk\/Politik\/vrede-it-folk-tvinger-politikere-til-ekspertmde-om-e-valg-version2<\/a><\/p>\n<p>&#8211;<\/p>\n<p><a href=\"http:\/\/www.version2.dk\/artikel\/hacker-faar-ti-aars-faengsel-hacke-scarlett-johanssons-e-mail-49490\">http:\/\/www.version2.dk\/artikel\/hacker-faar-ti-aars-faengsel-hacke-scarlett-johanssons-e-mail-49490<\/a><\/p>\n<p><span style=\"color: #800000;\">Faktisk var det ikke specielt h\u00f8jteknologisk. Ofte kunne han f\u00e5 adgang til en e-mail-konto ved at bede om at f\u00e5 passwordet nulstillet og svare p\u00e5 de \u2019hemmelige\u2019 kontrolsp\u00f8rgsm\u00e5l, ved hj\u00e6lp af offentligt tilg\u00e6ngelig information om ofret. Det var samme nemme metode, der blev brugt, da vicepr\u00e6sidentkandidat Sarah Palin fik hacket sin private Hotmail-konto under valgkampen i USA for fire \u00e5r siden.<\/span><\/p>\n<p>velket er d\u00e6rfor at jaj altid gir sluddersvar p\u00e5 s\u00e5danne.<\/p>\n<p>&#8211;<\/p>\n<p><a href=\"http:\/\/www.180grader.dk\/Politik\/lys-i-mrket-dejlige-firoozeh-bazrafkan-frifundet-for-racisme\">http:\/\/www.180grader.dk\/Politik\/lys-i-mrket-dejlige-firoozeh-bazrafkan-frifundet-for-racisme<\/a><\/p>\n<p>&#8211;<\/p>\n<p>&nbsp;<\/p>\n<p><a href=\"http:\/\/www.b.dk\/kommentarer\/risikoen-for-britisk-eu-exit-vokser\">http:\/\/www.b.dk\/kommentarer\/risikoen-for-britisk-eu-exit-vokser<\/a><\/p>\n<p>&nbsp;<\/p>\n<p>m\u00e5sk\u00e9 man ka lave en god nordisk union? evt. enkl. UK (<a href=\"http:\/\/www.bbc.co.uk\/news\/magazine-16050269\">Skotland vel gerne v\u00e6re skandinaver jo<\/a>)<\/p>\n<p>&nbsp;<\/p>\n<p>&#8211;<\/p>\n<p>&nbsp;<\/p>\n<p><a href=\"http:\/\/www.b.dk\/globalt\/julian-assange-lover-nye-afsloeringer-i-2013\">http:\/\/www.b.dk\/globalt\/julian-assange-lover-nye-afsloeringer-i-2013<\/a><\/p>\n<p>&nbsp;<\/p>\n<p>blir sp\u00e6ndende at se!<\/p>\n<p>&nbsp;<\/p>\n<p>&#8211;<\/p>\n<p>&nbsp;<\/p>\n<p>&nbsp;<\/p>\n","protected":false},"excerpt":{"rendered":"<p>http:\/\/politiken.dk\/uddannelse\/ECE1839202\/rapporter-regeringens-flere-timer-goer-ikke-eleverne-dygtigere\/ http:\/\/politiken.dk\/politik\/ECE1839498\/thorning-afviser-eksperter-flere-skoletimer-er-sund-fornuft\/ http:\/\/politiken.dk\/uddannelse\/ECE1839773\/antorini-slaar-fast-selvfoelgelig-betyder-flere-timer-noget\/ &nbsp; mere antievid\u00e6nsbas\u00e9ret politik &nbsp; &nbsp; di penge man ek bruer p\u00e5 en\u00e6ffektiv ov dyre id\u00e9er et st\u00e6d, ka jo brues p\u00e5 andre st\u00e6der, som fx vajn\u00e6ttet: http:\/\/www.dr.dk\/Nyheder\/Politik\/2012\/12\/11\/163216.htm?rss=true &nbsp; &nbsp; Antorini er osse telsyneladende blank slatist &nbsp; Antorini, hvorfor skal man lave en omfattende reform af folkeskolen, hvis vi allerede har nogle [&hellip;]<\/p>\n","protected":false},"author":4,"featured_media":0,"comment_status":"open","ping_status":"open","sticky":false,"template":"","format":"standard","meta":{"footnotes":""},"categories":[1],"tags":[],"class_list":["post-2756","post","type-post","status-publish","format-standard","hentry","category-uncategorized"],"_links":{"self":[{"href":"https:\/\/emilkirkegaard.dk\/da\/index.php?rest_route=\/wp\/v2\/posts\/2756","targetHints":{"allow":["GET"]}}],"collection":[{"href":"https:\/\/emilkirkegaard.dk\/da\/index.php?rest_route=\/wp\/v2\/posts"}],"about":[{"href":"https:\/\/emilkirkegaard.dk\/da\/index.php?rest_route=\/wp\/v2\/types\/post"}],"author":[{"embeddable":true,"href":"https:\/\/emilkirkegaard.dk\/da\/index.php?rest_route=\/wp\/v2\/users\/4"}],"replies":[{"embeddable":true,"href":"https:\/\/emilkirkegaard.dk\/da\/index.php?rest_route=%2Fwp%2Fv2%2Fcomments&post=2756"}],"version-history":[{"count":1,"href":"https:\/\/emilkirkegaard.dk\/da\/index.php?rest_route=\/wp\/v2\/posts\/2756\/revisions"}],"predecessor-version":[{"id":2757,"href":"https:\/\/emilkirkegaard.dk\/da\/index.php?rest_route=\/wp\/v2\/posts\/2756\/revisions\/2757"}],"wp:attachment":[{"href":"https:\/\/emilkirkegaard.dk\/da\/index.php?rest_route=%2Fwp%2Fv2%2Fmedia&parent=2756"}],"wp:term":[{"taxonomy":"category","embeddable":true,"href":"https:\/\/emilkirkegaard.dk\/da\/index.php?rest_route=%2Fwp%2Fv2%2Fcategories&post=2756"},{"taxonomy":"post_tag","embeddable":true,"href":"https:\/\/emilkirkegaard.dk\/da\/index.php?rest_route=%2Fwp%2Fv2%2Ftags&post=2756"}],"curies":[{"name":"wp","href":"https:\/\/api.w.org\/{rel}","templated":true}]}}